{"id":58146,"date":"2025-06-13T10:57:50","date_gmt":"2025-06-13T10:57:50","guid":{"rendered":"https:\/\/dekkbi.com\/?p=58146"},"modified":"2025-06-13T10:57:50","modified_gmt":"2025-06-13T10:57:50","slug":"cote-divoire-quelle-strategie-pour-lopposition-a-la-presidentielle","status":"publish","type":"post","link":"https:\/\/dekkbi.com\/?p=58146","title":{"rendered":"C\u00f4te d&rsquo;Ivoire: quelle strat\u00e9gie pour l&rsquo;opposition \u00e0 la pr\u00e9sidentielle?"},"content":{"rendered":"\n<p>Plan B? Candidat unique? Boycott? Plusieurs choix s&rsquo;offrent \u00e0 l&rsquo;opposition ivoirienne apr\u00e8s l&rsquo;exclusion de quatre de ses figures \u00e0 la course \u00e0 la pr\u00e9sidentielle du 25 octobre.<\/p>\n\n\n\n<p>Le pr\u00e9sident du Parti d\u00e9mocratique de C\u00f4te d&rsquo;Ivoire (PDCI, principale formation d&rsquo;opposition), Tidjane Thiam, a \u00e9t\u00e9 radi\u00e9 de la liste \u00e9lectorale en avril apr\u00e8s une d\u00e9cision de justice remettant en cause sa nationalit\u00e9 ivoirienne au moment de son inscription.<\/p>\n\n\n\n<p>L&rsquo;ex-pr\u00e9sident Laurent Gbagbo (2000-2011), son ancien bras droit Charles Bl\u00e9 Goud\u00e9 et l&rsquo;ancien Premier ministre Guillaume Soro, d\u00e9sormais en exil, sont eux aussi exclus, en raison de condamnations judiciaires.<\/p>\n\n\n\n<p>Ces exclusions ont \u00e9t\u00e9 confirm\u00e9es par la publication le 4 juin de la liste \u00e9lectorale d\u00e9finitive.<\/p>\n\n\n\n<p>Aucun de ces quatre candidats ne pourra se pr\u00e9senter \u00e0 l&rsquo;\u00e9lection pr\u00e9sidentielle, ni m\u00eame voter.<\/p>\n\n\n\n<h2 class=\"wp-block-heading\">Une r\u00e9int\u00e9gration des exclus est-elle possible ?<\/h2>\n\n\n\n<p>La r\u00e9int\u00e9gration des quatre hommes passe avant tout par une r\u00e9vision de la liste \u00e9lectorale avant la cl\u00f4ture des candidatures, le 26 ao\u00fbt.<\/p>\n\n\n\n<p>Un sc\u00e9nario balay\u00e9 par Ibrahime Kuibiert Coulibaly, le pr\u00e9sident de la Commission \u00e9lectorale ind\u00e9pendante (CEI) qui organise les \u00e9lections, jugeant le timing trop court.<\/p>\n\n\n\n<p>De plus, pour r\u00e9int\u00e9grer MM. Gbagbo, Bl\u00e9 Goud\u00e9 et Soro, il faudrait \u00e9galement qu&rsquo;une loi d&rsquo;amnistie soit vot\u00e9e par le Parlement \u00e0 leur sujet, ou prise par ordonnance par le pr\u00e9sident, afin d&rsquo;effacer leurs condamnations judiciaires.<\/p>\n\n\n\n<p>\u00ab\u00a0Dans le contexte actuel, rien n&rsquo;indique qu&rsquo;on s&rsquo;achemine vers une d\u00e9cision de cette nature\u00a0\u00bb, affirme \u00e0 l&rsquo;AFP William Assanvo, chercheur \u00e0 l&rsquo;Institut d&rsquo;\u00e9tudes et de s\u00e9curit\u00e9 (ISS).<\/p>\n\n\n\n<h2 class=\"wp-block-heading\">Thiam et Gbagbo ont-ils un plan B ?<\/h2>\n\n\n\n<figure class=\"wp-block-image\"><img decoding=\"async\" src=\"https:\/\/information.tv5monde.com\/sites\/tv5-info\/files\/styles\/entete\/public\/2025-06\/field_media_image-2930954-4509e3f951e364f490bc794f6de4e04094360d00.jpg?itok=2X28fhPn\" alt=\"L'ancien pr\u00e9sident ivoirien Laurent Gbagbo au QG de son parti \u00e0 Abidjan le 26 avril 2025\" title=\"L'ancien pr\u00e9sident ivoirien Laurent Gbagbo au QG de son parti \u00e0 Abidjan le 26 avril 2025\"\/><\/figure>\n\n\n\n<p>L&rsquo;ancien pr\u00e9sident ivoirien Laurent Gbagbo au QG de son parti \u00e0 Abidjan le 26 avril 2025<\/p>\n\n\n\n<p>AFP  &#8211; Sia KAMBOU<\/p>\n\n\n\n<p>Un sc\u00e9nario \u00e0 la s\u00e9n\u00e9galaise, o\u00f9 Ousmane Sonko emp\u00each\u00e9 de se pr\u00e9senter avait plac\u00e9 avec succ\u00e8s son dauphin Bassirou Diomaye Faye comme candidat \u00e0 la pr\u00e9sidentielle de 2024, est pour le moment exclu tant au PDCI qu&rsquo;au Parti des peuples africains &#8211; C\u00f4te d&rsquo;Ivoire (PPA-CI), la formation de M. Gbagbo.<\/p>\n\n\n\n<p>\u00ab\u00a0Gbagbo n&rsquo;a jamais imagin\u00e9 un tel sc\u00e9nario. Il fait partie de cette g\u00e9n\u00e9ration qui obstrue l&rsquo;horizon politique des jeunes de son parti\u00a0\u00bb, pointe Francis Akind\u00e8s, enseignant chercheur \u00e0 l&rsquo;universit\u00e9 de Bouak\u00e9.<\/p>\n\n\n\n<p>\u00ab\u00a0Si on met quelqu&rsquo;un d&rsquo;autre qui a une chance de l&#8217;emporter, il sera lui aussi \u00e9limin\u00e9\u00a0\u00bb, craint de son c\u00f4t\u00e9 un membre de l&rsquo;entourage de Tidjane Thiam.<\/p>\n\n\n\n<p>Et l&rsquo;id\u00e9e de se rallier \u00e0 Jean-Louis Billon, ex-ministre du Commerce, dissident du PDCI qui affirme vouloir d\u00e9fendre les couleurs du parti, n&rsquo;est pas d&rsquo;actualit\u00e9.<\/p>\n\n\n\n<p>Le pouvoir r\u00e9fute de son c\u00f4t\u00e9 toute intervention dans le processus, assurant suivre les d\u00e9cisions d&rsquo;une justice ind\u00e9pendante.<\/p>\n\n\n\n<h2 class=\"wp-block-heading\">Un boycott est-il envisageable ?<\/h2>\n\n\n\n<p>Faute de plan B, la question du boycott du scrutin par les partis dont les leaders sont exclus revient sur le devant de la sc\u00e8ne.<\/p>\n\n\n\n<p>\u00ab\u00a0Plus jamais nous ne manquerons les \u00e9lections\u00a0\u00bb, d\u00e9clarait Laurent Gbagbo en ao\u00fbt 2023.<\/p>\n\n\n\n<p>\u00ab\u00a0Les r\u00e9sultats d&rsquo;une \u00e9lection sans le PDCI ni le PPA-CI n&rsquo;auront aucune l\u00e9gitimit\u00e9\u00a0\u00bb, pr\u00e9vient la source de l&rsquo;entourage de M. Thiam.<\/p>\n\n\n\n<p>Reste la pression populaire: Laurent Gbagbo a annonc\u00e9 jeudi la cr\u00e9ation d&rsquo;un mouvement citoyen baptis\u00e9 \u00ab\u00a0Trop c&rsquo;est trop\u00a0\u00bb pour porter \u00ab\u00a0des revendications sociales fortes\u00a0\u00bb et s&rsquo;opposer \u00e0 un 4e mandat \u00e9ventuel du pr\u00e9sident Alassane Ouattara.<\/p>\n\n\n\n<p>Samedi, il avait demand\u00e9 \u00e0 ses partisans d&rsquo;\u00eatre \u00ab\u00a0pr\u00eats pour la bagarre\u00a0\u00bb. \u00ab\u00a0A un moment, il faudra qu\u2019on envahisse toutes les rues d\u2019Abidjan\u00a0\u00bb avait-il ajout\u00e9.<\/p>\n\n\n\n<p>\u00ab\u00a0Le PPA-CI a des capacit\u00e9s de mobilisation. Pour le PDCI, \u00e7a reste \u00e0 confirmer, descendre dans la rue n&rsquo;est pas dans leur culture politique\u00a0\u00bb, pointe William Assanvo.<\/p>\n\n\n\n<p>\u00ab\u00a0Ce qu&rsquo;il se passe se joue entre l&rsquo;\u00e9lite politique dont les jeunes ne se sentent pas proches\u00a0\u00bb, explique Francis Akind\u00e8s.<\/p>\n\n\n\n<h2 class=\"wp-block-heading\">L&rsquo;opposition peut-elle se rassembler derri\u00e8re un candidat unique ?<\/h2>\n\n\n\n<p>Plusieurs partis d&rsquo;opposition, dont le PDCI et le Cojep de Charles Bl\u00e9 Goud\u00e9, se sont rassembl\u00e9s au sein de la Coalition pour l&rsquo;alternance pacifique en C\u00f4te d&rsquo;Ivoire (CAP-CI).<\/p>\n\n\n\n<figure class=\"wp-block-image\"><img decoding=\"async\" src=\"https:\/\/information.tv5monde.com\/sites\/tv5-info\/files\/styles\/entete\/public\/2025-06\/field_media_image-2930955-f04dc728e6c852da005005acafdae30ebeade15f.jpg?itok=-a6JLhYf\" alt=\"L'ancienne premi\u00e8re dame ivoirienne Simone Ehivet Gbagbo en campagne le 31 mai 2025 \u00e0 Abidjan pour r\u00e9clamer des r\u00e9formes \u00e9lectorales\" title=\"L'ancienne premi\u00e8re dame ivoirienne Simone Ehivet Gbagbo en campagne le 31 mai 2025 \u00e0 Abidjan pour r\u00e9clamer des r\u00e9formes \u00e9lectorales\"\/><\/figure>\n\n\n\n<p>L&rsquo;ancienne premi\u00e8re dame ivoirienne Simone Ehivet Gbagbo en campagne le 31 mai 2025 \u00e0 Abidjan pour r\u00e9clamer des r\u00e9formes \u00e9lectorales<\/p>\n\n\n\n<p>AFP  &#8211; Sia KAMBOU<\/p>\n\n\n\n<p>Dans cette coalition, deux figures politiques sont candidates d\u00e9clar\u00e9es et \u00e9ligibles pour 2025: l&rsquo;ex-Premi\u00e8re dame Simone Ehivet Gbagbo et l&rsquo;ancien Premier ministre Pascal Affi N&rsquo;Guessan.<\/p>\n\n\n\n<p>Mais pour l&rsquo;heure les membres de la CAP-CI \u00e9ludent la possibilit\u00e9 de faire front commun derri\u00e8re un seul nom et se bornent \u00e0 r\u00e9clamer au pouvoir un dialogue politique et des r\u00e9formes \u00e9lectorales.<\/p>\n\n\n\n<p>De plus, le parti de Laurent Gbagbo &#8211; brouill\u00e9 avec son ex-femme comme avec Charles Bl\u00e9 Goud\u00e9 &#8211; ne fait pas partie de la coalition.<\/p>\n\n\n\n<p>\u00ab\u00a0Cette coalition n&rsquo;est pas une alliance \u00e9lectorale, c&rsquo;est une alliance pour demander un scrutin \u00e9quitable. Est-ce que sa nature va changer? Ca semble peu probable\u00a0\u00bb, pr\u00e9dit M. Assanvo.<\/p>\n\n\n\n<p><strong>Par Pierre DONADIEU  \u00a9 2025 AFP<\/strong><\/p>\n","protected":false},"excerpt":{"rendered":"<p>Plan B? Candidat unique? Boycott? Plusieurs choix s&rsquo;offrent \u00e0 l&rsquo;opposition ivoirienne apr\u00e8s l&rsquo;exclusion de quatre de ses figures \u00e0 la<\/p>\n","protected":false},"author":1,"featured_media":58147,"comment_status":"open","ping_status":"open","sticky":false,"template":"","format":"standard","meta":{"footnotes":""},"categories":[6],"tags":[],"class_list":["post-58146","post","type-post","status-publish","format-standard","has-post-thumbnail","hentry","category-politics"],"_links":{"self":[{"href":"https:\/\/dekkbi.com\/index.php?rest_route=\/wp\/v2\/posts\/58146","targetHints":{"allow":["GET"]}}],"collection":[{"href":"https:\/\/dekkbi.com\/index.php?rest_route=\/wp\/v2\/posts"}],"about":[{"href":"https:\/\/dekkbi.com\/index.php?rest_route=\/wp\/v2\/types\/post"}],"author":[{"embeddable":true,"href":"https:\/\/dekkbi.com\/index.php?rest_route=\/wp\/v2\/users\/1"}],"replies":[{"embeddable":true,"href":"https:\/\/dekkbi.com\/index.php?rest_route=%2Fwp%2Fv2%2Fcomments&post=58146"}],"version-history":[{"count":1,"href":"https:\/\/dekkbi.com\/index.php?rest_route=\/wp\/v2\/posts\/58146\/revisions"}],"predecessor-version":[{"id":58148,"href":"https:\/\/dekkbi.com\/index.php?rest_route=\/wp\/v2\/posts\/58146\/revisions\/58148"}],"wp:featuredmedia":[{"embeddable":true,"href":"https:\/\/dekkbi.com\/index.php?rest_route=\/wp\/v2\/media\/58147"}],"wp:attachment":[{"href":"https:\/\/dekkbi.com\/index.php?rest_route=%2Fwp%2Fv2%2Fmedia&parent=58146"}],"wp:term":[{"taxonomy":"category","embeddable":true,"href":"https:\/\/dekkbi.com\/index.php?rest_route=%2Fwp%2Fv2%2Fcategories&post=58146"},{"taxonomy":"post_tag","embeddable":true,"href":"https:\/\/dekkbi.com\/index.php?rest_route=%2Fwp%2Fv2%2Ftags&post=58146"}],"curies":[{"name":"wp","href":"https:\/\/api.w.org\/{rel}","templated":true}]}}