{"id":5811,"date":"2023-01-04T16:22:24","date_gmt":"2023-01-04T16:22:24","guid":{"rendered":"https:\/\/dekkbi.com\/?p=5811"},"modified":"2023-01-04T16:22:25","modified_gmt":"2023-01-04T16:22:25","slug":"alors-que-tous-les-yeux-sont-rives-vers-la-chine-un-sous-variant-sevit-aux-etats-unis-il-pourrait-arriver-chez-nous","status":"publish","type":"post","link":"https:\/\/dekkbi.com\/?p=5811","title":{"rendered":"Alors que tous les yeux sont riv\u00e9s vers la Chine, un sous-variant s\u00e9vit aux \u00c9tats-Unis: \u201cIl pourrait arriver chez nous\u201d"},"content":{"rendered":"\n<p>Alors que l\u2019\u00e9pid\u00e9mie de grippe fait rage en Belgique, une nouvelle menace pourrait faire son apparition. En effet, un sous-variant du Covid-19 est en train de prendre le dessus de l\u2019autre c\u00f4t\u00e9 de l\u2019Atlantique, aux \u00c9tats-Unis. Et celui-ci se r\u00e9pandrait \u00e0 une vitesse fulgurante. Ce nouveau mutant pourrait-il \u00eatre plus infectieux et contourner notre immunit\u00e9? Allons-nous faire face \u00e0 un regain des cas de coronavirus? Le virologue Steven Van Gucht (Sciensano) s\u2019attend bel et bien \u00e0 une nouvelle vague apr\u00e8s les vacances de No\u00ebl. \u201cC\u2019est une combinaison de deux variants d\u2019Omicron\u201d, confie-t-il \u00e0 nos confr\u00e8res d\u2019HLN.<\/p>\n\n\n\n<p><\/p>\n\n\n\n<p>Tous les yeux sont riv\u00e9s vers la Chine, qui fait actuellement face \u00e0 un nombre de cas Covid record. \u00c0 juste titre?<\/p>\n\n\n\n<p><strong>Steven Van Gucht:&nbsp;<\/strong>\u201cLa Chine est en effet sous les projecteurs, mais, selon les donn\u00e9es dont nous disposons, les variants y circulant sont de vieilles mutations. Cela a \u00e9galement \u00e9t\u00e9 confirm\u00e9 par des sources ind\u00e9pendantes. La menace pourrait n\u00e9anmoins venir des \u00c9tats-Unis, o\u00f9 un nouveau mutant est apparu. Le nombre d&rsquo;infections par XBB.1.5, nom provisoire du variant, augmente rapidement.\u201d<\/p>\n\n\n\n<p>Ce variant repr\u00e9senterait pr\u00e8s de la moiti\u00e9 des infections aux \u00c9tats-Unis. Et pr\u00e8s de trois quarts des nouveaux cas de Covid dans l\u2019\u00c9tat de New York. Cela signifie-t-il que la rapidit\u00e9 de propagation de XBB.1.5 est plus grande que les autres versions d\u2019Omicron?<\/p>\n\n\n\n<p>\u201cCe mutant n\u2019est pas forc\u00e9ment super contagieux. C\u2019est tout \u00e0 fait logique que le petit nouveau fasse son bout de chemin, puisque les vieux variants s\u2019affaiblissent. Par ailleurs, les nombreuses f\u00eates n\u2019ont pas aid\u00e9, les gens ayant eu beaucoup plus de contacts, ce qui a comme cons\u00e9quence un plus grand nombre d&rsquo;infections. La bonne nouvelle, c\u2019est que XBB.1.5 est un variant d\u2019Omicron. Je ne me fais pas tellement de souci.\u201d<\/p>\n\n\n\n<p>XBB.1.5 est un d\u00e9riv\u00e9 de XBB, lui-m\u00eame m\u00e9lange de deux variants issus d\u2019Omicron&#8230;<\/p>\n\n\n\n<p>\u201cOui, XBB.1.5 est n\u00e9 chez un patient, aux \u00c9tats-Unis, qui \u00e9tait infect\u00e9 par deux variants diff\u00e9rents d\u2019Omicron. C\u2019est ce qu&rsquo;on appelle un recombinant. Ce n\u2019est pas inhabituel. Il n\u2019est pas rare que deux d\u2019entre eux se retrouvent dans la m\u00eame cellule et combinent leur mat\u00e9riel g\u00e9n\u00e9tique. Le sous-variant a par la suite subi encore d\u2019autres mutations g\u00e9n\u00e9tiques. XBB.1.5 peut facilement se lier aux r\u00e9cepteurs des cellules humaines, lui permettant de fortement se propager.\u201d<\/p>\n\n\n\n<p>Ce mutant pourrait-il donc ais\u00e9ment contourner notre immunit\u00e9, d\u00e9velopp\u00e9e suite \u00e0 une infection ou obtenue via le vaccin?<\/p>\n\n\n\n<p>\u201cXBB.1.5 peut effectivement \u00e9chapper \u00e0 la vigilance de notre immunit\u00e9, et nous infecter, mais c\u2019est \u00e9galement le cas d\u2019autres variants. L\u2019infection ne peut \u00eatre exclue, mais la vaccination nous prot\u00e8ge contre les formes plus s\u00e9v\u00e8res de la maladie. Ce variant est-il plus pathog\u00e8ne que ses pr\u00e9d\u00e9cesseurs? Il est encore trop t\u00f4t pour le dire. Mais il semblerait que non: jusqu\u2019ici, nous n\u2019avons pas encore d\u2019\u00e9l\u00e9ment allant en ce sens.\u201d<\/p>\n\n\n\n<p>XBB.1.5 a d\u00e9j\u00e0 pass\u00e9 la fronti\u00e8re de nos voisins fran\u00e7ais, n\u00e9erlandais et allemands. N\u2019est-ce qu\u2019une question de temps avant qu&rsquo;il n\u2019arrive chez nous?<\/p>\n\n\n\n<p>\u201cIl n\u2019y a, pour l\u2019instant, eu aucune alerte. C\u2019est tout \u00e0 fait possible que ce variant vienne \u00e9galement toquer \u00e0 notre porte, mais ce n\u2019est pas n\u00e9cessairement toujours le cas. Je pense n\u00e9anmoins que les contaminations vont augmenter dans le mois \u00e0 venir. On verra bien quel variant sera responsable de ces infections.\u201d<\/p>\n\n\n\n<p><sub>(lire la suite sous la photo)<\/sub><\/p>\n\n\n\n<figure class=\"wp-block-image\"><a href=\"https:\/\/www.7sur7.be\/sante\/alors-que-tous-les-yeux-sont-rives-vers-la-chine-un-sous-variant-sevit-aux-etats-unis-il-pourrait-arriver-chez-nous~ad70ea03\/225623113\/\"><img decoding=\"async\" src=\"https:\/\/images0.persgroep.net\/rcs\/DzMAGb0d_qGWfUYLdcfuXhQiucM\/diocontent\/225623113\/_fitwidth\/694\/?appId=21791a8992982cd8da851550a453bd7f&amp;quality=0.8\" alt=\"Illustratiebeeld.\"\/><\/a><figcaption class=\"wp-element-caption\">Illustratiebeeld.&nbsp;\u00a9 REUTERS<\/figcaption><\/figure>\n\n\n\n<p>Quels mutants circulent actuellement en Belgique?<\/p>\n\n\n\n<p>\u201cPour l\u2019instant, il s\u2019agit d&rsquo;un mix de variants d\u2019Omicron. C\u2019est une bonne nouvelle. Cela veut dire que les diff\u00e9rences entre les mutations ne sont pas si grandes. Il n&rsquo;y a donc pas de mutant qui pourrait \u00e9vincer les autres. En d\u2019autres termes, il n&rsquo;y a pas de variant d\u2019Omicron qui ait le potentiel de recr\u00e9er un grand sursaut \u00e9pid\u00e9mique.\u201d<\/p>\n\n\n\n<blockquote class=\"wp-block-quote is-layout-flow wp-block-quote-is-layout-flow\">\n<p>Je m\u2019attends \u00e0 ce que les infections par la grippe augmentent dans les prochaines semaines, et qu&rsquo;il y ait plus d\u2019admissions \u00e0 l\u2019h\u00f4pitalSteven Van Gucht, Sciensano<\/p>\n<\/blockquote>\n\n\n\n<p>Vous alertez pourtant sur une nouvelle vague apr\u00e8s les f\u00eates de No\u00ebl. Pourquoi?<\/p>\n\n\n\n<p>\u201cNous nous attendions \u00e0 une stabilisation du nombre d&rsquo;infections durant les vacances. C\u2019est ce qu\u2019il s\u2019est pass\u00e9. Le nombre d&rsquo;hospitalisations et de personnes en soins intensifs a diminu\u00e9. Mais je pense tout de m\u00eame qu&rsquo;une nouvelle vague va faire son apparition en janvier, avec les \u00e9coles qui rouvrent et les r\u00e9ceptions du Nouvel An qui sont encore au programme. Mais cela ne veut pas dire que nous devons craindre une saturation des h\u00f4pitaux.\u201d<\/p>\n\n\n\n<p>Qu\u2019en est-il de la propagation d\u2019autres maladies infectieuses telles que le VRS et la grippe?<\/p>\n\n\n\n<p>\u201cLes infections dues au VRS \u00e9taient \u00e0 la hausse en novembre et d\u00e9cembre, mais sont en train de baisser. C\u2019est une bonne nouvelle. En effet, c\u2019est le virus qui a caus\u00e9 le plus de probl\u00e8mes. Nous devons n\u00e9anmoins voir comment la situation va \u00e9voluer une fois que les enfants vont retourner \u00e0 l\u2019\u00e9cole ou \u00e0 la cr\u00e8che.<\/p>\n\n\n\n<p>Quant \u00e0 la grippe, le nombre de cas augmente, et cela va probablement continuer, \u00e9tant donn\u00e9 que nous ne sommes qu\u2019au d\u00e9but de l\u2019\u00e9pid\u00e9mie. Je m\u2019attends \u00e0 ce que les infections par la grippe augmentent dans les prochaines semaines, et qu&rsquo;il y ait plus d\u2019admissions \u00e0 l\u2019h\u00f4pital.\u201d<\/p>\n\n\n\n<p><\/p>\n","protected":false},"excerpt":{"rendered":"<p>Alors que l\u2019\u00e9pid\u00e9mie de grippe fait rage en Belgique, une nouvelle menace pourrait faire son apparition. En effet, un sous-variant<\/p>\n","protected":false},"author":1,"featured_media":5812,"comment_status":"open","ping_status":"open","sticky":false,"template":"","format":"standard","meta":{"footnotes":""},"categories":[51],"tags":[],"class_list":["post-5811","post","type-post","status-publish","format-standard","has-post-thumbnail","hentry","category-general"],"_links":{"self":[{"href":"https:\/\/dekkbi.com\/index.php?rest_route=\/wp\/v2\/posts\/5811","targetHints":{"allow":["GET"]}}],"collection":[{"href":"https:\/\/dekkbi.com\/index.php?rest_route=\/wp\/v2\/posts"}],"about":[{"href":"https:\/\/dekkbi.com\/index.php?rest_route=\/wp\/v2\/types\/post"}],"author":[{"embeddable":true,"href":"https:\/\/dekkbi.com\/index.php?rest_route=\/wp\/v2\/users\/1"}],"replies":[{"embeddable":true,"href":"https:\/\/dekkbi.com\/index.php?rest_route=%2Fwp%2Fv2%2Fcomments&post=5811"}],"version-history":[{"count":1,"href":"https:\/\/dekkbi.com\/index.php?rest_route=\/wp\/v2\/posts\/5811\/revisions"}],"predecessor-version":[{"id":5813,"href":"https:\/\/dekkbi.com\/index.php?rest_route=\/wp\/v2\/posts\/5811\/revisions\/5813"}],"wp:featuredmedia":[{"embeddable":true,"href":"https:\/\/dekkbi.com\/index.php?rest_route=\/wp\/v2\/media\/5812"}],"wp:attachment":[{"href":"https:\/\/dekkbi.com\/index.php?rest_route=%2Fwp%2Fv2%2Fmedia&parent=5811"}],"wp:term":[{"taxonomy":"category","embeddable":true,"href":"https:\/\/dekkbi.com\/index.php?rest_route=%2Fwp%2Fv2%2Fcategories&post=5811"},{"taxonomy":"post_tag","embeddable":true,"href":"https:\/\/dekkbi.com\/index.php?rest_route=%2Fwp%2Fv2%2Ftags&post=5811"}],"curies":[{"name":"wp","href":"https:\/\/api.w.org\/{rel}","templated":true}]}}