{"id":58086,"date":"2025-06-13T09:48:46","date_gmt":"2025-06-13T09:48:46","guid":{"rendered":"https:\/\/dekkbi.com\/?p=58086"},"modified":"2025-06-13T10:27:45","modified_gmt":"2025-06-13T10:27:45","slug":"le-pm-congolais-sur-la-suspension-du-contrat-de-la-senelec-nous-avons-confondu-vitesse-et-precipitation","status":"publish","type":"post","link":"https:\/\/dekkbi.com\/?p=58086","title":{"rendered":"Le Pm congolais sur la suspension du contrat de la Senelec : \u00abNous avons confondu vitesse et pr\u00e9cipitation\u00bb"},"content":{"rendered":"\n<p><strong>Le contrat d\u2019affermage de la Senelec avec l\u2019Etat congolais dans la distribution de l\u2019\u00e9nergie \u00e0 Brazzaville, sign\u00e9 le 13 f\u00e9vrier 2025 et qui pr\u00e9voyait une gestion de dix ans des services \u00e9lectriques, a \u00e9t\u00e9 suspendu il y a quelques jours. En visite \u00e0 Dakar, le Premier ministre Anatole Collinet Makosso a justifi\u00e9 cette suspension devant Ousmane Sonko, tout en annon\u00e7ant la poursuite des discussions pour lever les zones d\u2019ombre afin de calmer l\u2019opinion et les syndicats de son pays.\u00a0<\/strong><\/p>\n\n\n\n<p>&nbsp;Comme Le Quotidien l\u2019avait r\u00e9v\u00e9l\u00e9 dans son \u00e9dition du 15 mai dernier, le Premier ministre congolais a confirm\u00e9 la suspension du contrat d\u2019affermage r\u00e9cemment conclu entre la Soci\u00e9t\u00e9 nationale d\u2019\u00e9lectricit\u00e9 du S\u00e9n\u00e9gal (Senelec) et l\u2019Etat congolais. Cette convention, qui confie \u00e0 l\u2019entreprise s\u00e9n\u00e9galaise la gestion du secteur \u00e9lectrique congolais, avait suscit\u00e9 de vives tensions au Congo-Brazzaville. En visite \u00e0 Dakar, le Premier ministre Anatole Collinet Makosso a confirm\u00e9 les griefs \u00e9mis au sein de l\u2019opinion publique de son pays, notamment les syndicats. Le Conseil des ministres du Congo justifie la suspension du contrat d\u2019affermage accord\u00e9 \u00e0 la filiale de la Senelec, d\u00e9nomm\u00e9e Socelec, par \u00ables nombreuses critiques \u00e9mises dans les m\u00e9dias et sur les r\u00e9seaux sociaux (\u2026)\u00bb. Le communiqu\u00e9 ajoute que \u00ables pr\u00e9occupations soulev\u00e9es mettent en lumi\u00e8re certaines zones d\u2019ombre entourant le contrat, ce qui a conduit \u00e0 cette prudente retenue\u00bb.<\/p>\n\n\n\n<p><strong>Train de vie princier et 41 mesures \u00e0 satisfaire<\/strong><\/p>\n\n\n\n<p>Il y a eu une forte pression des syndicats de la soci\u00e9t\u00e9 nationale Energie \u00e9lectrique du Congo (E2c) sur les pouvoirs publics pour que le contrat d\u2019affermage, sign\u00e9 depuis le 26 f\u00e9vrier, ne puisse pas voir un d\u00e9but d\u2019application. \u00abLa Senelec a bien remport\u00e9 cet appel \u00e0 manifestation d\u2019int\u00e9r\u00eat. Mais sans compter sur l\u2019opinion publique de nos pays respectifs. Le S\u00e9n\u00e9gal a eu le m\u00eame probl\u00e8me en 1998, lorsqu\u2019il s\u2019est agi de conc\u00e9der la distribution et la commercialisation de l\u2019\u00e9lectricit\u00e9 \u00e0 Hydro Qu\u00e9bec. Il y a eu la r\u00e9action des populations qui ont eu du mal \u00e0 accepter que ce secteur public, qui rel\u00e8ve parfois de la souverainet\u00e9 d\u2019Etat, soit confi\u00e9e \u00e0 d\u2019autres acteurs, particuli\u00e8rement des acteurs priv\u00e9s. On a donc \u00e9t\u00e9 confront\u00e9s \u00e0 la m\u00eame difficult\u00e9\u00bb, indique le Premier ministre congolais, Collinet Makosso, lors d\u2019une conf\u00e9rence de presse conjointe avec Ousmane Sonko. Il ajoute\u00a0: \u00abLa convention d\u2019affermage a \u00e9t\u00e9 suspendue, oui. C\u2019est le Premier ministre qui a pris la note suspendant la mise en \u0153uvre du contrat d\u2019affermage le temps que nous puissions mettre en \u0153uvre les 41 mesures d\u2019affermage qui ont \u00e9t\u00e9 identifi\u00e9es et que nous pr\u00e9parions l\u2019opinion \u00e0 comprendre la n\u00e9cessit\u00e9 de la r\u00e9forme.\u00bb Il admet une pr\u00e9cipitation dans la signature du contrat : \u00abnous avons confondu vitesse et pr\u00e9cipitation. Les zones d\u2019ombre entourant l\u2019accord et un travail p\u00e9dagogique insuffisant ont suscit\u00e9 des inqui\u00e9tudes\u00bb, a-t-il expliqu\u00e9. Il cite les autres reproches faits \u00e0 la Socelec\u00a0: les syndicats congolais d\u00e9noncent le d\u00e9marrage des activit\u00e9s avant la finalisation du processus de l\u00e9galisation, la composition du conseil d\u2019administration, o\u00f9 un seul administrateur congolais si\u00e8ge. Alors que le Directeur g\u00e9n\u00e9ral, le pr\u00e9sident du conseil et les autres membres sont S\u00e9n\u00e9galais. Enfin, ils d\u00e9noncent l\u2019absence de capital de d\u00e9marrage et reprochent aux membres s\u00e9n\u00e9galais du conseil un \u00abtrain de vie princier\u00bb. Par contre, il faut souligner, d\u2019apr\u00e8s Anatole Collinet Makosso, que la Senelec n\u2019est pas totalement mise hors circuit. \u00abNous allons nous asseoir avec la Senelec pour examiner les conditions d\u2019op\u00e9rationnalisation du contrat, qui comporte 41 mesures pr\u00e9alables \u00e0 r\u00e9soudre\u00bb, a-t-il assur\u00e9.<\/p>\n\n\n\n<p><strong>Par Bocar SAKHO \u2013<\/strong> <strong>bsakho@lequotidien.sn<\/strong><\/p>\n","protected":false},"excerpt":{"rendered":"<p>Le contrat d\u2019affermage de la Senelec avec l\u2019Etat congolais dans la distribution de l\u2019\u00e9nergie \u00e0 Brazzaville, sign\u00e9 le 13 f\u00e9vrier<\/p>\n","protected":false},"author":1,"featured_media":58122,"comment_status":"open","ping_status":"open","sticky":false,"template":"","format":"standard","meta":{"footnotes":""},"categories":[6],"tags":[],"class_list":["post-58086","post","type-post","status-publish","format-standard","has-post-thumbnail","hentry","category-politics"],"_links":{"self":[{"href":"https:\/\/dekkbi.com\/index.php?rest_route=\/wp\/v2\/posts\/58086","targetHints":{"allow":["GET"]}}],"collection":[{"href":"https:\/\/dekkbi.com\/index.php?rest_route=\/wp\/v2\/posts"}],"about":[{"href":"https:\/\/dekkbi.com\/index.php?rest_route=\/wp\/v2\/types\/post"}],"author":[{"embeddable":true,"href":"https:\/\/dekkbi.com\/index.php?rest_route=\/wp\/v2\/users\/1"}],"replies":[{"embeddable":true,"href":"https:\/\/dekkbi.com\/index.php?rest_route=%2Fwp%2Fv2%2Fcomments&post=58086"}],"version-history":[{"count":1,"href":"https:\/\/dekkbi.com\/index.php?rest_route=\/wp\/v2\/posts\/58086\/revisions"}],"predecessor-version":[{"id":58089,"href":"https:\/\/dekkbi.com\/index.php?rest_route=\/wp\/v2\/posts\/58086\/revisions\/58089"}],"wp:featuredmedia":[{"embeddable":true,"href":"https:\/\/dekkbi.com\/index.php?rest_route=\/wp\/v2\/media\/58122"}],"wp:attachment":[{"href":"https:\/\/dekkbi.com\/index.php?rest_route=%2Fwp%2Fv2%2Fmedia&parent=58086"}],"wp:term":[{"taxonomy":"category","embeddable":true,"href":"https:\/\/dekkbi.com\/index.php?rest_route=%2Fwp%2Fv2%2Fcategories&post=58086"},{"taxonomy":"post_tag","embeddable":true,"href":"https:\/\/dekkbi.com\/index.php?rest_route=%2Fwp%2Fv2%2Ftags&post=58086"}],"curies":[{"name":"wp","href":"https:\/\/api.w.org\/{rel}","templated":true}]}}