{"id":58050,"date":"2025-06-12T15:23:48","date_gmt":"2025-06-12T15:23:48","guid":{"rendered":"https:\/\/dekkbi.com\/?p=58050"},"modified":"2025-06-12T15:41:28","modified_gmt":"2025-06-12T15:41:28","slug":"protection-des-enfants-les-allocations-actuelles-restent-en-deca-du-seuil-minimal-de-3-du-budget-national-recommande-par-luemoa","status":"publish","type":"post","link":"https:\/\/dekkbi.com\/?p=58050","title":{"rendered":"Protection des enfants : Les allocations actuelles restent en de\u00e7\u00e0 du seuil minimal"},"content":{"rendered":"\n<p>Dans le cadre de la 35\u00e8me \u00e9dition de la Journ\u00e9e de l&rsquo;Enfant Africain, un symposium autour du th\u00e8me \u00ab Planification et budg\u00e9tisation des droits de l&rsquo;enfant \u00bb se tient les 11 et 12 juin 2025. Initi\u00e9 par la Direction G\u00e9n\u00e9rale de la Protection Judiciaire et Sociale (DGPJS), l&rsquo;\u00e9v\u00e9nement a r\u00e9uni la soci\u00e9t\u00e9 civile, le minist\u00e8re de la Famille et d&rsquo;autres acteurs en charge de la protection des enfants. Il \u00e9tait essentiel de dresser un bilan sans complaisance avant de mesurer le chemin parcouru.<\/p>\n\n\n\n<p><strong>Des budgets en hausse, mais encore insuffisants<\/strong><\/p>\n\n\n\n<p>Concernant le th\u00e8me, les acteurs ont mis l&rsquo;accent sur le budget allou\u00e9 \u00e0 la Direction G\u00e9n\u00e9rale de la Protection Judiciaire et Sociale (DGPJS) du minist\u00e8re de la Justice. Ce budget est pass\u00e9 de 599 millions FCFA en 2011 \u00e0 6,3 milliards FCFA en 2025, soit une multiplication par dix en une d\u00e9cennie. Parall\u00e8lement, le minist\u00e8re de la Famille et des Solidarit\u00e9s a vu ses cr\u00e9dits progresser de 9,9 milliards FCFA en 2011 \u00e0 46 milliards FCFA en 2024.<\/p>\n\n\n\n<p>Cependant, malgr\u00e9 ces avanc\u00e9es, les participants \u00e0 ce symposium sont unanimes : \u00ab les allocations actuelles restent en de\u00e7\u00e0 du seuil minimal de 3% du budget national recommand\u00e9 par l\u2019UEMOA avec notamment des disparit\u00e9s territoriales \u00bb.<\/p>\n\n\n\n<figure class=\"wp-block-embed is-type-rich is-provider-prise-en-charge-des-contenus-embarqu-s wp-block-embed-prise-en-charge-des-contenus-embarqu-s wp-embed-aspect-16-9 wp-has-aspect-ratio\"><div class=\"wp-block-embed__wrapper\">\n<iframe loading=\"lazy\" title=\"Protection des enfants : Les allocations actuelles restent en de\u00e7\u00e0 du seuil minimal de 3% du budget\u2026\" width=\"800\" height=\"450\" src=\"https:\/\/www.youtube.com\/embed\/yJNYZfB9YWg?feature=oembed\" frameborder=\"0\" allow=\"accelerometer; autoplay; clipboard-write; encrypted-media; gyroscope; picture-in-picture; web-share\" referrerpolicy=\"strict-origin-when-cross-origin\" allowfullscreen><\/iframe>\n<\/div><\/figure>\n\n\n\n<p><strong>Obstacles et retards persistants<\/strong><\/p>\n\n\n\n<p>En effet, des r\u00e9gions comme Matam, K\u00e9dougou ou S\u00e9dhiou accusent un retard criant en termes d\u2019acc\u00e8s aux services de base (\u00e9ducation, sant\u00e9, protection). De plus, la d\u00e9centralisation budg\u00e9taire peine \u00e0 impacter les politiques locales en faveur de l\u2019enfance. Enfin, l&rsquo;absence de m\u00e9canismes de suivi participatif limite la redevabilit\u00e9.<\/p>\n\n\n\n<p>Selon Mme A\u00efcha Gassama Tall, Directrice G\u00e9n\u00e9rale de la Protection Judiciaire et Sociale (DGPJS), il est imp\u00e9ratif d&rsquo;identifier les obstacles structurels (qu&rsquo;ils soient techniques, politiques ou financiers), de renforcer la collaboration entre les niveaux de gouvernance, notamment les collectivit\u00e9s territoriales, en tenant compte des imp\u00e9ratifs de la d\u00e9centralisation. Mais surtout, elle a insist\u00e9 sur la n\u00e9cessit\u00e9 de formuler des recommandations strat\u00e9giques, r\u00e9alistes et ancr\u00e9es dans une volont\u00e9 politique ferme, pour garantir la p\u00e9rennit\u00e9 des investissements en faveur de l&rsquo;enfance.<\/p>\n\n\n\n<p>SOURCE DAKARACTU<\/p>\n","protected":false},"excerpt":{"rendered":"<p>Dans le cadre de la 35\u00e8me \u00e9dition de la Journ\u00e9e de l&rsquo;Enfant Africain, un symposium autour du th\u00e8me \u00ab Planification<\/p>\n","protected":false},"author":1,"featured_media":58053,"comment_status":"open","ping_status":"open","sticky":false,"template":"","format":"standard","meta":{"footnotes":""},"categories":[21],"tags":[],"class_list":["post-58050","post","type-post","status-publish","format-standard","has-post-thumbnail","hentry","category-societe"],"_links":{"self":[{"href":"https:\/\/dekkbi.com\/index.php?rest_route=\/wp\/v2\/posts\/58050","targetHints":{"allow":["GET"]}}],"collection":[{"href":"https:\/\/dekkbi.com\/index.php?rest_route=\/wp\/v2\/posts"}],"about":[{"href":"https:\/\/dekkbi.com\/index.php?rest_route=\/wp\/v2\/types\/post"}],"author":[{"embeddable":true,"href":"https:\/\/dekkbi.com\/index.php?rest_route=\/wp\/v2\/users\/1"}],"replies":[{"embeddable":true,"href":"https:\/\/dekkbi.com\/index.php?rest_route=%2Fwp%2Fv2%2Fcomments&post=58050"}],"version-history":[{"count":2,"href":"https:\/\/dekkbi.com\/index.php?rest_route=\/wp\/v2\/posts\/58050\/revisions"}],"predecessor-version":[{"id":58060,"href":"https:\/\/dekkbi.com\/index.php?rest_route=\/wp\/v2\/posts\/58050\/revisions\/58060"}],"wp:featuredmedia":[{"embeddable":true,"href":"https:\/\/dekkbi.com\/index.php?rest_route=\/wp\/v2\/media\/58053"}],"wp:attachment":[{"href":"https:\/\/dekkbi.com\/index.php?rest_route=%2Fwp%2Fv2%2Fmedia&parent=58050"}],"wp:term":[{"taxonomy":"category","embeddable":true,"href":"https:\/\/dekkbi.com\/index.php?rest_route=%2Fwp%2Fv2%2Fcategories&post=58050"},{"taxonomy":"post_tag","embeddable":true,"href":"https:\/\/dekkbi.com\/index.php?rest_route=%2Fwp%2Fv2%2Ftags&post=58050"}],"curies":[{"name":"wp","href":"https:\/\/api.w.org\/{rel}","templated":true}]}}