{"id":5805,"date":"2023-01-04T16:15:30","date_gmt":"2023-01-04T16:15:30","guid":{"rendered":"https:\/\/dekkbi.com\/?p=5805"},"modified":"2023-01-04T16:15:31","modified_gmt":"2023-01-04T16:15:31","slug":"decouverte-dun-nouveau-charnier-ou-en-est-la-situation-securitaire-au-burkina-faso","status":"publish","type":"post","link":"https:\/\/dekkbi.com\/?p=5805","title":{"rendered":"D\u00e9couverte d&rsquo;un nouveau charnier : o\u00f9 en est la situation s\u00e9curitaire au Burkina Faso ?"},"content":{"rendered":"\n<h2 class=\"wp-block-heading\">La veille du Nouvel an, 28 corps ont \u00e9t\u00e9 d\u00e9couverts \u00e0 Nouna, dans le nord-ouest du Burkina Faso. Une enqu\u00eate a \u00e9t\u00e9 ouverte pour conna\u00eetre les circonstances de ces violences. En quoi cet \u00e9v\u00e9nement refl\u00e8te la situation s\u00e9curitaire du pays ?<strong>&nbsp;Entretien avec J\u00e9r\u00f4me Pign\u00e9, cofondateur du r\u00e9seau de r\u00e9flexion strat\u00e9gique sur la s\u00e9curit\u00e9 au Sahel (2r3s) et&nbsp;chercheur associ\u00e9 \u00e0 l&rsquo;Institut Thomas More.<\/strong><\/h2>\n\n\n\n<p><a href=\"https:\/\/www.addthis.com\/bookmark.php?v=300\"><\/a><a href=\"https:\/\/www.addthis.com\/bookmark.php?v=300\"><\/a><a rel=\"noreferrer noopener\" href=\"https:\/\/www.addthis.com\/bookmark.php?v=300\" target=\"_blank\"><\/a><a rel=\"noreferrer noopener\" href=\"https:\/\/www.addthis.com\/bookmark.php?v=300\" target=\"_blank\"><\/a>\u00ab\u00a0<em>Le gouvernement a \u00e9t\u00e9 inform\u00e9 d\u2019un drame survenu \u00e0 Nouna, chef-lieu de la province de Kossi, dans la nuit du 30 au 31 d\u00e9cembre<\/em>\u00a0\u00bb, annonce Jean Emmanuel Ou\u00e9draogo, porte-parole du gouvernement du Burkina Faso dans un communiqu\u00e9. Les premi\u00e8res informations \u00ab<em>\u00a0font \u00e9tat de 28 personnes tu\u00e9es<\/em>.\u00a0\u00bb Le communiqu\u00e9 du gouvernement pr\u00e9cise qu\u2019une enqu\u00eate \u00ab<em>\u00a0a imm\u00e9diatement \u00e9t\u00e9 ouverte\u00a0<\/em>(\u2026)\u00a0<em>pour \u00e9lucider les circonstances du drame et situer toutes les responsabilit\u00e9s\u00a0<\/em>\u00bb.\u00a0<\/p>\n\n\n\n<p><\/p>\n\n\n\n<p>Le Collectif contre l\u2019Impunit\u00e9 et la stigmatisation des communaut\u00e9s (CISC) d\u00e9nonce&nbsp;\u00ab&nbsp;<em>des exactions<\/em>&nbsp;\u00bb commises par des Volontaires pour la d\u00e9fense de la patrie (VDP). \u00ab&nbsp;<em>Des civils arm\u00e9s se revendiquant \u00eatre<\/em>&nbsp;\u00bb des VDP se livrent \u00ab<em>&nbsp;librement \u00e0 des pillages organis\u00e9s et \u00e0 des exactions cibl\u00e9es sur des populations civiles sur un fond de d\u00e9lit de faci\u00e8s et de stigmatisation<\/em>&nbsp;\u00bb, d\u00e9nonce le CISC.&nbsp;<\/p>\n\n\n\n<p><\/p>\n\n\n\n<p>Sapa Kpagali, 75 ans, a fui son village au Burkina Faso \u00e0 cause des djihadistes et s&rsquo;est r\u00e9fugi\u00e9 dans le camp de Porga au B\u00e9nin voisin.<\/p>\n\n\n\n<p>J\u00e9r\u00f4me Pign\u00e9 est cofondateur du r\u00e9seau de r\u00e9flexion strat\u00e9gique sur la s\u00e9curit\u00e9 au Sahel (2r3s) et&nbsp;chercheur associ\u00e9 \u00e0 l&rsquo;Institut Thomas More. Selon lui, la d\u00e9couverte du charnier est le reflet d\u2019une situation s\u00e9curitaire \u00ab<em>&nbsp;particuli\u00e8rement volatile.&nbsp;<\/em>\u00bb Il consid\u00e8re que des solutions \u00e0 moyen et long terme doivent \u00eatre envisag\u00e9es sur le plan s\u00e9curitaire, mais qu\u2019elles sont difficilement compatibles avec l\u2019incertitude de la situation politique.&nbsp;<br><br><strong>TV5MONDE : Qu\u2019est-ce que la d\u00e9couverte de ces 28 corps montre de la situation s\u00e9curitaire au Burkina Faso ?<br><br>J\u00e9r\u00f4me Pign\u00e9 :<\/strong>&nbsp;Cela montre que la situation g\u00e9n\u00e9rale et s\u00e9curitaire du pays est particuli\u00e8rement volatile, voire inqui\u00e9tante. Rappelons-le, l\u2019ins\u00e9curit\u00e9 li\u00e9e au terrorisme est grandissante et le Burkina Faso a subi deux coups d\u2019\u00c9tat en moins d\u2019un an (NDLR : le 24 janvier 2022, le lieutenant-colonel Paul-Henri Damiba renverse le pr\u00e9sident Roch Kabor\u00e9. Il est lui-m\u00eame renvers\u00e9 par le capitaine Ibrahim Traor\u00e9 le 30 septembre 2022). Un certain nombre de probl\u00e9matiques sont de plus en plus imbriqu\u00e9es. Parmi elles, la question de la stabilit\u00e9 politique, le vivre ensemble, le contrat social\u2026 Il y a de plus en plus de risques de d\u00e9rives avec cette lutte contre le terrorisme. Les cons\u00e9quences sociales, \u00e9conomiques et humanitaires sont importantes.&nbsp;<\/p>\n\n\n\n<h3 class=\"wp-block-heading\">Une situation s\u00e9curitaire d\u00e9grad\u00e9e&nbsp;<\/h3>\n\n\n\n<ul class=\"wp-block-list\">\n<li>Depuis 2015, le Burkina Faso est confront\u00e9 \u00e0 la multiplication d\u2019attaques de groupes djihadistes li\u00e9s \u00e0 Al-Qa\u00efda et \u00e0 l\u2019\u00c9tat islamique.&nbsp;<\/li>\n\n\n\n<li>Un des groupes arm\u00e9s djihadistes, la katiba macina, est dirig\u00e9 par un chef peul burkinab\u00e8, Amadou Koufa.&nbsp;<\/li>\n\n\n\n<li>Ces attaques ont lieu essentiellement dans le nord et l\u2019est du pays.&nbsp;<\/li>\n\n\n\n<li>Elles ont fait des milliers de morts et au moins deux millions de d\u00e9plac\u00e9s.&nbsp;<\/li>\n\n\n\n<li>Ces attaques sont en partie \u00e0 l\u2019origine de deux coups d\u2019\u00c9tat militaires en 2022.&nbsp;<\/li>\n<\/ul>\n\n\n\n<p>La d\u00e9couverte de ce charnier s\u2019inscrit vraiment dans cette dynamique du moment o\u00f9 l\u2019ins\u00e9curit\u00e9 est grandissante, \u00e0 rebours des discours officiels. Le 31 d\u00e9cembre 2022, le Capitaine Ibrahim Traor\u00e9, chef de la transition annonce dans la m\u00eame r\u00e9gion que la ville de Nouna un changement tactique dans la lutte contre le terrorisme, dans son discours \u00e0 la nation. Ce discours rappelle, dans un contexte relativement semblable, la posture des autorit\u00e9s de la transition au Mali. Depuis quelques semaines, on retrouve des similitudes entre les discours tenus dans les deux pays, comme la refondation de l\u2019\u00c9tat ou les questions de gouvernance.<\/p>\n\n\n\n<p><\/p>\n\n\n\n<p>Ces discours tranchent v\u00e9ritablement avec ce que l\u2019on observe sur le terrain. La situation s\u00e9curitaire se d\u00e9grade. On parle d\u2019au moins 40% du territoire national du Burkina Faso qui ne serait plus sous le contr\u00f4le de l\u2019\u00c9tat. Cela risque d\u2019\u00eatre similaire au Mali \u00e9galement.&nbsp;<br><br><strong>TV5MONDE : Le CISC pointe accuse des VDP d\u2019\u00eatre responsables de ce charnier. Est-ce que cela fait partie des d\u00e9rives que vous \u00e9voquez ?<br><br>J\u00e9r\u00f4me Pign\u00e9 :<\/strong>&nbsp;On va dire que les VDP sont une sorte de milice arm\u00e9e. Elle a \u00e9t\u00e9 instaur\u00e9e par les autorit\u00e9s d\u2019avant coup d\u2019\u00c9tat. Il y avait d\u00e9j\u00e0 un certain nombre de r\u00e9serves et de critiques par rapport \u00e0 la mise en place de cette nouvelle composante arm\u00e9e du Burkina Faso. Ce que l\u2019on sait, c\u2019est qu\u2019il y a souvent des d\u00e9rives, surtout dans des \u00c9tats qui sont jeunes. Au Burkina Faso, il y avait d\u00e9j\u00e0 d\u2019autres milices qui existaient au pr\u00e9alable. Tr\u00e8s souvent, si ce n\u2019est pas syst\u00e9matiquement, des exactions sont d\u00e9couvertes et les suppl\u00e9tifs de l\u2019arm\u00e9e sont point\u00e9s du doigt.&nbsp;<\/p>\n\n\n\n<p><em>Force est de constater que le recours aux VDP&nbsp; ne vise pas \u00e0 renforcer l\u2019arm\u00e9e directement, mais vient grossir les rangs d\u2019une force reconnue comme l\u00e9gitime par l\u2019\u00c9tat.<\/em><strong>J\u00e9r\u00f4me Pign\u00e9, pr\u00e9sident et co-fondateur du r\u00e9seau de r\u00e9flexion strat\u00e9gique sur la s\u00e9curit\u00e9 au Sahel<\/strong><\/p>\n\n\n\n<h3 class=\"wp-block-heading\">Qui sont les VDP ?&nbsp;<\/h3>\n\n\n\n<ul class=\"wp-block-list\">\n<li>Les VDP sont des civils appel\u00e9s \u00e0 seconder l\u2019arm\u00e9e dans sa lutte contre les djihadistes.&nbsp;<\/li>\n\n\n\n<li>Depuis le 21 janvier 2020, leur statut est d\u00e9fini par la loi.&nbsp;<\/li>\n\n\n\n<li>Un VDP est donc d\u00e9fini comme \u00ab&nbsp;<em>une personne de nationalit\u00e9 burkinab\u00e9, auxiliaire des forces de d\u00e9fense et de s\u00e9curit\u00e9 (FDS), servant de fa\u00e7on volontaire les int\u00e9r\u00eats s\u00e9curitaires de son village ou de son secteur de r\u00e9sidence.&nbsp;<\/em>\u00bb&nbsp;<\/li>\n\n\n\n<li>Ils re\u00e7oivent une formation civique et militaire de deux semaines, au terme desquelles ils sont arm\u00e9s et dot\u00e9s de moyens de communication.<\/li>\n\n\n\n<li><\/li>\n\n\n\n<li>Le CISC, comme d\u2019autres qui s\u2019insurgent aujourd\u2019hui, font partie de ceux qui \u00e9mettaient d\u00e9j\u00e0 beaucoup de scepticisme quant \u00e0 la bonne strat\u00e9gie de d\u00e9velopper une sorte de nouveau corps arm\u00e9. On sait que ces VDP sont form\u00e9s de mani\u00e8re tr\u00e8s sommaire. Force est de constater que ce choix, qui n\u2019est pas de renforcer l\u2019arm\u00e9e directement, mais de venir grossir les rangs d\u2019une force reconnue comme l\u00e9gitime par l\u2019\u00c9tat, dans un contexte volatile, n\u2019est peut \u00eatre pas la meilleure strat\u00e9gie. Cependant, c\u2019est celle qui est assum\u00e9e par les autorit\u00e9s.\u00a0<\/li>\n<\/ul>\n\n\n\n<ul class=\"wp-block-list\">\n<li><\/li>\n\n\n\n<li>Ces d\u00e9rives peuvent aussi avoir des cons\u00e9quences beaucoup plus lourdes sur le vivre ensemble. La lumi\u00e8re sera certainement faite sur ce nouvel \u00e9pisode sanglant. Il ne serait pas souhaitable que les VDP soient \u00e0 l\u2019origine de ce massacre. Encore une fois, c\u2019est la question de comment on appr\u00e9hende la lutte contre le terrorisme sur le plan s\u00e9curitaire et militaire, mais aussi plus largement.\u00a0<\/li>\n<\/ul>\n\n\n\n<p><strong>TV5MONDE : La situation s\u00e9curitaire a-t-elle \u00e9volu\u00e9 depuis le coup d\u2019\u00c9tat qui a port\u00e9 le Capitaine Ibrahim Traor\u00e9 au pouvoir ?&nbsp;<\/strong><\/p>\n\n\n\n<p><strong>J\u00e9r\u00f4me Pign\u00e9 :<\/strong>&nbsp;Il y a un discours qui a \u00e9volu\u00e9. Il vise \u00e0 pointer du doigt cet h\u00e9ritage sur lequel ils sont en train de s\u2019asseoir. C\u2019est-\u00e0-dire une ins\u00e9curit\u00e9 grandissante, une mal gouvernance, des difficult\u00e9s socio-\u00e9conomiques. Le principal changement intervient au niveau de la posture, du discours. Il se caract\u00e9rise aussi sur le terrain par une volont\u00e9 de s\u2019inscrire en rupture avec des partenariats classiques, tels que celui avec l\u2019ancienne puissance coloniale, la France.&nbsp;<\/p>\n\n\n\n<p><em>On observe non pas un regain de stabilit\u00e9, mais une volont\u00e9 de s\u2019affranchir de ce que le r\u00e9gime appelle une tutelle et de repenser les mod\u00e8les de coop\u00e9rations.<\/em><strong>J\u00e9r\u00f4me Pign\u00e9, pr\u00e9sident et co-fondateur du r\u00e9seau de r\u00e9flexion strat\u00e9gique sur la s\u00e9curit\u00e9 au Sahel<\/strong><\/p>\n\n\n\n<p>Il y a un changement de discours dans la lutte contre le terrorisme, mais aussi une orientation beaucoup plus souverainiste pour les uns, populistes pour d\u2019autres. Cela rejoint une logique de red\u00e9finition de ses priorit\u00e9s, de ses int\u00e9r\u00eats et des partenariats. \u00c0 travers cette dynamique l\u00e0, on observe non pas un regain de stabilit\u00e9, mais une volont\u00e9 de s\u2019affranchir de ce que le r\u00e9gime appelle une tutelle et de repenser les mod\u00e8les de coop\u00e9rations.&nbsp;<\/p>\n\n\n\n<p>.<\/p>\n\n\n\n<p>Il semblerait que le Burkina Faso soit en train de s\u2019inspirer de ce qui est fait au Mali. Le Premier ministre burkinab\u00e8&nbsp;a \u00e9t\u00e9 ces derni\u00e8res semaines en Russie. Cette visite a possiblement \u00e9t\u00e9 facilit\u00e9e logistiquement par le Mali, car il serait parti depuis Bamako. Le changement&nbsp; est surtout dans la posture, les discours.&nbsp;<\/p>\n\n\n\n<p><strong>TV5MONDE : Le Burkina Faso demande \u00e0 la France de remplacer son ambassadeur. Y a-t-il un lien entre les probl\u00e9matiques s\u00e9curitaires et diplomatiques ?&nbsp;<\/strong><\/p>\n\n\n\n<p><strong>J\u00e9r\u00f4me Pign\u00e9 :&nbsp;<\/strong>Le postulat de cette transition, c\u2019est que les r\u00e9gimes pr\u00e9c\u00e9dents ont failli. Ils ont aussi failli de par l\u2019architecture de la coop\u00e9ration avec un certain nombre de partenaires internationaux. C\u2019est \u00e9videmment la France qui est vis\u00e9e car elle a eu un leadership politique et militaire, \u00e0 travers son intervention au Sahel(NDLR : 400 soldats fran\u00e7ais sont actuellement pr\u00e9sents au Burkina Faso. Le ministre des Arm\u00e9s S\u00e9bastien Lecornu envisage leur retrait). Cela fait partie de ce narratif qui consiste \u00e0 dire qu\u2019ils trouvent une situation dont ils h\u00e9ritent, dont il faut corriger les travers. L\u2019un des travers est le d\u00e9s\u00e9quilibre, le manque de r\u00e9ciprocit\u00e9 dans la coop\u00e9ration avec le partenaire historique et strat\u00e9gique qui \u00e9tait la France.&nbsp;<\/p>\n\n\n\n<p><em>Les autorit\u00e9s consid\u00e8rent que si la France n\u2019a pas r\u00e9ussi \u00e0 lutter contre le terrorisme, c\u2019est que quelque part elle en est responsable.<\/em><strong>J\u00e9r\u00f4me Pign\u00e9, pr\u00e9sident et co-fondateur du r\u00e9seau de r\u00e9flexion strat\u00e9gique sur la s\u00e9curit\u00e9 au Sahel<\/strong><\/p>\n\n\n\n<h3 class=\"wp-block-heading\">L\u2019ambassadeur de France pri\u00e9 de plier bagage<\/h3>\n\n\n\n<ul class=\"wp-block-list\">\n<li>Selon un courrier qui a fuit\u00e9 sur les r\u00e9seaux sociaux, le minist\u00e8re des Affaires \u00e9trang\u00e8res du Burkina Faso a demand\u00e9 fin d\u00e9cembre le remplacement de l\u2019ambassadeur de France Luc Hallande.&nbsp;<\/li>\n\n\n\n<li>D&rsquo;apr\u00e8s plusieurs sources, cette demande est motiv\u00e9e par une lettre envoy\u00e9e aux ressortissants fran\u00e7ais de Koudougou, dans laquelle il leur demandait de \u00ab<em>&nbsp;se relocaliser.<\/em>&nbsp;\u00bb<\/li>\n<\/ul>\n\n\n\n<p>Ils agissent de mani\u00e8re tr\u00e8s directe et tr\u00e8s \u00e9loign\u00e9e de la tradition diplomatique. Ils mettent \u00e0 profit leurs id\u00e9ologies. Ils consid\u00e8rent que si la France n\u2019a pas r\u00e9ussi \u00e0 lutter contre le terrorisme, c\u2019est que quelque part elle en est responsable. Les discours sont suivis d\u2019une certaine forme de mat\u00e9rialisation tr\u00e8s concr\u00e8te et r\u00e9elle. Cela s\u2019inscrit dans une reformulation du partenariat strat\u00e9gique \u00e0 court terme. C\u2019est la volont\u00e9 affich\u00e9e du moment et la France est le premier fusible de cette volont\u00e9.&nbsp;<\/p>\n\n\n\n<p><strong>TV5MONDE : Quelles solutions permettraient de r\u00e9soudre les probl\u00e9matiques s\u00e9curitaires au Burkina Faso ?&nbsp;<\/strong><\/p>\n\n\n\n<p><strong>J\u00e9r\u00f4me Pign\u00e9 :&nbsp;<\/strong>Malheureusement, au Burkina Faso comme dans d\u2019autres pays, les solutions doivent n\u00e9cessairement \u00e0 court et moyen terme \u00eatre endog\u00e8nes. La difficult\u00e9 pour les \u00c9tats du moment, c\u2019est qu\u2019on a une volatilit\u00e9 politique. Cela ne peut pas favoriser la mise en place de grands chantiers. La r\u00e9organisation de l\u2019arm\u00e9e est un processus qui se r\u00e9fl\u00e9chit en amont. Ce n\u2019est pas en un claquement de doigt que l\u2019on peut acqu\u00e9rir du mat\u00e9riel militaire et logistique.&nbsp;<\/p>\n\n\n\n<ul class=\"wp-block-list\">\n<li><\/li>\n<\/ul>\n\n\n\n<p>La difficult\u00e9, c\u2019est \u00e0 la fois de panser les blessures du moment, et d\u2019adopter une strat\u00e9gie militaire pour lutter contre le terrorisme. En m\u00eame temps, ce sont des pays qui sont fragilis\u00e9s structurellement par une pauvret\u00e9 end\u00e9mique, des institutions, de la corruption, etc. La r\u00e9ponse doit n\u00e9cessairement \u00eatre endog\u00e8ne, accompagn\u00e9e par les partenaires internationaux. Il faut donc \u00e0 la fois agir sur le court terme tout en ayant une vision qui soit g\u00e9opolitique dans l\u2019int\u00e9r\u00eat et la mont\u00e9e en puissance des arm\u00e9es mais surtout d\u2019avoir une approche plurisectorielle. Il est difficile de concilier court et moyen-long terme. La r\u00e9alit\u00e9 du terrain rattrape souvent les grands id\u00e9aux de ces r\u00e9gimes transitoires.&nbsp;<\/p>\n\n\n\n<p>Margot Hutton<\/p>\n\n\n\n<p><\/p>\n","protected":false},"excerpt":{"rendered":"<p>La veille du Nouvel an, 28 corps ont \u00e9t\u00e9 d\u00e9couverts \u00e0 Nouna, dans le nord-ouest du Burkina Faso. Une enqu\u00eate<\/p>\n","protected":false},"author":1,"featured_media":5806,"comment_status":"open","ping_status":"open","sticky":false,"template":"","format":"standard","meta":{"footnotes":""},"categories":[51],"tags":[],"class_list":["post-5805","post","type-post","status-publish","format-standard","has-post-thumbnail","hentry","category-general"],"_links":{"self":[{"href":"https:\/\/dekkbi.com\/index.php?rest_route=\/wp\/v2\/posts\/5805","targetHints":{"allow":["GET"]}}],"collection":[{"href":"https:\/\/dekkbi.com\/index.php?rest_route=\/wp\/v2\/posts"}],"about":[{"href":"https:\/\/dekkbi.com\/index.php?rest_route=\/wp\/v2\/types\/post"}],"author":[{"embeddable":true,"href":"https:\/\/dekkbi.com\/index.php?rest_route=\/wp\/v2\/users\/1"}],"replies":[{"embeddable":true,"href":"https:\/\/dekkbi.com\/index.php?rest_route=%2Fwp%2Fv2%2Fcomments&post=5805"}],"version-history":[{"count":1,"href":"https:\/\/dekkbi.com\/index.php?rest_route=\/wp\/v2\/posts\/5805\/revisions"}],"predecessor-version":[{"id":5807,"href":"https:\/\/dekkbi.com\/index.php?rest_route=\/wp\/v2\/posts\/5805\/revisions\/5807"}],"wp:featuredmedia":[{"embeddable":true,"href":"https:\/\/dekkbi.com\/index.php?rest_route=\/wp\/v2\/media\/5806"}],"wp:attachment":[{"href":"https:\/\/dekkbi.com\/index.php?rest_route=%2Fwp%2Fv2%2Fmedia&parent=5805"}],"wp:term":[{"taxonomy":"category","embeddable":true,"href":"https:\/\/dekkbi.com\/index.php?rest_route=%2Fwp%2Fv2%2Fcategories&post=5805"},{"taxonomy":"post_tag","embeddable":true,"href":"https:\/\/dekkbi.com\/index.php?rest_route=%2Fwp%2Fv2%2Ftags&post=5805"}],"curies":[{"name":"wp","href":"https:\/\/api.w.org\/{rel}","templated":true}]}}