{"id":58040,"date":"2025-06-12T13:51:03","date_gmt":"2025-06-12T13:51:03","guid":{"rendered":"https:\/\/dekkbi.com\/?p=58040"},"modified":"2025-06-12T13:51:03","modified_gmt":"2025-06-12T13:51:03","slug":"mali-des-centaines-de-civils-tortures-par-les-mercenaires-russes-de-wagner-selon-un-collectif-de-journalistes","status":"publish","type":"post","link":"https:\/\/dekkbi.com\/?p=58040","title":{"rendered":"Mali: des \u00ab\u00a0centaines de civils\u00a0\u00bb tortur\u00e9s par les mercenaires russes de Wagner, selon un collectif de journalistes"},"content":{"rendered":"\n<p>Par \u00a9 2025 AFP &#8211; Une enqu\u00eate du collectif de journalistes Forbidden Stories publi\u00e9e jeudi r\u00e9v\u00e8le que les paramilitaires russes de Wagner, pr\u00e9sents au Mali depuis trois ans et demi, ont \u00ab\u00a0kidnapp\u00e9 et d\u00e9tenu des centaines de civils sur d&rsquo;anciennes bases de l&rsquo;ONU et dans des camps militaires partag\u00e9s avec l&rsquo;arm\u00e9e malienne\u00a0\u00bb.<\/p>\n\n\n\n<p>Depuis deux coups d&rsquo;\u00c9tat en 2020 et 2021 qui ont port\u00e9 au pouvoir une junte, dirig\u00e9e par le g\u00e9n\u00e9ral Assimi Go\u00efta, le Mali a rompu son alliance avec l&rsquo;ancienne puissance coloniale fran\u00e7aise pour se tourner militairement et politiquement vers la Russie, notamment en faisant appel aux services de Wagner.<\/p>\n\n\n\n<p>Les personnes interrog\u00e9es pour l&rsquo;enqu\u00eate, depuis des camps de r\u00e9fugi\u00e9s en Mauritanie voisine, ont t\u00e9moign\u00e9 des s\u00e9vices subis dans les ge\u00f4les des mercenaires russes.<\/p>\n\n\n\n<p>Certains rescap\u00e9s racontent avoir subi des simulacres de noyade, re\u00e7u des coups port\u00e9s avec des c\u00e2bles \u00e9lectriques, ou encore avoir \u00e9t\u00e9 br\u00fbl\u00e9s par des m\u00e9gots de cigarettes.<\/p>\n\n\n\n<p>L&rsquo;enqu\u00eate r\u00e9v\u00e8le une litanie d&rsquo;exactions: \u00ab\u00a0enl\u00e8vements, arrestations arbitraires, absence de contact avec le monde ext\u00e9rieur, recours \u00e0 la torture syst\u00e9matique \u2013 parfois jusqu\u2019\u00e0 la mort\u00a0\u00bb.<\/p>\n\n\n\n<p>Le collectif a identifi\u00e9 six lieux de d\u00e9tention o\u00f9 le groupe paramilitaire russe a d\u00e9tenu des civils entre 2022 et 2024, mais ce nombre pourrait \u00eatre \u00ab\u00a0bien plus \u00e9lev\u00e9\u00a0\u00bb, selon les journalistes.<\/p>\n\n\n\n<p>\u00ab\u00a0Notre consortium a pu identifier six bases militaires dans lesquelles des civils maliens ont \u00e9t\u00e9 d\u00e9tenus et tortur\u00e9s par Wagner entre 2022 et 2024 : Bapho, Kidal, Nampala, Niafunk\u00e9, S\u00e9var\u00e9, Sofara\u00a0\u00bb, indique l&rsquo;enqu\u00eate, men\u00e9e en collaboration avec la cha\u00eene fran\u00e7aise France 24, le quotidien fran\u00e7ais Le Monde et le site russe ind\u00e9pendant IStories.<\/p>\n\n\n\n<p>Depuis trois ans et demi, le Mali a fait appel au groupe Wagner pour l&rsquo;aider dans sa lutte contre les groupes jihadistes qui ont fait des milliers de morts sur son territoire.<\/p>\n\n\n\n<p>Le Mali n&rsquo;a jamais reconnu formellement la pr\u00e9sence des mercenaires de Wagner, affirmant avoir faire appel \u00e0 des instructeurs russes.<\/p>\n\n\n\n<p>La semaine derni\u00e8re, une cha\u00eene Telegram affili\u00e9e \u00e0 Wagner a annonc\u00e9 que le groupe quittait le Mali. Ses contingents seront r\u00e9int\u00e9gr\u00e9s au sein de son successeur, l&rsquo;Africa Corps, une autre organisation sous le contr\u00f4le du minist\u00e8re de la D\u00e9fense russe, selon des sources diplomatiques et s\u00e9curitaires.<\/p>\n\n\n\n<p>Les m\u00e9thodes brutales de Wagner sur le terrain au Mali ont \u00e9t\u00e9 r\u00e9guli\u00e8rement d\u00e9nonc\u00e9es par des ONG de d\u00e9fense des droits humains.<\/p>\n\n\n\n<p>L&rsquo;ONU a accus\u00e9 dans un rapport l&rsquo;arm\u00e9e malienne et des combattants \u00ab\u00a0\u00e9trangers\u00a0\u00bb d&rsquo;avoir ex\u00e9cut\u00e9 en mars 2022 au moins 500 personnes lors d&rsquo;une op\u00e9ration antijihadiste \u00e0 Moura, dans le centre du pays, ce qu&rsquo;a r\u00e9fut\u00e9 la junte malienne. Selon les Occidentaux, ces combattants \u00e9trangers \u00e9taient des membres de Wagner.<\/p>\n\n\n\n<p>En avril dernier, des corps ont \u00e9t\u00e9 d\u00e9couverts aux abords d&rsquo;un camp militaire malien, quelques jours apr\u00e8s l&rsquo;arrestation par l&rsquo;arm\u00e9e et des paramilitaires de Wagner de dizaines de civils, appartenant pour la plupart \u00e0 la communaut\u00e9 peule.<\/p>\n\n\n\n<p><\/p>\n","protected":false},"excerpt":{"rendered":"<p>Par \u00a9 2025 AFP &#8211; Une enqu\u00eate du collectif de journalistes Forbidden Stories publi\u00e9e jeudi r\u00e9v\u00e8le que les paramilitaires russes<\/p>\n","protected":false},"author":1,"featured_media":8178,"comment_status":"open","ping_status":"open","sticky":false,"template":"","format":"standard","meta":{"footnotes":""},"categories":[51],"tags":[],"class_list":["post-58040","post","type-post","status-publish","format-standard","has-post-thumbnail","hentry","category-general"],"_links":{"self":[{"href":"https:\/\/dekkbi.com\/index.php?rest_route=\/wp\/v2\/posts\/58040","targetHints":{"allow":["GET"]}}],"collection":[{"href":"https:\/\/dekkbi.com\/index.php?rest_route=\/wp\/v2\/posts"}],"about":[{"href":"https:\/\/dekkbi.com\/index.php?rest_route=\/wp\/v2\/types\/post"}],"author":[{"embeddable":true,"href":"https:\/\/dekkbi.com\/index.php?rest_route=\/wp\/v2\/users\/1"}],"replies":[{"embeddable":true,"href":"https:\/\/dekkbi.com\/index.php?rest_route=%2Fwp%2Fv2%2Fcomments&post=58040"}],"version-history":[{"count":1,"href":"https:\/\/dekkbi.com\/index.php?rest_route=\/wp\/v2\/posts\/58040\/revisions"}],"predecessor-version":[{"id":58041,"href":"https:\/\/dekkbi.com\/index.php?rest_route=\/wp\/v2\/posts\/58040\/revisions\/58041"}],"wp:featuredmedia":[{"embeddable":true,"href":"https:\/\/dekkbi.com\/index.php?rest_route=\/wp\/v2\/media\/8178"}],"wp:attachment":[{"href":"https:\/\/dekkbi.com\/index.php?rest_route=%2Fwp%2Fv2%2Fmedia&parent=58040"}],"wp:term":[{"taxonomy":"category","embeddable":true,"href":"https:\/\/dekkbi.com\/index.php?rest_route=%2Fwp%2Fv2%2Fcategories&post=58040"},{"taxonomy":"post_tag","embeddable":true,"href":"https:\/\/dekkbi.com\/index.php?rest_route=%2Fwp%2Fv2%2Ftags&post=58040"}],"curies":[{"name":"wp","href":"https:\/\/api.w.org\/{rel}","templated":true}]}}