{"id":5799,"date":"2023-01-04T16:08:36","date_gmt":"2023-01-04T16:08:36","guid":{"rendered":"https:\/\/dekkbi.com\/?p=5799"},"modified":"2023-01-04T16:08:38","modified_gmt":"2023-01-04T16:08:38","slug":"bresil-dans-sa-ville-de-santos-le-roi-pele-a-rejoint-sa-derniere-demeure","status":"publish","type":"post","link":"https:\/\/dekkbi.com\/?p=5799","title":{"rendered":"Br\u00e9sil: dans sa ville de Santos, le Roi Pel\u00e9 a rejoint sa derni\u00e8re demeure"},"content":{"rendered":"\n<p><a rel=\"noreferrer noopener\" href=\"https:\/\/www.facebook.com\/dialog\/share?app_id=113191652055439&amp;href=https%3A%2F%2Frfi.my%2F92Nm.F&amp;redirect_uri=https%3A%2F%2Fwww.rfi.fr%2Ffr%2Fam%25C3%25A9riques%2F20230103-br%25C3%25A9sil-dans-sa-ville-de-santos-le-roi-pel%25C3%25A9-a-rejoint-sa-derni%25C3%25A8re-demeure&amp;locale=fr_FR\" target=\"_blank\"><\/a><a rel=\"noreferrer noopener\" href=\"https:\/\/twitter.com\/intent\/tweet?url=https%3A%2F%2Frfi.my%2F92Nm.T&amp;via=RFI&amp;related=rfi&amp;text=Br%C3%A9sil%3A%20dans%20sa%20ville%20de%20Santos%2C%20le%20Roi%20Pel%C3%A9%20a%20rejoint%20sa%20derni%C3%A8re%20demeure&amp;lang=fr\" target=\"_blank\"><\/a><a rel=\"noreferrer noopener\" href=\"https:\/\/web.whatsapp.com\/send?text=Br%C3%A9sil%3A%20dans%20sa%20ville%20de%20Santos%2C%20le%20Roi%20Pel%C3%A9%20a%20rejoint%20sa%20derni%C3%A8re%20demeure%20-%20https%3A%2F%2Frfi.my%2F92Nm.W\" target=\"_blank\"><\/a>Des chants, des larmes et des t\u00e9l\u00e9phones portables brandis par milliers pour immortaliser\u00a0l&rsquo;instant. La procession de la d\u00e9pouille d&rsquo;Edson Arantes do Nascimento, dit Pel\u00e9,\u00a0a permis ce mardi 3\u00a0janvier \u00e0 Santos, ainsi qu&rsquo;\u00e0 tout le Br\u00e9sil, de rendre un dernier hommage au Roi, seul footballeur de l&rsquo;histoire \u00e0 avoir gagn\u00e9 trois Coupes du monde.<\/p>\n\n\n\n<p><em>Avec nos envoy\u00e9s sp\u00e9ciaux dans l&rsquo;\u00c9tat\u00a0de\u00a0S\u00e3o Paulo,\u00a0<\/em><strong>Annie Gasnier\u00a0<\/strong><em>et<\/em><strong>\u00a0Richard Riffonneau<\/strong> &#8211; RFI<\/p>\n\n\n\n<p>Ambiance de communion nationale, pour l&rsquo;ultime adieu&nbsp;au Roi, dont les obs\u00e8ques se tenaient ce mardi \u00e0 Santos, apr\u00e8s 24&nbsp;heures de veill\u00e9e fun\u00e8bre dans le stade du club de la ville, dont Pel\u00e9&nbsp;a&nbsp;port\u00e9 haut les couleurs.<\/p>\n\n\n\n<p>D\u00e8s que le cercueil est sorti de l&rsquo;enceinte sportive, les supporters l&rsquo;ont accompagn\u00e9. Notamment Eduardo.<\/p>\n\n\n\n<blockquote class=\"wp-block-quote is-layout-flow wp-block-quote-is-layout-flow\">\n<p>C\u2019est une grande tristesse de voir le cercueil, et en m\u00eame temps une joie immense de savoir que ce&nbsp;grand homme a jou\u00e9 pour notre club, a port\u00e9 notre maillot sacr\u00e9 de Santos, et qu\u2019il a montr\u00e9 au monde le plus beau des footballs. C\u2019est un honneur pour nous, supporters. Pel\u00e9&nbsp;est \u00e9ternel, jamais il ne mourra, pour nous. Il restera dans nos c\u0153urs. Et maintenant, je vais le suivre jusqu\u2019au cimeti\u00e8re.<\/p>\n<\/blockquote>\n\n\n\n<p>Des milliers de personnes ont accompagn\u00e9&nbsp;le cercueil noir&nbsp;de la l\u00e9gende du football br\u00e9silien et mondial, ce mardi \u00e0 travers Santos. La famille et les proches de Pel\u00e9 auront ainsi patient\u00e9 bien plus longtemps que pr\u00e9vu.<\/p>\n\n\n\n<p>Le cort\u00e8ge emmenant sa d\u00e9pouille \u00e0 travers la ville avait \u00e9t\u00e9&nbsp;voulu par Pel\u00e9 lui-m\u00eame, qui&nbsp;avait pr\u00e9par\u00e9 ses propres fun\u00e9railles avec minutie. Mais il&nbsp;aura dur\u00e9 trois heures et demie, au lieu des 50 minutes annonc\u00e9es.<\/p>\n\n\n\n<p>Le long des rues o\u00f9 avan\u00e7ait le camion de pompiers emportant l&rsquo;ic\u00f4ne&nbsp;:&nbsp;des dizaines de personnes&nbsp;ralentissant l&rsquo;avanc\u00e9e du convoi, notamment des groupes de supporters, qui chantaient et agitaient leurs banderoles.<\/p>\n\n\n\n<p>De la sortie du stade Urbano-Caldeira du Santos Futebol Clube, plus connu sous le nom de stade Vila Belmiro, jusqu&rsquo;aux abords du cimeti\u00e8re, les fans les plus fid\u00e8les auront ainsi accompagn\u00e9 Pel\u00e9 vers sa derni\u00e8re demeure.<\/p>\n\n\n\n<h2 class=\"wp-block-heading\">\u00ab&nbsp;Il a beaucoup compt\u00e9 pour le Br\u00e9sil, pour Santos et pour moi&nbsp;\u00bb<\/h2>\n\n\n\n<p>En amont, selon la police militaire&nbsp;cit\u00e9e par le club, quelque 230&nbsp;000 personnes, soit la moiti\u00e9 de la population de Santos, sont venues en 24&nbsp;heures rendre hommage au plus grand h\u00e9ros de l&rsquo;histoire de la&nbsp;ville.<\/p>\n\n\n\n<p>Un immense hommage populaire, donc, m\u00eame si bien peu de grands joueurs br\u00e9siliens se sont d\u00e9plac\u00e9s jusqu&rsquo;au stade. Parmi les personnalit\u00e9s qui l&rsquo;auront fait&nbsp;:&nbsp;le pr\u00e9sident du pays, Luiz In\u00e1cio&nbsp;Lula da Silva.<\/p>\n\n\n\n<p><\/p>\n\n\n\n<p>Tout juste r\u00e9install\u00e9 au pouvoir \u00e0 Bras\u00edlia, au troisi\u00e8me jour de son mandat, Lula est venu dans la matin\u00e9e, peu avant la lev\u00e9e du corps, pour pr\u00e9senter ses condol\u00e9ances \u00e0 la famille endeuill\u00e9e.<\/p>\n\n\n\n<p>\u00ab&nbsp;<em>Pel\u00e9 \u00e9tait incomparable. Il a beaucoup compt\u00e9 pour le Br\u00e9sil, pour Santos et pour moi<\/em>&nbsp;\u00bb,&nbsp;a-t-il notamment dit.<\/p>\n\n\n\n<blockquote class=\"wp-block-quote is-layout-flow wp-block-quote-is-layout-flow\">\n<p>Pel\u00e9 \u00e9tait, en plus d\u2019\u00eatre le meilleur joueur du monde, une personne humble&nbsp;et tr\u00e8s simple. C\u2019est une immense perte pour le Br\u00e9sil. Mais il faut se dire que Pel\u00e9 n\u2019est pas mort, il est juste parti vers un endroit meilleur. Qu\u2019il repose en paix.<\/p>\n<\/blockquote>\n\n\n\n<p>Le corps de la l\u00e9gende&nbsp;repose d\u00e9sormais dans un mausol\u00e9e de 200m<sup>2<\/sup>, dans le cimeti\u00e8re vertical de la ville de Santos.<\/p>\n\n\n\n<p>La fin de deux journ\u00e9es d&rsquo;hommages pour ces milliers de Br\u00e9siliens touch\u00e9s par la disparition de leur \u00ab&nbsp;roi&nbsp;\u00bb, \u00e0 l&rsquo;instar du&nbsp;retrait\u00e9 Marco Gama, venu de S\u00e3o&nbsp;Paulo.<\/p>\n\n\n\n<blockquote class=\"wp-block-quote is-layout-flow wp-block-quote-is-layout-flow\">\n<p>J\u2019ai vu Pel\u00e9 jouer, je voyais tous les matches de Santos, et je ne pouvais pas ne pas \u00eatre ici&nbsp;! C\u2019est l\u2019homme le plus fameux qui ait exist\u00e9 dans le monde du football. Impossible de ne pas venir. Et c\u2019\u00e9tait tr\u00e8s \u00e9mouvant, beaucoup de monde, et m\u00eame le pr\u00e9sident Lula. C\u2019est bien qu\u2019il soit venu, notre pr\u00e9sident.<\/p>\n<\/blockquote>\n\n\n\n<figure class=\"wp-block-image size-full\"><img decoding=\"async\" src=\"https:\/\/dekkbi.com\/wp-content\/uploads\/2023\/01\/image-5.gif\" alt=\"\" class=\"wp-image-5801\"\/><figcaption class=\"wp-element-caption\">La d\u00e9pouille de Pel\u00e9 arrive dans sa derni\u00e8re demeure \u00e0 Santos, ce mardi 3 janvier 2023.&nbsp;AP &#8211; Andre Penner<\/figcaption><\/figure>\n","protected":false},"excerpt":{"rendered":"<p>Des chants, des larmes et des t\u00e9l\u00e9phones portables brandis par milliers pour immortaliser\u00a0l&rsquo;instant. La procession de la d\u00e9pouille d&rsquo;Edson Arantes<\/p>\n","protected":false},"author":1,"featured_media":5803,"comment_status":"open","ping_status":"open","sticky":false,"template":"","format":"standard","meta":{"footnotes":""},"categories":[21],"tags":[],"class_list":["post-5799","post","type-post","status-publish","format-standard","has-post-thumbnail","hentry","category-societe"],"_links":{"self":[{"href":"https:\/\/dekkbi.com\/index.php?rest_route=\/wp\/v2\/posts\/5799","targetHints":{"allow":["GET"]}}],"collection":[{"href":"https:\/\/dekkbi.com\/index.php?rest_route=\/wp\/v2\/posts"}],"about":[{"href":"https:\/\/dekkbi.com\/index.php?rest_route=\/wp\/v2\/types\/post"}],"author":[{"embeddable":true,"href":"https:\/\/dekkbi.com\/index.php?rest_route=\/wp\/v2\/users\/1"}],"replies":[{"embeddable":true,"href":"https:\/\/dekkbi.com\/index.php?rest_route=%2Fwp%2Fv2%2Fcomments&post=5799"}],"version-history":[{"count":1,"href":"https:\/\/dekkbi.com\/index.php?rest_route=\/wp\/v2\/posts\/5799\/revisions"}],"predecessor-version":[{"id":5804,"href":"https:\/\/dekkbi.com\/index.php?rest_route=\/wp\/v2\/posts\/5799\/revisions\/5804"}],"wp:featuredmedia":[{"embeddable":true,"href":"https:\/\/dekkbi.com\/index.php?rest_route=\/wp\/v2\/media\/5803"}],"wp:attachment":[{"href":"https:\/\/dekkbi.com\/index.php?rest_route=%2Fwp%2Fv2%2Fmedia&parent=5799"}],"wp:term":[{"taxonomy":"category","embeddable":true,"href":"https:\/\/dekkbi.com\/index.php?rest_route=%2Fwp%2Fv2%2Fcategories&post=5799"},{"taxonomy":"post_tag","embeddable":true,"href":"https:\/\/dekkbi.com\/index.php?rest_route=%2Fwp%2Fv2%2Ftags&post=5799"}],"curies":[{"name":"wp","href":"https:\/\/api.w.org\/{rel}","templated":true}]}}