{"id":57984,"date":"2025-06-11T14:37:05","date_gmt":"2025-06-11T14:37:05","guid":{"rendered":"https:\/\/dekkbi.com\/?p=57984"},"modified":"2025-06-11T14:37:20","modified_gmt":"2025-06-11T14:37:20","slug":"darou-mouhty-aucun-politicien-nosera-minterdire-de-briguer-les-suffrages-des-populations-lors-des-prochaines-elections-municipales","status":"publish","type":"post","link":"https:\/\/dekkbi.com\/?p=57984","title":{"rendered":"DAROU MOUHTY : \u00ab Aucun politicien n\u2019osera m\u2019interdire de briguer les suffrages des populations lors des prochaines \u00e9lections municipales \u00bb"},"content":{"rendered":"\n<p>\u00c0 l\u2019occasion de la c\u00e9l\u00e9bration de l\u2019anniversaire du mouvement citoyen \u00ab Waajal \u00cbl\u00ebk \u00bb, son fondateur, Mame Thierno Birahim Mbaye, a annonc\u00e9 officiellement sa candidature aux prochaines \u00e9lections municipales dans la commune de Darou Mouhty. Devant une foule venue l\u2019\u00e9couter, le leader politique a mis l\u2019accent sur son ind\u00e9pendance politique et son soutien ind\u00e9fectible \u00e0 Ousmane Sonko, tout en affirmant ne pas appartenir au parti Pastef.<\/p>\n\n\n\n<p>\u00ab Ce meeting a \u00e9t\u00e9 int\u00e9gralement financ\u00e9 par mes militants. Pour un enseignant comme moi, il faudrait \u00e9conomiser cinq ans de salaire pour une telle organisation \u00bb, a-t-il d\u00e9clar\u00e9, insistant sur l\u2019engagement financier et moral de ses partisans. Il en a profit\u00e9 pour critiquer la nouvelle tendance \u00e0 la politique num\u00e9rique : \u00ab La politique ne doit pas se faire sur les r\u00e9seaux sociaux&#8230; Beaucoup de leaders ne jurent que par les vues et les \u00ab\u00a0j&rsquo;aime\u00a0\u00bb. \u00bb<\/p>\n\n\n\n<p>Interrog\u00e9 sur son ambition municipale, Mame Thierno Birahim Mbaye ne laisse place \u00e0 aucun doute : \u00ab Je suis candidat. Et je gagnerai. Aucun politicien ne peut m\u2019emp\u00eacher de briguer les suffrages \u00e0 Darou. \u00bb Il a \u00e9galement appel\u00e9 le Premier ministre \u00e0 accorder davantage d&rsquo;attention \u00e0 la ville de Darou Mouhty et au d\u00e9partement de K\u00e9b\u00e9mer, qu\u2019il estime, de tout temps, n\u00e9glig\u00e9s.<\/p>\n\n\n\n<p>La journ\u00e9e s\u2019est d\u00e9roul\u00e9e sous le signe de la ferveur populaire, et le contraste entre sa mobilisation et celle d\u2019un autre rassemblement organis\u00e9 par Modou Diagne Fada le m\u00eame jour n\u2019a pas \u00e9chapp\u00e9 au candidat : \u00ab Il n\u2019y a pas photo \u00bb, a-t-il lanc\u00e9 avec assurance.<\/p>\n","protected":false},"excerpt":{"rendered":"<p>\u00c0 l\u2019occasion de la c\u00e9l\u00e9bration de l\u2019anniversaire du mouvement citoyen \u00ab Waajal \u00cbl\u00ebk \u00bb, son fondateur, Mame Thierno Birahim Mbaye,<\/p>\n","protected":false},"author":1,"featured_media":57985,"comment_status":"open","ping_status":"open","sticky":false,"template":"","format":"standard","meta":{"footnotes":""},"categories":[6],"tags":[],"class_list":["post-57984","post","type-post","status-publish","format-standard","has-post-thumbnail","hentry","category-politics"],"_links":{"self":[{"href":"https:\/\/dekkbi.com\/index.php?rest_route=\/wp\/v2\/posts\/57984","targetHints":{"allow":["GET"]}}],"collection":[{"href":"https:\/\/dekkbi.com\/index.php?rest_route=\/wp\/v2\/posts"}],"about":[{"href":"https:\/\/dekkbi.com\/index.php?rest_route=\/wp\/v2\/types\/post"}],"author":[{"embeddable":true,"href":"https:\/\/dekkbi.com\/index.php?rest_route=\/wp\/v2\/users\/1"}],"replies":[{"embeddable":true,"href":"https:\/\/dekkbi.com\/index.php?rest_route=%2Fwp%2Fv2%2Fcomments&post=57984"}],"version-history":[{"count":1,"href":"https:\/\/dekkbi.com\/index.php?rest_route=\/wp\/v2\/posts\/57984\/revisions"}],"predecessor-version":[{"id":57986,"href":"https:\/\/dekkbi.com\/index.php?rest_route=\/wp\/v2\/posts\/57984\/revisions\/57986"}],"wp:featuredmedia":[{"embeddable":true,"href":"https:\/\/dekkbi.com\/index.php?rest_route=\/wp\/v2\/media\/57985"}],"wp:attachment":[{"href":"https:\/\/dekkbi.com\/index.php?rest_route=%2Fwp%2Fv2%2Fmedia&parent=57984"}],"wp:term":[{"taxonomy":"category","embeddable":true,"href":"https:\/\/dekkbi.com\/index.php?rest_route=%2Fwp%2Fv2%2Fcategories&post=57984"},{"taxonomy":"post_tag","embeddable":true,"href":"https:\/\/dekkbi.com\/index.php?rest_route=%2Fwp%2Fv2%2Ftags&post=57984"}],"curies":[{"name":"wp","href":"https:\/\/api.w.org\/{rel}","templated":true}]}}