{"id":57967,"date":"2025-06-11T14:25:41","date_gmt":"2025-06-11T14:25:41","guid":{"rendered":"https:\/\/dekkbi.com\/?p=57967"},"modified":"2025-06-11T14:25:44","modified_gmt":"2025-06-11T14:25:44","slug":"etats-unis-elon-musk-dit-regretter-detre-alle-trop-loin-dans-ses-critiques-contre-trump","status":"publish","type":"post","link":"https:\/\/dekkbi.com\/?p=57967","title":{"rendered":"\u00c9tats-Unis: Elon Musk dit regretter d&rsquo;\u00eatre \u00aball\u00e9 trop loin\u00bb dans ses critiques contre Trump"},"content":{"rendered":"\n<p>Le multimilliardaire Elon Musk a dit, mercredi 11 juin, regretter d&rsquo;\u00eatre \u00ab&nbsp;<em>all\u00e9 trop loin<\/em>&nbsp;\u00bb dans certaines de ses publications contre Donald Trump, son ancien alli\u00e9, quelques jours apr\u00e8s leur tonitruante dispute en place publique.<\/p>\n\n\n\n<p>Par :RFI avec AFP<\/p>\n\n\n\n<p>\u00ab&nbsp;<em>Je regrette certains de mes messages sur le pr\u00e9sident<\/em>&nbsp;(&#8230;)<em>&nbsp;la semaine derni\u00e8re. Ils sont all\u00e9s trop loin<\/em>&nbsp;\u00bb, a-t-il publi\u00e9 sur X.<\/p>\n\n\n\n<p>Pour afficher ce contenu X (Twitter), il est n\u00e9cessaire d&rsquo;autoriser les cookies de mesure d&rsquo;audience et de publicit\u00e9.AccepterG\u00e9rer mes choix<\/p>\n\n\n\n<p>Il avait fait un premier geste en supprimant en fin de semaine derni\u00e8re un post sur X publi\u00e9 au plus fort de sa dispute avec le pr\u00e9sident am\u00e9ricain, dans lequel il l&rsquo;accusait d&rsquo;\u00eatre impliqu\u00e9 dans l&rsquo;affaire Jeffrey Epstein, du nom d&rsquo;un financier accus\u00e9 d&rsquo;exploitation sexuelle de mineures.<\/p>\n\n\n\n<p>D&rsquo;autres posts \u00e9crits ou partag\u00e9s par le milliardaire, dont l&rsquo;un appelait \u00e0 destituer Donald Trump, ont \u00e9galement \u00e9t\u00e9 supprim\u00e9s.\u00a0<strong>Elon Musk<\/strong>\u00a0n&rsquo;a pas d\u00e9taill\u00e9 mercredi \u00e0 quelles publications il faisait r\u00e9f\u00e9rence.<\/p>\n\n\n\n<h2 class=\"wp-block-heading\">Dispute publique<\/h2>\n\n\n\n<p>Les deux hommes, qui ont \u00e9t\u00e9 tr\u00e8s proches pendant la campagne de\u00a0<strong>Donald Trump<\/strong>\u00a0et au d\u00e9but de son second mandat, se sont d\u00e9chir\u00e9s publiquement, dans des registres tant professionnels que personnels. L&rsquo;homme d&rsquo;affaires avait ainsi d\u00e9nonc\u00e9 le projet de loi budg\u00e9taire port\u00e9 par Donald Trump, lequel avait mis en cause la sant\u00e9 mentale de ce dernier.<\/p>\n\n\n\n<p>Tout avait commenc\u00e9 quand Elon Musk avait trait\u00e9 d&rsquo;\u00ab&nbsp;<em>abomination r\u00e9pugnante<\/em>&nbsp;\u00bb le grand projet de loi budg\u00e9taire. Donald Trump avait r\u00e9pondu \u00eatre \u00e9tonn\u00e9, d&rsquo;autant que selon lui, Elon Musk connaissait le contenu du projet.<\/p>\n\n\n\n<p>\u00ab<em>&nbsp;Faux<\/em>&nbsp;\u00bb, avait r\u00e9torqu\u00e9 ce dernier, avant d&rsquo;encha\u00eener en affirmant que c&rsquo;\u00e9tait gr\u00e2ce \u00e0 lui, \u00e0 son soutien et \u00e0 ses dollars, que Donald Trump \u00e9tait aujourd&rsquo;hui assis dans le Bureau ovale. Et d&rsquo;\u00e9voquer la possibilit\u00e9 de cr\u00e9er son propre parti politique, lui qui ne peut pas \u00eatre \u00e9lu \u00e0 la Maison Blanche, car n\u00e9 hors des \u00c9tats-Unis.<\/p>\n\n\n\n<h2 class=\"wp-block-heading\">Il est \u00ab<em>&nbsp;devenu fou&nbsp;<\/em>\u00bb<\/h2>\n\n\n\n<p>Il est \u00ab<em>&nbsp;devenu fou&nbsp;<\/em>\u00bb, avait ripost\u00e9 Donald Trump, agitant la menace de supprimer subventions et commandes publiques aux entreprises d&rsquo;Elon Musk, et les \u00e9changes s&rsquo;\u00e9taient poursuivis ainsi pendant des heures sous le regard interloqu\u00e9 du reste de la plan\u00e8te, sid\u00e9r\u00e9 devant le choc entre l&rsquo;homme le plus riche du monde, adoss\u00e9 \u00e0 une fortune de pr\u00e8s de 400 milliards de dollars, et l&rsquo;homme le plus puissant du monde \u00e0 la t\u00eate des \u00c9tats-Unis.<\/p>\n\n\n\n<p>D&rsquo;autant qu&rsquo;ils avaient \u00e9t\u00e9 tr\u00e8s proches, \u00e9changeant d&rsquo;innombrables amabilit\u00e9s au cours des mois pr\u00e9c\u00e9dents, quand Elon Musk avait\u00a0<strong>\u00e9t\u00e9 charg\u00e9 de mettre en place le Doge,<\/strong>\u00a0la commission f\u00e9d\u00e9rale charg\u00e9e de faire fondre, parfois brutalement, les d\u00e9penses de l&rsquo;\u00c9tat f\u00e9d\u00e9ral.<\/p>\n\n\n\n<p>Mais cette s\u00e9paration porte aussi en germe des cons\u00e9quences tr\u00e8s concr\u00e8tes pour les entreprises d&rsquo;Elon Musk, compte tenu du pouvoir ex\u00e9cutif d\u00e9tenu par Donald Trump. Et ce, malgr\u00e9 la place cruciale des entreprises d&rsquo;Elon Musk dans le paysage am\u00e9ricain, m\u00eame si ce dernier soutenait que sa puissance \u00e0 lui \u00e9tait plus durable&nbsp;: \u00ab&nbsp;<em>Trump a encore trois ans et demi en tant que pr\u00e9sident. Moi, je serai l\u00e0 pour encore 40 ans&nbsp;<\/em>\u00bb.<\/p>\n","protected":false},"excerpt":{"rendered":"<p>Le multimilliardaire Elon Musk a dit, mercredi 11 juin, regretter d&rsquo;\u00eatre \u00ab&nbsp;all\u00e9 trop loin&nbsp;\u00bb dans certaines de ses publications contre<\/p>\n","protected":false},"author":1,"featured_media":39809,"comment_status":"open","ping_status":"open","sticky":false,"template":"","format":"standard","meta":{"footnotes":""},"categories":[51],"tags":[],"class_list":["post-57967","post","type-post","status-publish","format-standard","has-post-thumbnail","hentry","category-general"],"_links":{"self":[{"href":"https:\/\/dekkbi.com\/index.php?rest_route=\/wp\/v2\/posts\/57967","targetHints":{"allow":["GET"]}}],"collection":[{"href":"https:\/\/dekkbi.com\/index.php?rest_route=\/wp\/v2\/posts"}],"about":[{"href":"https:\/\/dekkbi.com\/index.php?rest_route=\/wp\/v2\/types\/post"}],"author":[{"embeddable":true,"href":"https:\/\/dekkbi.com\/index.php?rest_route=\/wp\/v2\/users\/1"}],"replies":[{"embeddable":true,"href":"https:\/\/dekkbi.com\/index.php?rest_route=%2Fwp%2Fv2%2Fcomments&post=57967"}],"version-history":[{"count":1,"href":"https:\/\/dekkbi.com\/index.php?rest_route=\/wp\/v2\/posts\/57967\/revisions"}],"predecessor-version":[{"id":57968,"href":"https:\/\/dekkbi.com\/index.php?rest_route=\/wp\/v2\/posts\/57967\/revisions\/57968"}],"wp:featuredmedia":[{"embeddable":true,"href":"https:\/\/dekkbi.com\/index.php?rest_route=\/wp\/v2\/media\/39809"}],"wp:attachment":[{"href":"https:\/\/dekkbi.com\/index.php?rest_route=%2Fwp%2Fv2%2Fmedia&parent=57967"}],"wp:term":[{"taxonomy":"category","embeddable":true,"href":"https:\/\/dekkbi.com\/index.php?rest_route=%2Fwp%2Fv2%2Fcategories&post=57967"},{"taxonomy":"post_tag","embeddable":true,"href":"https:\/\/dekkbi.com\/index.php?rest_route=%2Fwp%2Fv2%2Ftags&post=57967"}],"curies":[{"name":"wp","href":"https:\/\/api.w.org\/{rel}","templated":true}]}}