{"id":57955,"date":"2025-06-11T14:15:13","date_gmt":"2025-06-11T14:15:13","guid":{"rendered":"https:\/\/dekkbi.com\/?p=57955"},"modified":"2025-06-11T14:15:13","modified_gmt":"2025-06-11T14:15:13","slug":"tournee-economique-le-chef-de-letat-attendu-a-saint-louis-ce-jeudi","status":"publish","type":"post","link":"https:\/\/dekkbi.com\/?p=57955","title":{"rendered":"Tourn\u00e9e \u00e9conomique : le chef de l\u2019Etat attendu \u00e0 Saint-Louis ce jeudi"},"content":{"rendered":"\n<p><a href=\"https:\/\/lesoleil.sn\/wp-content\/uploads\/2025\/06\/bassirou-diomaye-faye-1-1-1024x682-1.jpg\"><\/a><strong>Le pr\u00e9sident de la R\u00e9publique, Bassirou Diomaye Faye, entame jeudi une tourn\u00e9e ax\u00e9e sur le d\u00e9veloppement \u00e9conomique et agricole dans la r\u00e9gion de Saint-Louis, avec un int\u00e9r\u00eat particulier pour les projets structurants dans le d\u00e9partement de Podor et la vall\u00e9e du fleuve S\u00e9n\u00e9gal.<\/strong><\/p>\n\n\n\n<p>Premi\u00e8re \u00e9tape symbolique de cette visite : Ndiay\u00e8ne Pendao, o\u00f9 le chef de l\u2019\u00c9tat d\u00e9couvrira les r\u00e9alisations de la Koica, l\u2019agence cor\u00e9enne de coop\u00e9ration internationale, et le Centre de groupage d\u2019oignons de Boub\u00e9, deux initiatives majeures pour la valorisation des productions locales et l\u2019autonomisation des fili\u00e8res agricoles.<\/p>\n\n\n\n<p>Selon le gouverneur de r\u00e9gion, Al Hassan Sall, qui a donn\u00e9 les d\u00e9tails, le pr\u00e9sident de la R\u00e9publique poursuivra sa visite \u00e0 Richard-Toll, o\u00f9 il s\u2019entretiendra avec les responsables de la Compagnie sucri\u00e8re s\u00e9n\u00e9galaise (CSS), un acteur cl\u00e9 de la production industrielle nationale. Cette \u00e9tape traduit sa volont\u00e9 de renforcer les partenariats public-priv\u00e9 dans l\u2019agro-industrie.<\/p>\n\n\n\n<p>Vendredi, le chef de l\u2019\u00c9tat mettra le cap sur Ross B\u00e9thio pour visiter l\u2019usine \u201cSaf Ingr\u00e9dients\u201d, sp\u00e9cialis\u00e9e dans la transformation agroalimentaire, avant de conclure sa tourn\u00e9e \u00e0 Diama, sur le site d\u2019un nouveau casier agricole financ\u00e9 par la Banque arabe de d\u00e9veloppement \u00e9conomique en Afrique (BADEA), d\u2019apr\u00e8s toujours le chef de l\u2019ex\u00e9cutif r\u00e9gional.<\/p>\n\n\n\n<p>\u00c0 travers ce d\u00e9placement de deux jours, Bassirou Diomaye Faye entend marquer sa volont\u00e9 de soutenir les dynamiques locales et de poser les jalons d\u2019une politique agricole int\u00e9gr\u00e9e, fond\u00e9e sur la modernisation des infrastructures rurales, la souverainet\u00e9 alimentaire et la promotion des investissements.<\/p>\n\n\n\n<p><strong>Salla GUEYE<\/strong><br>LESOLEIL<\/p>\n","protected":false},"excerpt":{"rendered":"<p>Le pr\u00e9sident de la R\u00e9publique, Bassirou Diomaye Faye, entame jeudi une tourn\u00e9e ax\u00e9e sur le d\u00e9veloppement \u00e9conomique et agricole dans<\/p>\n","protected":false},"author":1,"featured_media":57833,"comment_status":"open","ping_status":"open","sticky":false,"template":"","format":"standard","meta":{"footnotes":""},"categories":[6],"tags":[],"class_list":["post-57955","post","type-post","status-publish","format-standard","has-post-thumbnail","hentry","category-politics"],"_links":{"self":[{"href":"https:\/\/dekkbi.com\/index.php?rest_route=\/wp\/v2\/posts\/57955","targetHints":{"allow":["GET"]}}],"collection":[{"href":"https:\/\/dekkbi.com\/index.php?rest_route=\/wp\/v2\/posts"}],"about":[{"href":"https:\/\/dekkbi.com\/index.php?rest_route=\/wp\/v2\/types\/post"}],"author":[{"embeddable":true,"href":"https:\/\/dekkbi.com\/index.php?rest_route=\/wp\/v2\/users\/1"}],"replies":[{"embeddable":true,"href":"https:\/\/dekkbi.com\/index.php?rest_route=%2Fwp%2Fv2%2Fcomments&post=57955"}],"version-history":[{"count":1,"href":"https:\/\/dekkbi.com\/index.php?rest_route=\/wp\/v2\/posts\/57955\/revisions"}],"predecessor-version":[{"id":57956,"href":"https:\/\/dekkbi.com\/index.php?rest_route=\/wp\/v2\/posts\/57955\/revisions\/57956"}],"wp:featuredmedia":[{"embeddable":true,"href":"https:\/\/dekkbi.com\/index.php?rest_route=\/wp\/v2\/media\/57833"}],"wp:attachment":[{"href":"https:\/\/dekkbi.com\/index.php?rest_route=%2Fwp%2Fv2%2Fmedia&parent=57955"}],"wp:term":[{"taxonomy":"category","embeddable":true,"href":"https:\/\/dekkbi.com\/index.php?rest_route=%2Fwp%2Fv2%2Fcategories&post=57955"},{"taxonomy":"post_tag","embeddable":true,"href":"https:\/\/dekkbi.com\/index.php?rest_route=%2Fwp%2Fv2%2Ftags&post=57955"}],"curies":[{"name":"wp","href":"https:\/\/api.w.org\/{rel}","templated":true}]}}