{"id":5795,"date":"2023-01-04T15:57:37","date_gmt":"2023-01-04T15:57:37","guid":{"rendered":"https:\/\/dekkbi.com\/?p=5795"},"modified":"2023-01-04T15:57:39","modified_gmt":"2023-01-04T15:57:39","slug":"visite-de-ben-gvir-sur-lesplanade-des-mosquees-quelle-reaction-du-monde-arabe","status":"publish","type":"post","link":"https:\/\/dekkbi.com\/?p=5795","title":{"rendered":"Visite de Ben Gvir sur l&rsquo;esplanade des Mosqu\u00e9es: quelle r\u00e9action du monde arabe?"},"content":{"rendered":"\n<p>Le nouveau ministre de la S\u00e9curit\u00e9 nationale isra\u00e9lien, figure de l\u2019extr\u00eame droite, s\u2019est rendu mardi sur le troisi\u00e8me lieu saint de l\u2019islam. Un geste d\u00e9nonc\u00e9 comme une \u00ab&nbsp;<em>provocation<\/em>&nbsp;\u00bb par les Palestiniens. Paris, Washington et l\u2019ONU ont fait part de leur pr\u00e9occupation. Les \u00c9mirats arabes unis, membre non permanent du Conseil de s\u00e9curit\u00e9 des Nations unies, r\u00e9clament une r\u00e9union \u00e0 ce sujet.<\/p>\n\n\n\n<p>PUBLICIT\u00c9<\/p>\n\n\n\n<p>Col\u00e8re dans le monde arabe et musulman \u00e0 la suite de la visite d\u2019Itamar Ben Gvir sur l\u2019esplanade des Mosqu\u00e9es \u00e0 J\u00e9rusalem-est, partie de la ville annex\u00e9e par l\u2019\u00c9tat h\u00e9breu. L&rsquo;Autorit\u00e9 palestinienne, bas\u00e9e en Cisjordanie occup\u00e9e,&nbsp;a affirm\u00e9 vouloir en r\u00e9f\u00e9rer \u00e0 l&rsquo;ONU. Des responsables ont fustig\u00e9 une \u00ab&nbsp;<em>provocation sans pr\u00e9c\u00e9dent&nbsp;<\/em>\u00bb.<\/p>\n\n\n\n<p>Dans la bande de Gaza, le mouvement islamiste Hamas au pouvoir, qui a livr\u00e9 par le pass\u00e9 quatre guerres \u00e0 Isra\u00ebl, avait d\u00e9j\u00e0 affirm\u00e9 qu&rsquo;une telle visite \u00e9tait une \u00ab&nbsp;<em>ligne rouge&nbsp;<\/em>\u00bb.&nbsp;\u00c0&nbsp;Gaza, les bureaux politique et militaire du Hamas et des factions palestiniennes arm\u00e9es ont tenu des r\u00e9unions mardi pour d\u00e9cider d&rsquo;une r\u00e9action \u00ab&nbsp;<em>proportionnelle<\/em>&nbsp;\u00bb \u00e0 \u00ab<em>&nbsp;l&rsquo;assaut&nbsp;<\/em>\u00bb du ministre, ont indiqu\u00e9 \u00e0 l&rsquo;AFP des sources dans le mouvement.<\/p>\n\n\n\n<p>Dans la nuit, une roquette a \u00e9t\u00e9 lanc\u00e9e vers Isra\u00ebl depuis l&rsquo;enclave sous blocus isra\u00e9lien, mais elle s&rsquo;est \u00e9chou\u00e9e dans le territoire palestinien. Un seul tir, non revendiqu\u00e9.<\/p>\n\n\n\n<p>Tous les pays du Golfe, dont les \u00c9mirats arabes unis ayant normalis\u00e9 leurs relations avec l&rsquo;\u00c9tat h\u00e9breu, la Jordanie et l&rsquo;\u00c9gypte ont vivement condamn\u00e9 la visite. Il y a quelques semaines, \u00e0 l\u2019occasion de leur f\u00eate nationale, les\u00a0<strong>\u00c9mirats arabes unis<\/strong>, ont accueilli Itamar Ben Gvir dans leur ambassade \u00e0 Tel Aviv, rappelle notre correspondant \u00e0 J\u00e9rusalem,<strong>Sami Boukhelifa<\/strong>.<\/p>\n\n\n\n<p>Mais Abu Dhabi, qui a normalis\u00e9 ses relations diplomatiques avec l\u2019\u00c9tat h\u00e9breu en 2020, monte au d\u00e9sormais cr\u00e9neau, tout comme la Jordanie et le Maroc, qui entretiennent \u00e9galement des liens avec Isra\u00ebl. Le message est clair : les lieux saints musulmans sont une ligne rouge.<\/p>\n\n\n\n<p>L\u2019esplanade des Mosqu\u00e9es, Mont du Temple dans le juda\u00efsme, sacr\u00e9 \u00e9galement pour les juifs, fait l\u2019objet d\u2019un statu quo depuis 1967, et la conqu\u00eate par Isra\u00ebl de J\u00e9rusalem-est.<\/p>\n\n\n\n<p><strong>\u25ba\u00c0 lire&nbsp;aussi :&nbsp;<\/strong><a href=\"https:\/\/www.rfi.fr\/fr\/moyen-orient\/20230103-le-ministre-extr%C3%A9miste-isra%C3%A9lien-ben-gvir-sur-l-esplanade-des-mosqu%C3%A9es\"><strong>Le ministre extr\u00e9miste isra\u00e9lien Ben Gvir sur l&rsquo;esplanade des Mosqu\u00e9es<\/strong><\/a><\/p>\n\n\n\n<h2 class=\"wp-block-heading\">Un \u00ab&nbsp;<em>pyromane<\/em>&nbsp;\u00bb<\/h2>\n\n\n\n<p><strong>Newsletter<\/strong>Recevez toute l&rsquo;actualit\u00e9 internationale directement dans votre boite mail<a href=\"https:\/\/emailing.rfi.fr\/fr\/subscribe\" target=\"_blank\" rel=\"noreferrer noopener\">Je m&rsquo;abonne<\/a><\/p>\n\n\n\n<p>En vertu de cette entente internationale, le lieu est sous souverainet\u00e9 jordanienne. Seuls les musulmans ont le droit d\u2019y prier. Les fid\u00e8les juifs ont un simple droit de visite.<\/p>\n\n\n\n<p>Pourtant, en se rendant sur l\u2019esplanade, Itamar Ben Gvir dit en substance&nbsp;: \u00ab&nbsp;<em>On est chez nous. On fait ce qu\u2019on veut<\/em>&nbsp;\u00bb. Une remise en question dangereuse du statu quo.<\/p>\n\n\n\n<p>Dans la presse isra\u00e9lienne, Itamar Ben Gvir est qualifi\u00e9 de \u00ab&nbsp;<em>pyromane, pr\u00eat \u00e0 tout pour glaner quelques votes aupr\u00e8s des \u00e9lecteurs de l\u2019extr\u00eame droite<\/em>. \u00bb&nbsp;Pour le quotidien&nbsp;<em>Haaretz<\/em>, la \u00ab&nbsp;<em>premi\u00e8re \u00e9ch\u00e9ance sensible sera la pri\u00e8re de ce vendredi&nbsp;<\/em>\u00bb sur l&rsquo;esplanade, r\u00e9unissant chaque semaine des dizaines de milliers de fid\u00e8les et menant parfois \u00e0 des heurts avec la police isra\u00e9lienne qui en garde les acc\u00e8s. \u00ab&nbsp;<em>Un autre probl\u00e8me est que l&rsquo;exp\u00e9rience pass\u00e9e montre que des incidents largement publicis\u00e9s sur le Mont du Temple tendent \u00e0 encourager des loups solitaires (palestiniens) \u00e0 mener des attaques<\/em>&nbsp;\u00bb, poursuit le quotidien de gauche.<\/p>\n\n\n\n<p>Selon l&rsquo;ONU, le bilan des Palestiniens tu\u00e9s dans des op\u00e9rations ou des heurts avec les forces isra\u00e9liennes en 2022 est le plus \u00e9lev\u00e9 depuis des ann\u00e9es.<\/p>\n\n\n\n<p><strong>\u25ba\u00c0 \u00e9couter aussi :&nbsp;<\/strong><a href=\"https:\/\/www.rfi.fr\/fr\/podcasts\/invit%C3%A9-international\/20230103-isra%C3%ABl-l-extr%C3%AAme-droite-a-envie-de-n-en-faire-qu-%C3%A0-sa-t%C3%AAte\"><strong>Isra\u00ebl: \u00abL\u2019extr\u00eame droite a envie de n&rsquo;en faire qu&rsquo;\u00e0 sa t\u00eate\u00bb<\/strong><\/a><\/p>\n\n\n\n<p>L&rsquo;esplanade des Mosqu\u00e9es, un lieu ultra-sensible dans la Vieille ville de J\u00e9rusalem<\/p>\n\n\n\n<p>L&rsquo;esplanade s&rsquo;\u00e9tend sur 14 hectares en surplomb de la Vieille ville de J\u00e9rusalem. Elle est situ\u00e9e dans le secteur palestinien de la ville, occup\u00e9 par Isra\u00ebl depuis 1967 puis annex\u00e9, et dont les Palestiniens veulent faire la capitale de l&rsquo;\u00c9tat auquel ils aspirent. Appel\u00e9 Al-Haram al-Charif ou simplement Al-Aqsa par les musulmans, le site abrite le D\u00f4me du Rocher et la mosqu\u00e9e Al-Aqsa o\u00f9, selon la tradition musulmane, le proph\u00e8te Mahomet s&rsquo;est rendu. Le D\u00f4me du Rocher se dresse sur la pierre d&rsquo;o\u00f9 il serait mont\u00e9 aux cieux sur sa jument ail\u00e9e. L&rsquo;esplanade est le troisi\u00e8me lieu saint de l&rsquo;islam.<\/p>\n\n\n\n<p>Sa construction a d\u00e9but\u00e9 au VIIe si\u00e8cle, apr\u00e8s la prise de J\u00e9rusalem par le calife Omar. Elle est b\u00e2tie sur le site du Temple juif d\u00e9truit par les Romains en l&rsquo;an 70 et dont le plus important vestige connu, le Mur des Lamentations, est situ\u00e9 en contrebas. Appel\u00e9e par les juifs Har HaBayit (Mont du Temple), l&rsquo;esplanade est le site le plus sacr\u00e9 du juda\u00efsme.<br><br>Isra\u00ebl assure ne pas vouloir modifier le<em>&nbsp;statu quo<\/em>&nbsp;h\u00e9rit\u00e9 du conflit de 1967. Les r\u00e8gles autorisent les musulmans \u00e0 monter \u00e0 toute heure du jour et de la nuit sur l&rsquo;esplanade et les non-musulmans \u00e0 y p\u00e9n\u00e9trer \u00e0 certaines heures mais sans y prier. Ces derni\u00e8res ann\u00e9es, le nombre de juifs visitant l&rsquo;esplanade a augment\u00e9 et des ultranationalistes juifs y prient parfois subrepticement apr\u00e8s y \u00eatre mont\u00e9s en simples visiteurs. Cela cr\u00e9e fr\u00e9quemment des tensions avec les fid\u00e8les musulmans qui craignent que l&rsquo;\u00c9tat h\u00e9breu ne tente de modifier les r\u00e8gles qui r\u00e9gissent l&rsquo;acc\u00e8s \u00e0 l&rsquo;esplanade des Mosqu\u00e9es, administr\u00e9e par la Jordanie mais dont l&rsquo;acc\u00e8s est contr\u00f4l\u00e9 par les forces de s\u00e9curit\u00e9 isra\u00e9liennes.<\/p>\n\n\n\n<p>Le site est un foyer de tensions r\u00e9guli\u00e8res&nbsp;: plus de 80 morts en trois jours en 1996, heurts sanglants entre Palestiniens et policiers isra\u00e9liens en 2000 apr\u00e8s la visite d\u2019Ariel Sharon, marquant le d\u00e9but de la seconde Intifada&nbsp;; une semaine de violences provoqu\u00e9es par l&rsquo;imposition de nouvelles mesures de s\u00e9curit\u00e9 \u00e0 l&rsquo;entr\u00e9e de l&rsquo;esplanade en 2017&nbsp;; dizaines de bless\u00e9s lors d\u2019affrontements entre policiers isra\u00e9liens et fid\u00e8les en 2019. En 2021, des manifestations nocturnes \u00e0 J\u00e9rusalem-Est et des heurts jusque sur l&rsquo;esplanade se sont mu\u00e9s en 11 jours de guerre entre le mouvement islamiste palestinien Hamas, au pouvoir dans la bande de Gaza, et Isra\u00ebl. Au printemps 2022, des affrontements ont \u00e9clat\u00e9 \u00e0 plusieurs reprises, faisant des centaines de bless\u00e9s palestiniens sur et autour de l&rsquo;esplanade.<\/p>\n\n\n\n<p>(Avec&nbsp;<em>AFP<\/em>)<\/p>\n","protected":false},"excerpt":{"rendered":"<p>Le nouveau ministre de la S\u00e9curit\u00e9 nationale isra\u00e9lien, figure de l\u2019extr\u00eame droite, s\u2019est rendu mardi sur le troisi\u00e8me lieu saint<\/p>\n","protected":false},"author":1,"featured_media":5797,"comment_status":"open","ping_status":"open","sticky":false,"template":"","format":"standard","meta":{"footnotes":""},"categories":[51],"tags":[],"class_list":["post-5795","post","type-post","status-publish","format-standard","has-post-thumbnail","hentry","category-general"],"_links":{"self":[{"href":"https:\/\/dekkbi.com\/index.php?rest_route=\/wp\/v2\/posts\/5795","targetHints":{"allow":["GET"]}}],"collection":[{"href":"https:\/\/dekkbi.com\/index.php?rest_route=\/wp\/v2\/posts"}],"about":[{"href":"https:\/\/dekkbi.com\/index.php?rest_route=\/wp\/v2\/types\/post"}],"author":[{"embeddable":true,"href":"https:\/\/dekkbi.com\/index.php?rest_route=\/wp\/v2\/users\/1"}],"replies":[{"embeddable":true,"href":"https:\/\/dekkbi.com\/index.php?rest_route=%2Fwp%2Fv2%2Fcomments&post=5795"}],"version-history":[{"count":1,"href":"https:\/\/dekkbi.com\/index.php?rest_route=\/wp\/v2\/posts\/5795\/revisions"}],"predecessor-version":[{"id":5798,"href":"https:\/\/dekkbi.com\/index.php?rest_route=\/wp\/v2\/posts\/5795\/revisions\/5798"}],"wp:featuredmedia":[{"embeddable":true,"href":"https:\/\/dekkbi.com\/index.php?rest_route=\/wp\/v2\/media\/5797"}],"wp:attachment":[{"href":"https:\/\/dekkbi.com\/index.php?rest_route=%2Fwp%2Fv2%2Fmedia&parent=5795"}],"wp:term":[{"taxonomy":"category","embeddable":true,"href":"https:\/\/dekkbi.com\/index.php?rest_route=%2Fwp%2Fv2%2Fcategories&post=5795"},{"taxonomy":"post_tag","embeddable":true,"href":"https:\/\/dekkbi.com\/index.php?rest_route=%2Fwp%2Fv2%2Ftags&post=5795"}],"curies":[{"name":"wp","href":"https:\/\/api.w.org\/{rel}","templated":true}]}}