{"id":57948,"date":"2025-06-11T12:58:09","date_gmt":"2025-06-11T12:58:09","guid":{"rendered":"https:\/\/dekkbi.com\/?p=57948"},"modified":"2025-06-11T13:00:30","modified_gmt":"2025-06-11T13:00:30","slug":"visite-du-pm-congolais-a-dakar-le-contrat-daffermage-de-la-senelec-en-ligne-de-mire","status":"publish","type":"post","link":"https:\/\/dekkbi.com\/?p=57948","title":{"rendered":"Visite du Pm congolais \u00e0 Dakar : Le contrat d\u2019affermage de la Senelec en ligne de mire"},"content":{"rendered":"\n<p><strong>Le Premier ministre congolais est en visite de travail au S\u00e9n\u00e9gal depuis hier, et jusqu\u2019au 15 juin 2025. Anatole Collinet Makosso arrive \u00e0 Dakar, selon un communiqu\u00e9 du gouvernement congolais, \u00e0 l\u2019invitation de son homologue s\u00e9n\u00e9galais, Ousmane Sonko. Cette visite s\u2019inscrit dans le cadre du renforcement des relations bilat\u00e9rales entre la R\u00e9publique du Congo et la R\u00e9publique du S\u00e9n\u00e9gal.<\/strong><\/p>\n\n\n\n<p>Durant son s\u00e9jour, le Premier ministre Makosso sera re\u00e7u en audience par le Pr\u00e9sident s\u00e9n\u00e9galais Bassirou Diomaye Faye. Alors que, souligne le communiqu\u00e9 congolais, les deux premiers ministres tiendront \u00e9galement une s\u00e9ance de travail destin\u00e9e \u00e0 explorer les opportunit\u00e9s de coop\u00e9ration et \u00e0 consolider les liens diplomatiques entre les deux pays. Le gouvernement congolais pr\u00e9cise que le chef du gouvernement est accompagn\u00e9 d\u2019une importante d\u00e9l\u00e9gation minist\u00e9rielle, traduisant ainsi l\u2019int\u00e9r\u00eat strat\u00e9gique accord\u00e9 \u00e0 cette visite pour le d\u00e9veloppement des relations entre Brazzaville et Dakar. Depuis quelques mois, il y a une s\u00e9rie de visites de ministres congolais \u00e0 Dakar dont la plus remarquable a \u00e9t\u00e9 celle du ministre de l\u2019Energie.<\/p>\n\n\n\n<p>Ce s\u00e9jour dakarois du Premier ministre congolais co\u00efncide avec la suspension du contrat d\u2019affermage obtenu par la Senelec pour l\u2019exploitation des services de distribution et de commercialisation de l\u2019\u00e9lectricit\u00e9 au Congo Brazzaville. Une d\u00e9cision d\u2019autant plus ubuesque qu\u2019elle est tomb\u00e9e au moment o\u00f9 le ministre s\u00e9n\u00e9galais de l\u2019Energie, Birame Soul\u00e8ye Diop, se trouvait dans le pays. C\u2019est-\u00e0-dire le 14 mai dernier. Le Conseil des ministres du Congo justifie la suspension du contrat d\u2019affermage accord\u00e9 \u00e0 la filiale de la Senelec, d\u00e9nomm\u00e9e Socelec, par \u00ables nombreuses critiques \u00e9mises dans les m\u00e9dias et sur les r\u00e9seaux sociaux (\u2026)\u00bb. Le communiqu\u00e9 ajoute que \u00ables pr\u00e9occupations soulev\u00e9es mettent en lumi\u00e8re certaines zones d\u2019ombre entourant le contrat, ce qui a conduit \u00e0 cette prudente retenue\u00bb. Il semblerait que les syndicats de la soci\u00e9t\u00e9 nationale Energie \u00e9lectrique du Congo (E2c) ont mis une forte pression sur les pouvoirs publics pour que le contrat d\u2019affermage, sign\u00e9 depuis le 26 f\u00e9vrier, ne puisse pas voir un d\u00e9but d\u2019application.<\/p>\n\n\n\n<p><strong>bsakho@lequotidien.sn<\/strong><\/p>\n","protected":false},"excerpt":{"rendered":"<p>Le Premier ministre congolais est en visite de travail au S\u00e9n\u00e9gal depuis hier, et jusqu\u2019au 15 juin 2025. Anatole Collinet<\/p>\n","protected":false},"author":1,"featured_media":57949,"comment_status":"open","ping_status":"open","sticky":false,"template":"","format":"standard","meta":{"footnotes":""},"categories":[6],"tags":[],"class_list":["post-57948","post","type-post","status-publish","format-standard","has-post-thumbnail","hentry","category-politics"],"_links":{"self":[{"href":"https:\/\/dekkbi.com\/index.php?rest_route=\/wp\/v2\/posts\/57948","targetHints":{"allow":["GET"]}}],"collection":[{"href":"https:\/\/dekkbi.com\/index.php?rest_route=\/wp\/v2\/posts"}],"about":[{"href":"https:\/\/dekkbi.com\/index.php?rest_route=\/wp\/v2\/types\/post"}],"author":[{"embeddable":true,"href":"https:\/\/dekkbi.com\/index.php?rest_route=\/wp\/v2\/users\/1"}],"replies":[{"embeddable":true,"href":"https:\/\/dekkbi.com\/index.php?rest_route=%2Fwp%2Fv2%2Fcomments&post=57948"}],"version-history":[{"count":1,"href":"https:\/\/dekkbi.com\/index.php?rest_route=\/wp\/v2\/posts\/57948\/revisions"}],"predecessor-version":[{"id":57950,"href":"https:\/\/dekkbi.com\/index.php?rest_route=\/wp\/v2\/posts\/57948\/revisions\/57950"}],"wp:featuredmedia":[{"embeddable":true,"href":"https:\/\/dekkbi.com\/index.php?rest_route=\/wp\/v2\/media\/57949"}],"wp:attachment":[{"href":"https:\/\/dekkbi.com\/index.php?rest_route=%2Fwp%2Fv2%2Fmedia&parent=57948"}],"wp:term":[{"taxonomy":"category","embeddable":true,"href":"https:\/\/dekkbi.com\/index.php?rest_route=%2Fwp%2Fv2%2Fcategories&post=57948"},{"taxonomy":"post_tag","embeddable":true,"href":"https:\/\/dekkbi.com\/index.php?rest_route=%2Fwp%2Fv2%2Ftags&post=57948"}],"curies":[{"name":"wp","href":"https:\/\/api.w.org\/{rel}","templated":true}]}}