{"id":57889,"date":"2025-06-10T11:05:50","date_gmt":"2025-06-10T11:05:50","guid":{"rendered":"https:\/\/dekkbi.com\/?p=57889"},"modified":"2025-06-10T11:05:50","modified_gmt":"2025-06-10T11:05:50","slug":"ils-veulent-deliberement-creer-le-chaos-a-gaza-le-soutien-disrael-a-des-groupes-criminels-netonne-personne","status":"publish","type":"post","link":"https:\/\/dekkbi.com\/?p=57889","title":{"rendered":"\u00abIls veulent d\u00e9lib\u00e9r\u00e9ment cr\u00e9er le chaos\u00bb: \u00e0 Gaza, le soutien d&rsquo;Isra\u00ebl \u00e0 des groupes criminels n&rsquo;\u00e9tonne personne"},"content":{"rendered":"\n<p>Les Palestiniens l\u2019ont d\u00e9nonc\u00e9 durant des mois, l\u2019\u00c9tat h\u00e9breu le reconna\u00eet d\u00e9sormais officiellement. Il arme et prot\u00e8ge des milices \u00ab<em>\u00a0oppos\u00e9es\u00a0<\/em>\u00bb au Hamas dans le territoire en guerre. L\u2019une d\u2019elles est dirig\u00e9e par un criminel notoire, connu sous le nom de Yasser Abu Shabab. \u00ab<em>\u00a0Qu\u2019y a-t-il de mal \u00e0 cela ?<\/em>\u00a0\u00bb, assume sans d\u00e9tours le Premier ministre, Benyamin Netanyahu, dans une vid\u00e9o publi\u00e9e sur les r\u00e9seaux sociaux<\/p>\n\n\n\n<p><em>De Sami Boukhelifa<\/em> <em>correspondant RFI \u00e0 J\u00e9rusalem,\u00a0<\/em><\/p>\n\n\n\n<p>Des groupes criminels soutenus par\u00a0<strong>Isra\u00ebl<\/strong>\u00a0s\u00e8ment chaos et d\u00e9sordre dans la bande de Gaza. La population est terrifi\u00e9e, prise en \u00e9tau entre des bandits sans foi, ni loi, et les bombardements isra\u00e9liens. \u00ab\u00a0<em>Des individus tirent\u2026 Il y a un accrochage entre des gangs et je ne sais pas qui\u2026 je suis coinc\u00e9<\/em>\u00a0\u00bb, raconte, haletant et paniqu\u00e9, Youssef, p\u00e8re de famille gazaoui, dans une note vocale partag\u00e9e depuis la bande de Gaza. Derri\u00e8re lui, des coups de feu r\u00e9sonnent, puis ce sont des rafales de tirs nourris.<\/p>\n\n\n\n<p>Tiraill\u00e9 par la faim, comme l\u2019ensemble des deux millions de Gazaouis soumis au blocus isra\u00e9lien, Youssef s\u2019est rendu pr\u00e8s d\u2019un centre de distribution alimentaire situ\u00e9 entre Khan Youn\u00e8s et Deir al-Balah, dans le sud de l\u2019enclave. \u00ab&nbsp;<em>J\u2019ai failli perdre la vie pour un sac de farine. C\u2019est un miracle que je m\u2019en sois sorti<\/em>&nbsp;\u00bb, raconte-t-il dans une seconde note vocale en essayant de retrouver ses esprits. \u00ab&nbsp;<em>La situation est devenue tr\u00e8s, tr\u00e8s dangereuse. La majorit\u00e9 des personnes sont arm\u00e9es. Il n\u2019y a pas de policiers, il n\u2019y a plus de loi. Ils sortent avec des grenades, des mitrailleuses. C\u2019est la loi du plus fort<\/em>&nbsp;\u00bb, s\u2019alarme le Gazaoui.<\/p>\n\n\n\n<h2 class=\"wp-block-heading\">Des criminels pour \u00ab&nbsp;<em>lutter contre le Hamas&nbsp;<\/em>\u00bb ?<\/h2>\n\n\n\n<p>Dans la bande de Gaza, les gangs prolif\u00e8rent. Ils tuent, volent l\u2019aide humanitaire et la revendent \u00e0 des prix exorbitants \u00e0 la population d\u00e9munie. \u00ab&nbsp;<em>Nous avons tr\u00e8s vite compris que ces gangs \u00e9taient \u00e0 la solde de l\u2019\u00c9tat h\u00e9breu. Ils participent \u00e0 la m\u00eame strat\u00e9gie&nbsp;: nous rendre la vie impossible pour nous pousser \u00e0 l\u2019exil. Les Isra\u00e9liens le disent clairement : leur objectif est de nous chasser de la bande de Gaza. C\u2019est un nettoyage ethnique<\/em>&nbsp;\u00bb, t\u00e9moigne anonymement un autre Gazaoui, par peur de repr\u00e9sailles.<\/p>\n\n\n\n<p>\u00ab&nbsp;<em>Les Isra\u00e9liens traquent et tuent syst\u00e9matiquement les combattants palestiniens, mais, \u00e9trangement, ces membres de gangs se baladent arm\u00e9s librement dans les rues de Gaza, sans \u00eatre inqui\u00e9t\u00e9s. Personne ne les bombarde. Les Isra\u00e9liens veulent d\u00e9lib\u00e9r\u00e9ment cr\u00e9er le chaos, ils veulent nous affamer. Et ils ont recours \u00e0 ces clans de criminels, avec \u00e0 leur t\u00eate Yasser Abu Shabab, qui est soutenu par Isra\u00ebl<\/em>&nbsp;\u00bb, conclut-il.<\/p>\n\n\n\n<h2 class=\"wp-block-heading\">Un mercenaire \u00e0 la solde des Isra\u00e9liens<\/h2>\n\n\n\n<p>Yasser Abu Shabab est le chef d\u2019une milice arm\u00e9e op\u00e9rant \u00e0 Rafah, dans le sud de la bande de Gaza. Un pillard connu de tous \u00e0 Gaza. Avant la guerre, sous l\u2019autorit\u00e9 du Hamas, il \u00e9tait derri\u00e8re les barreaux pour trafic de drogue. Il a retrouv\u00e9 la libert\u00e9 \u00e0 la suite d\u2019une frappe isra\u00e9lienne qui a vis\u00e9 sa prison.<\/p>\n\n\n\n<p><em>\u00ab Isra\u00ebl utilise d\u00e9sormais cette strat\u00e9gie : armer des gars comme Yasser Abu Shabab pour saper l\u2019autorit\u00e9 du Hamas. Il y a d\u2019autres figures comme lui ailleurs \u00e0 Gaza. La mont\u00e9e en puissance d\u2019Abu Shabab vise \u00e0 encourager d\u2019autres comme lui \u00e0 se soulever contre le Hamas \u00e0 Gaza&nbsp;<\/em>\u00bb, analyse Hamed Qusay, professeur \u00e0 l\u2019universit\u00e9 Al-Quds de Ramallah.<\/p>\n\n\n\n<p>Mais ce sp\u00e9cialiste palestinien est cat\u00e9gorique : \u00ab&nbsp;<em>Ces groupes criminels ne sont pas assez puissants pour d\u00e9tr\u00f4ner le Hamas \u00e0 Gaza.<\/em>&nbsp;\u00bb<\/p>\n","protected":false},"excerpt":{"rendered":"<p>Les Palestiniens l\u2019ont d\u00e9nonc\u00e9 durant des mois, l\u2019\u00c9tat h\u00e9breu le reconna\u00eet d\u00e9sormais officiellement. Il arme et prot\u00e8ge des milices \u00ab\u00a0oppos\u00e9es\u00a0\u00bb<\/p>\n","protected":false},"author":1,"featured_media":57890,"comment_status":"open","ping_status":"open","sticky":false,"template":"","format":"standard","meta":{"footnotes":""},"categories":[51],"tags":[],"class_list":["post-57889","post","type-post","status-publish","format-standard","has-post-thumbnail","hentry","category-general"],"_links":{"self":[{"href":"https:\/\/dekkbi.com\/index.php?rest_route=\/wp\/v2\/posts\/57889","targetHints":{"allow":["GET"]}}],"collection":[{"href":"https:\/\/dekkbi.com\/index.php?rest_route=\/wp\/v2\/posts"}],"about":[{"href":"https:\/\/dekkbi.com\/index.php?rest_route=\/wp\/v2\/types\/post"}],"author":[{"embeddable":true,"href":"https:\/\/dekkbi.com\/index.php?rest_route=\/wp\/v2\/users\/1"}],"replies":[{"embeddable":true,"href":"https:\/\/dekkbi.com\/index.php?rest_route=%2Fwp%2Fv2%2Fcomments&post=57889"}],"version-history":[{"count":1,"href":"https:\/\/dekkbi.com\/index.php?rest_route=\/wp\/v2\/posts\/57889\/revisions"}],"predecessor-version":[{"id":57891,"href":"https:\/\/dekkbi.com\/index.php?rest_route=\/wp\/v2\/posts\/57889\/revisions\/57891"}],"wp:featuredmedia":[{"embeddable":true,"href":"https:\/\/dekkbi.com\/index.php?rest_route=\/wp\/v2\/media\/57890"}],"wp:attachment":[{"href":"https:\/\/dekkbi.com\/index.php?rest_route=%2Fwp%2Fv2%2Fmedia&parent=57889"}],"wp:term":[{"taxonomy":"category","embeddable":true,"href":"https:\/\/dekkbi.com\/index.php?rest_route=%2Fwp%2Fv2%2Fcategories&post=57889"},{"taxonomy":"post_tag","embeddable":true,"href":"https:\/\/dekkbi.com\/index.php?rest_route=%2Fwp%2Fv2%2Ftags&post=57889"}],"curies":[{"name":"wp","href":"https:\/\/api.w.org\/{rel}","templated":true}]}}