{"id":57879,"date":"2025-06-10T10:40:10","date_gmt":"2025-06-10T10:40:10","guid":{"rendered":"https:\/\/dekkbi.com\/?p=57879"},"modified":"2025-06-10T10:40:11","modified_gmt":"2025-06-10T10:40:11","slug":"conference-de-lonu-sur-locean-2025-les-etats-africains-appellent-a-restaurer-les-fonds-marins","status":"publish","type":"post","link":"https:\/\/dekkbi.com\/?p=57879","title":{"rendered":"Conf\u00e9rence de l\u2019ONU sur l\u2019Oc\u00e9an 2025: les \u00c9tats africains appellent \u00e0 restaurer les fonds marins"},"content":{"rendered":"\n<p>La Troisi\u00e8me conf\u00e9rence des Nations Unies sur l\u2019Oc\u00e9an s\u2019est ouverte ce matin sur le port de Nice, en France. Les d\u00e9l\u00e9gations de plus de 120 pays se sont r\u00e9unis pour cette conf\u00e9rence co-pr\u00e9sid\u00e9e par la France et le Costa Rica. Avec plus de 47 000 km de c\u00f4tes et 39 \u00c9tats c\u00f4tiers, l&rsquo;importance de l&rsquo;oc\u00e9an pour\u00a0le continent africain\u00a0et l&rsquo;humanit\u00e9 a \u00e9t\u00e9 rappel\u00e9e \u00e0 la tribune.<\/p>\n\n\n\n<p><em>Avec <em>\u00a0<\/em><strong>Pauline Gleize<\/strong><\/em> <em>envoy\u00e9e sp\u00e9ciale RFI  \u00e0 Nice,<\/em><\/p>\n\n\n\n<p>Les dirigeants ont notamment cit\u00e9 le r\u00f4le majeur qu\u2019il joue dans la r\u00e9gulation du climat et l\u2019impact de ce r\u00e9chauffement climatique sur l\u2019\u00e9rosion des c\u00f4tes. Un mal dont souffre, en autre, l\u2019Afrique de l\u2019Ouest.<\/p>\n\n\n\n<p>L\u2019importance \u00e9conomique et nourrici\u00e8re de l\u2019Oc\u00e9an a aussi \u00e9t\u00e9 rappel\u00e9e. Et ce, avant m\u00eame les prises de paroles officielles, pendant le pr\u00e9ambule, par le r\u00e9alisateur mauritanien\u00a0<strong>Abderhammane Sissako<\/strong>\u00a0: \u00ab<em>\u00a0Des milliers de femmes et d&rsquo;hommes qui vivent de l&rsquo;Oc\u00e9an souffrent. Et cette kora est le murmure de ces enfants. L&rsquo;oc\u00e9an saigne, il faut que vous le sachiez.<\/em>\u00a0\u00bb Abderramane Sissako a \u00e9t\u00e9 cit\u00e9 quelques minutes plus tard par Emmanuel Macron qui a appel\u00e9 \u00e0 lutter contre la p\u00eache ill\u00e9gale qui pille les ressources halieutiques des pays.<\/p>\n\n\n\n<h2 class=\"wp-block-heading\">Partage des technologies et ressources pour atteindre les objectifs fix\u00e9s<\/h2>\n\n\n\n<p>\u00c0 ce sujet, \u00c9variste Ndayishimiye, le pr\u00e9sident du Burundi, qui s\u2019exprimait au nom du groupe des \u00c9tats d\u2019Afrique, a salu\u00e9 un accord de l\u2019Organisation mondiale du commerce (OMC) sur la p\u00eache.&nbsp; Il a aussi mis l\u2019accent sur la n\u00e9cessit\u00e9 de restaurer les fonds marins :&nbsp; \u00ab<em>&nbsp;L&rsquo;objectif 30&#215;30 qui vise \u00e0 prot\u00e9ger 30% des zones et aires marines d&rsquo;ici 2030 nous guide dans cette ambition. Mais sa r\u00e9ussite d\u00e9pend d&rsquo;un engagement r\u00e9el et partag\u00e9. Dans ce cadre, la coop\u00e9ration scientifique et le transfert de technologie sont indispensables.&nbsp;<\/em>\u00bb<\/p>\n\n\n\n<p>Autre partage demand\u00e9 : celui des ressources pour atteindre ces objectifs. Car l\u2019objectif de d\u00e9veloppement durable de l\u2019ONU li\u00e9 aux Oc\u00e9ans est l\u2019un des moins bien financ\u00e9.&nbsp;<\/p>\n\n\n\n<p>Le pr\u00e9sident burundais a \u00e9galement jug\u00e9 essentiel de garantir un acc\u00e8s \u00e0 la mer et aux ressources oc\u00e9aniques aux pays africains qui n\u2019ont pas de littoral comme le sien.<\/p>\n","protected":false},"excerpt":{"rendered":"<p>La Troisi\u00e8me conf\u00e9rence des Nations Unies sur l\u2019Oc\u00e9an s\u2019est ouverte ce matin sur le port de Nice, en France. Les<\/p>\n","protected":false},"author":1,"featured_media":57880,"comment_status":"open","ping_status":"open","sticky":false,"template":"","format":"standard","meta":{"footnotes":""},"categories":[51],"tags":[],"class_list":["post-57879","post","type-post","status-publish","format-standard","has-post-thumbnail","hentry","category-general"],"_links":{"self":[{"href":"https:\/\/dekkbi.com\/index.php?rest_route=\/wp\/v2\/posts\/57879","targetHints":{"allow":["GET"]}}],"collection":[{"href":"https:\/\/dekkbi.com\/index.php?rest_route=\/wp\/v2\/posts"}],"about":[{"href":"https:\/\/dekkbi.com\/index.php?rest_route=\/wp\/v2\/types\/post"}],"author":[{"embeddable":true,"href":"https:\/\/dekkbi.com\/index.php?rest_route=\/wp\/v2\/users\/1"}],"replies":[{"embeddable":true,"href":"https:\/\/dekkbi.com\/index.php?rest_route=%2Fwp%2Fv2%2Fcomments&post=57879"}],"version-history":[{"count":1,"href":"https:\/\/dekkbi.com\/index.php?rest_route=\/wp\/v2\/posts\/57879\/revisions"}],"predecessor-version":[{"id":57881,"href":"https:\/\/dekkbi.com\/index.php?rest_route=\/wp\/v2\/posts\/57879\/revisions\/57881"}],"wp:featuredmedia":[{"embeddable":true,"href":"https:\/\/dekkbi.com\/index.php?rest_route=\/wp\/v2\/media\/57880"}],"wp:attachment":[{"href":"https:\/\/dekkbi.com\/index.php?rest_route=%2Fwp%2Fv2%2Fmedia&parent=57879"}],"wp:term":[{"taxonomy":"category","embeddable":true,"href":"https:\/\/dekkbi.com\/index.php?rest_route=%2Fwp%2Fv2%2Fcategories&post=57879"},{"taxonomy":"post_tag","embeddable":true,"href":"https:\/\/dekkbi.com\/index.php?rest_route=%2Fwp%2Fv2%2Ftags&post=57879"}],"curies":[{"name":"wp","href":"https:\/\/api.w.org\/{rel}","templated":true}]}}