{"id":57874,"date":"2025-06-10T10:36:31","date_gmt":"2025-06-10T10:36:31","guid":{"rendered":"https:\/\/dekkbi.com\/?p=57874"},"modified":"2025-06-10T10:36:31","modified_gmt":"2025-06-10T10:36:31","slug":"a-la-conference-de-lonu-sur-locean-macron-soppose-a-lunilateralisme-americain-les-abysses-ne-sont-pas-a-vendre","status":"publish","type":"post","link":"https:\/\/dekkbi.com\/?p=57874","title":{"rendered":"\u00c0 la Conf\u00e9rence de l\u2019ONU sur l&rsquo;oc\u00e9an, Macron s\u2019oppose \u00e0 l\u2019unilat\u00e9ralisme am\u00e9ricain: \u00abLes abysses ne sont pas \u00e0 vendre\u00bb"},"content":{"rendered":"\n<p>Lors de l\u2019ouverture de la Conf\u00e9rence de l\u2019ONU sur les oc\u00e9ans lundi 9 juin, le pr\u00e9sident fran\u00e7ais Emmanuel Macron a d\u00e9fendu avec force le multilat\u00e9ralisme face \u00e0 la tentation du \u00bb&nbsp;<em>chacun-chez-soi<\/em>&nbsp;\u00bb. Avec son discours, le chef de l&rsquo;\u00c9tat fran\u00e7ais a critiqu\u00e9 la position incarn\u00e9e par le pr\u00e9sident am\u00e9ricain Donald Trump, absent du sommet.<\/p>\n\n\n\n<p>Par :RFI avec AFP<\/p>\n\n\n\n<p>C\u2019est un appel \u00e0 la mobilisation pour des \u00ab\u00a0<em><strong>oc\u00e9ans<\/strong>\u00a0en \u00e9bullition\u00a0<\/em>\u00bb, mais aussi une pique \u00e0 peine voil\u00e9e adress\u00e9e \u00e0\u00a0<strong>Donald Trump.<\/strong>\u00a0Lundi 9 juin, \u00e0 Nice, lors de l\u2019ouverture de la troisi\u00e8me conf\u00e9rence des Nations unies sur les oc\u00e9ans, Emmanuel Macron a donn\u00e9 le ton. \u00ab\u00a0<em>La premi\u00e8re r\u00e9ponse, c\u2019est le multilat\u00e9ralisme<\/em>\u00a0\u00bb, a-t-il martel\u00e9, avant de lancer : \u00ab<em>\u00a0Les abysses ne sont pas \u00e0 vendre, pas plus que le Groenland, l\u2019Antarctique ou la haute mer\u00a0<\/em>\u00bb. Une d\u00e9claration qui vise clairement les ambitions expansionnistes pr\u00eat\u00e9es au pr\u00e9sident am\u00e9ricain, grand absent du sommet.<\/p>\n\n\n\n<p><strong>Emmanuel Macron<\/strong>, qui doit se rendre au Groenland le 15 juin, poursuit ainsi une ligne diplomatique constante\u00a0: faire barrage \u00e0 la vision unilat\u00e9rale port\u00e9e par l\u2019ex-locataire de la Maison Blanche, qui menace de relancer l\u2019exploitation mini\u00e8re en haute mer sans cadre collectif.<\/p>\n\n\n\n<h2 class=\"wp-block-heading\">\u00ab&nbsp;<em>Les grands fonds ne peuvent pas devenir un Far West&nbsp;<\/em>\u00bb<\/h2>\n\n\n\n<p>Plus de 60 chefs d\u2019\u00c9tat et de gouvernement ont fait le d\u00e9placement sur la C\u00f4te d\u2019Azur \u2013 notamment des pays du Pacifique et d\u2019Am\u00e9rique latine \u2013 pour porter la voix d\u2019un oc\u00e9an en surchauffe, en\u00a0<strong>surp\u00eache<\/strong>\u00a0et en\u00a0<strong>surpollution<\/strong>. Une urgence que partage le secr\u00e9taire g\u00e9n\u00e9ral de l\u2019<strong>ONU\u00a0<\/strong>Ant\u00f3nio Guterres, qui a appel\u00e9 \u00e0 \u00e9viter la transformation des fonds marins en terrain de non-droit. \u00ab\u00a0<em>Les grands fonds ne peuvent pas devenir un Far West\u00a0<\/em>\u00bb, a-t-il martel\u00e9, en \u00e9cho direct \u00e0 la politique am\u00e9ricaine, qui pr\u00e9voit\u00a0de lancer unilat\u00e9ralement l&rsquo;exploitation des galets de nickel et autres m\u00e9taux critiques dans les eaux internationales du Pacifique.<\/p>\n\n\n\n<blockquote class=\"wp-block-quote is-layout-flow wp-block-quote-is-layout-flow\">\n<p>Nous savons que c\u2019est possible. Lorsque nous sommes parvenus \u00e0 un moratoire mondial sur la chasse commerciale \u00e0 la baleine, les populations de baleines se sont reconstitu\u00e9es. Lorsque nous prot\u00e9geons des aires marines, la vie revient. Aujourd\u2019hui, nous avons la possibilit\u00e9 de redonner \u00e0 l\u2019oc\u00e9an son abondance. Ce qui a \u00e9t\u00e9 perdu en l\u2019espace d\u2019une g\u00e9n\u00e9ration peut rena\u00eetre en l\u2019espace d\u2019une autre. L\u2019oc\u00e9an qu\u2019ont connu nos anc\u00eatres, qui regorgeait de vie et de diversit\u00e9, peut \u00eatre davantage qu\u2019une l\u00e9gende. Il peut \u00eatre notre h\u00e9ritage. Que votre conf\u00e9rence soit couronn\u00e9e de succ\u00e8s. Je vous remercie.<\/p>\n<\/blockquote>\n\n\n\n<p>00:36 &#8211; Antonio Guterres, lors du premier jour du Sommet mondial sur les oc\u00e9ans organis\u00e9 \u00e0 NiceRFI<\/p>\n\n\n\n<p>\u00ab&nbsp;<em>Nous ne pouvons pas permettre qu&rsquo;il arrive \u00e0 la mer ce qui est arriv\u00e9 au commerce international&nbsp;<\/em>\u00bb, a abond\u00e9 le pr\u00e9sident br\u00e9silien Lula, en appelant \u00e0 des \u00ab<em>&nbsp;actes clairs<\/em>&nbsp;\u00bb de l&rsquo;Autorit\u00e9 internationale des fonds marins. Cela pour mettre fin \u00e0 cette \u00ab&nbsp;<em>course pr\u00e9datrice&nbsp;<\/em>\u00bb aux m\u00e9taux critiques.<\/p>\n\n\n\n<h2 class=\"wp-block-heading\">Un trait\u00e9 sur la haute mer en voie d\u2019adoption<\/h2>\n\n\n\n<p>Au-del\u00e0 des d\u00e9nonciations, Emmanuel Macron a voulu incarner l\u2019action, notamment sur le trait\u00e9 international sur la haute mer, sign\u00e9 en 2023. \u00ab&nbsp;<em>C\u2019est donc gagn\u00e9&nbsp;!&nbsp;<\/em>\u00bb, s\u2019est-il enthousiasm\u00e9, annon\u00e7ant que 50 pays avaient d\u00e9j\u00e0 ratifi\u00e9 le texte, et que 15 autres s\u2019\u00e9taient formellement engag\u00e9s \u00e0 les rejoindre. Le seuil des 60 ratifications n\u00e9cessaires \u00e0 l\u2019entr\u00e9e en vigueur du trait\u00e9 devrait \u00eatre atteint d\u2019ici fin 2025.<\/p>\n\n\n\n<p>Ce trait\u00e9 in\u00e9dit doit permettre de mieux encadrer l\u2019exploitation et la pr\u00e9servation de la\u00a0<strong>biodiversit\u00e9<\/strong>\u00a0en eaux internationales, au-del\u00e0 des 200 milles marins (370\u00a0km) des c\u00f4tes. La France esp\u00e9rait en annoncer la mise en \u0153uvre formelle \u00e0 Nice, mais a d\u00fb repousser cette \u00e9ch\u00e9ance symbolique.<\/p>\n\n\n\n<h2 class=\"wp-block-heading\">Vers plus d\u2019aires marines prot\u00e9g\u00e9es<\/h2>\n\n\n\n<p>La conf\u00e9rence a \u00e9galement \u00e9t\u00e9 l\u2019occasion d\u2019annonces sur les aires marines prot\u00e9g\u00e9es (AMP). La France a confirm\u00e9 samedi la limitation du chalutage de fond dans ses AMP, mais les ONG jugent la mesure trop timide, ne couvrant que 4 % des eaux m\u00e9tropolitaines. \u00c0 l\u2019inverse, le Royaume-Uni s\u2019appr\u00eate \u00e0 interdire le chalutage dans 41 zones marines prot\u00e9g\u00e9es, soit 30&nbsp;000 km\u00b2.<\/p>\n\n\n\n<p>L\u2019objectif international reste fix\u00e9 : 30 % d\u2019aires prot\u00e9g\u00e9es d&rsquo;ici \u00e0 2030, contre un peu plus de 8 % aujourd\u2019hui. Paris esp\u00e8re passer de 8,36 % \u00e0 10 % gr\u00e2ce aux annonces faites \u00e0 Nice, mais les niveaux de protection restent variables d\u2019un pays \u00e0 l\u2019autre, et les restrictions d\u2019activit\u00e9s, notamment de p\u00eache, loin d\u2019\u00eatre syst\u00e9matiques.<\/p>\n","protected":false},"excerpt":{"rendered":"<p>Lors de l\u2019ouverture de la Conf\u00e9rence de l\u2019ONU sur les oc\u00e9ans lundi 9 juin, le pr\u00e9sident fran\u00e7ais Emmanuel Macron a<\/p>\n","protected":false},"author":1,"featured_media":57875,"comment_status":"open","ping_status":"open","sticky":false,"template":"","format":"standard","meta":{"footnotes":""},"categories":[3],"tags":[],"class_list":["post-57874","post","type-post","status-publish","format-standard","has-post-thumbnail","hentry","category-event-more-news"],"_links":{"self":[{"href":"https:\/\/dekkbi.com\/index.php?rest_route=\/wp\/v2\/posts\/57874","targetHints":{"allow":["GET"]}}],"collection":[{"href":"https:\/\/dekkbi.com\/index.php?rest_route=\/wp\/v2\/posts"}],"about":[{"href":"https:\/\/dekkbi.com\/index.php?rest_route=\/wp\/v2\/types\/post"}],"author":[{"embeddable":true,"href":"https:\/\/dekkbi.com\/index.php?rest_route=\/wp\/v2\/users\/1"}],"replies":[{"embeddable":true,"href":"https:\/\/dekkbi.com\/index.php?rest_route=%2Fwp%2Fv2%2Fcomments&post=57874"}],"version-history":[{"count":1,"href":"https:\/\/dekkbi.com\/index.php?rest_route=\/wp\/v2\/posts\/57874\/revisions"}],"predecessor-version":[{"id":57876,"href":"https:\/\/dekkbi.com\/index.php?rest_route=\/wp\/v2\/posts\/57874\/revisions\/57876"}],"wp:featuredmedia":[{"embeddable":true,"href":"https:\/\/dekkbi.com\/index.php?rest_route=\/wp\/v2\/media\/57875"}],"wp:attachment":[{"href":"https:\/\/dekkbi.com\/index.php?rest_route=%2Fwp%2Fv2%2Fmedia&parent=57874"}],"wp:term":[{"taxonomy":"category","embeddable":true,"href":"https:\/\/dekkbi.com\/index.php?rest_route=%2Fwp%2Fv2%2Fcategories&post=57874"},{"taxonomy":"post_tag","embeddable":true,"href":"https:\/\/dekkbi.com\/index.php?rest_route=%2Fwp%2Fv2%2Ftags&post=57874"}],"curies":[{"name":"wp","href":"https:\/\/api.w.org\/{rel}","templated":true}]}}