{"id":57848,"date":"2025-06-10T09:49:08","date_gmt":"2025-06-10T09:49:08","guid":{"rendered":"https:\/\/dekkbi.com\/?p=57848"},"modified":"2025-06-10T09:49:09","modified_gmt":"2025-06-10T09:49:09","slug":"maodo-malick-mbaye-dement-son-arrestation-il-annonce-son-retour-volontaire-au-senegal-pour-repondre-a-la-justice","status":"publish","type":"post","link":"https:\/\/dekkbi.com\/?p=57848","title":{"rendered":"Maodo Malick Mbaye d\u00e9ment son arrestation : Il annonce son retour volontaire au S\u00e9n\u00e9gal pour r\u00e9pondre \u00e0 la justice"},"content":{"rendered":"\n<h3 class=\"wp-block-heading\">Contrairement aux rumeurs circulant sur les r\u00e9seaux sociaux faisant \u00e9tat de son arrestation \u00e0 Thi\u00e8s, Maodo Malick Mbaye a tenu \u00e0 r\u00e9tablir la v\u00e9rit\u00e9. Dans un message publi\u00e9 depuis Rabat, au Maroc, l\u2019ancien directeur g\u00e9n\u00e9ral de l\u2019Agence nationale pour la Promotion de l\u2019Emploi des Jeunes (ANAMO) a d\u00e9menti formellement ces informations qu\u2019il qualifie de fausses.<\/h3>\n\n\n\n<p>\u00ab Avant m\u00eame mon d\u00e9part de Rabat, o\u00f9 je me trouvais pour des engagements internationaux, je me suis volontairement signal\u00e9 aupr\u00e8s du Greffe du juge d\u2019instruction du 3e cabinet du Pool judiciaire financier (PJF) \u00bb, a pr\u00e9cis\u00e9 Maodo Malick Mbaye. L\u2019objectif, selon lui, est de manifester sa totale disponibilit\u00e9 \u00e0 r\u00e9pondre \u00e0 la justice s\u00e9n\u00e9galaise dans le cadre de l\u2019enqu\u00eate portant sur sa gestion \u00e0 la t\u00eate de l\u2019ANAMO.<\/p>\n\n\n\n<p>Il pr\u00e9cise par ailleurs que cette proc\u00e9dure judiciaire s\u2019est d\u00e9roul\u00e9e alors qu\u2019il \u00e9tait hors du territoire national.<\/p>\n\n\n\n<p>Maodo Malick Mbaye explique ainsi que son retour au S\u00e9n\u00e9gal r\u00e9pond \u00e0 deux motivations claires : c\u00e9l\u00e9brer la f\u00eate de la Tabaski en famille, mais surtout honorer la convocation officielle fix\u00e9e par la justice s\u00e9n\u00e9galaise au 23 juin 2025 \u00e0 11 heures.<\/p>\n\n\n\n<p>\u00ab C\u2019est un choix assum\u00e9. Je viens pour r\u00e9pondre \u00e0 la convocation de la justice de mon pays \u00bb, a-t-il affirm\u00e9, insistant sur sa volont\u00e9 de coop\u00e9rer pleinement avec les autorit\u00e9s judiciaires comp\u00e9tentes.<br><\/p>\n","protected":false},"excerpt":{"rendered":"<p>Contrairement aux rumeurs circulant sur les r\u00e9seaux sociaux faisant \u00e9tat de son arrestation \u00e0 Thi\u00e8s, Maodo Malick Mbaye a tenu<\/p>\n","protected":false},"author":1,"featured_media":57849,"comment_status":"open","ping_status":"open","sticky":false,"template":"","format":"standard","meta":{"footnotes":""},"categories":[26],"tags":[],"class_list":["post-57848","post","type-post","status-publish","format-standard","has-post-thumbnail","hentry","category-fait-divers"],"_links":{"self":[{"href":"https:\/\/dekkbi.com\/index.php?rest_route=\/wp\/v2\/posts\/57848","targetHints":{"allow":["GET"]}}],"collection":[{"href":"https:\/\/dekkbi.com\/index.php?rest_route=\/wp\/v2\/posts"}],"about":[{"href":"https:\/\/dekkbi.com\/index.php?rest_route=\/wp\/v2\/types\/post"}],"author":[{"embeddable":true,"href":"https:\/\/dekkbi.com\/index.php?rest_route=\/wp\/v2\/users\/1"}],"replies":[{"embeddable":true,"href":"https:\/\/dekkbi.com\/index.php?rest_route=%2Fwp%2Fv2%2Fcomments&post=57848"}],"version-history":[{"count":1,"href":"https:\/\/dekkbi.com\/index.php?rest_route=\/wp\/v2\/posts\/57848\/revisions"}],"predecessor-version":[{"id":57850,"href":"https:\/\/dekkbi.com\/index.php?rest_route=\/wp\/v2\/posts\/57848\/revisions\/57850"}],"wp:featuredmedia":[{"embeddable":true,"href":"https:\/\/dekkbi.com\/index.php?rest_route=\/wp\/v2\/media\/57849"}],"wp:attachment":[{"href":"https:\/\/dekkbi.com\/index.php?rest_route=%2Fwp%2Fv2%2Fmedia&parent=57848"}],"wp:term":[{"taxonomy":"category","embeddable":true,"href":"https:\/\/dekkbi.com\/index.php?rest_route=%2Fwp%2Fv2%2Fcategories&post=57848"},{"taxonomy":"post_tag","embeddable":true,"href":"https:\/\/dekkbi.com\/index.php?rest_route=%2Fwp%2Fv2%2Ftags&post=57848"}],"curies":[{"name":"wp","href":"https:\/\/api.w.org\/{rel}","templated":true}]}}