{"id":57846,"date":"2025-06-10T09:44:47","date_gmt":"2025-06-10T09:44:47","guid":{"rendered":"https:\/\/dekkbi.com\/?p=57846"},"modified":"2025-06-10T09:44:48","modified_gmt":"2025-06-10T09:44:48","slug":"attendu-ce-matin-a-la-dic-moustapha-diakhate-se-confie","status":"publish","type":"post","link":"https:\/\/dekkbi.com\/?p=57846","title":{"rendered":"Attendu ce matin \u00e0 la Dic : Moustapha Diakhat\u00e9 se confie"},"content":{"rendered":"\n<p>Le texte que je propose aujourd\u2019hui n\u2019est gu\u00e8re diff\u00e9rent de celui que j\u2019avais publi\u00e9, il y a exactement huit mois, lors de ma convocation par la cybercriminalit\u00e9. Le vendredi 6 juin 2025 \u00e0 10 heures 37 mn, un fonctionnaire de police m\u2019a demand\u00e9, au t\u00e9l\u00e9phone, de me pr\u00e9senter \u00e0 la Dic le m\u00eame jour, \u00e0 15 heures, pour une affaire li\u00e9e \u00e0 mes d\u00e9clarations dans la presse.<\/p>\n\n\n\n<p>J\u2019ai, \u00e0 mon tour, r\u00e9clam\u00e9 \u00e0 l\u2019agent de police les motifs et la convocation \u00e9crite. J\u2019ai attendu, en vain, jusqu\u2019\u00e0 15 heures 40 mn avant d\u2019honorer un rendez-vous pr\u00e9vu de longue date. C\u2019est ce lundi 9 juin 2025 que le d\u00e9l\u00e9gu\u00e9 de quartier m\u2019a remis la convocation \u00e0 17 heures 35 mn pour me pr\u00e9senter \u00e0 la Dic le mardi 10 juin 2025 \u00e0 10 heures. Comme par le pass\u00e9, en tant que citoyen respectueux des lois de la R\u00e9publique, je serai \u00e0 la Dic le jour et l\u2019heure qu\u2019elle a choisis pour me convoquer.<\/p>\n\n\n\n<p>Avec l\u2019arriv\u00e9e au pouvoir de Pastef, le premier parti fasciste africain, notre pays vit depuis 13 mois, une v\u00e9ritable politique d\u2019\u00e9puration, d\u2019effacement d\u2019adversaires r\u00e9solus pour faire dispara\u00eetre toute vraie opposition, toute presse libre, tout Etat de Droit et toute d\u00e9mocratie pluraliste.<\/p>\n\n\n\n<p>L\u2019objectif de Sonko et des Sonkol\u00e2tres est simple : avoir le monopole de l\u2019espace politique.<br>Le combat contre la dictature sonkiste n\u00e9cessite des femmes et des hommes qui prennent leurs responsabilit\u00e9s pour elles, pour eux et pour le Peuple s\u00e9n\u00e9galais.<\/p>\n\n\n\n<p>Pour rappel, Il y a un peu plus de 10 ans, dans son discours \u00e0 l\u2019occasion des 80 ans de l\u2019arriv\u00e9e au pouvoir des nazis en Allemagne, Mme Merkel avait soulign\u00e9, avec force, que \u00ables droits de l\u2019Homme ne s\u2019imposent pas de soi. La libert\u00e9 ne va pas de soi et la d\u00e9mocratie ne r\u00e9ussit pas de soi\u00bb.<\/p>\n\n\n\n<p>Il n\u2019a fallu que six mois \u00e0 Adolf Hitler pour an\u00e9antir toute d\u00e9mocratie en Alle\u00admagne. Il faut garder \u00e0 l\u2019esprit ceci : \u00abLa mont\u00e9e du national-socialisme n\u2019a \u00e9t\u00e9 possible que parce que les \u00e9lites et de larges pans de la soci\u00e9t\u00e9 allemande y ont particip\u00e9 ou au moins l\u2019ont cautionn\u00e9e.\u00bb<\/p>\n\n\n\n<p>Ce qui est arriv\u00e9 \u00e0 l\u2019Allemagne et \u00e0 l\u2019Italie peut arriver au S\u00e9n\u00e9gal. Pour combattre le funeste projet fasciste de Pastef, chaque d\u00e9mocrate doit prendre sa place.<\/p>\n\n\n\n<p>Je fais mienne cette r\u00e9flexion lumineuse de Noam Chomsky: \u00abL\u2019une des le\u00e7ons les plus claires de l\u2019histoire : les droits ne sont pas accord\u00e9s ; ils sont pris par la force.\u00bb<\/p>\n\n\n\n<p>C\u2019est pourquoi, pour ce qui me concerne, 1000 convocations, 1000 gardes \u00e0 vue, 1000 retours de parquet, 1000 mandats de d\u00e9p\u00f4t, 1000 condamnations ne m\u2019emp\u00eacheront de prendre ma part du combat contre le pouvoir fasciste, anti S\u00e9n\u00e9gal, tra\u00eetre \u00e0 la Nation, tyrannique, d\u00e9mocraticide, irrespectueux des normes d\u00e9mocratiques, constitutionnelles, ennemi des libert\u00e9s d\u2019expression et de la pens\u00e9e critique.<\/p>\n\n\n\n<p>Bu dee jotee, ku daw \u00f1aaw !<br>Vive la R\u00e9publique ! Dieu B\u00e9nisse le S\u00e9n\u00e9gal !<br><strong>Le 9 juin 2025<\/strong><br><strong>Moustapha DIAKHATE<\/strong><\/p>\n","protected":false},"excerpt":{"rendered":"<p>Le texte que je propose aujourd\u2019hui n\u2019est gu\u00e8re diff\u00e9rent de celui que j\u2019avais publi\u00e9, il y a exactement huit mois,<\/p>\n","protected":false},"author":1,"featured_media":33535,"comment_status":"open","ping_status":"open","sticky":false,"template":"","format":"standard","meta":{"footnotes":""},"categories":[26],"tags":[],"class_list":["post-57846","post","type-post","status-publish","format-standard","has-post-thumbnail","hentry","category-fait-divers"],"_links":{"self":[{"href":"https:\/\/dekkbi.com\/index.php?rest_route=\/wp\/v2\/posts\/57846","targetHints":{"allow":["GET"]}}],"collection":[{"href":"https:\/\/dekkbi.com\/index.php?rest_route=\/wp\/v2\/posts"}],"about":[{"href":"https:\/\/dekkbi.com\/index.php?rest_route=\/wp\/v2\/types\/post"}],"author":[{"embeddable":true,"href":"https:\/\/dekkbi.com\/index.php?rest_route=\/wp\/v2\/users\/1"}],"replies":[{"embeddable":true,"href":"https:\/\/dekkbi.com\/index.php?rest_route=%2Fwp%2Fv2%2Fcomments&post=57846"}],"version-history":[{"count":1,"href":"https:\/\/dekkbi.com\/index.php?rest_route=\/wp\/v2\/posts\/57846\/revisions"}],"predecessor-version":[{"id":57847,"href":"https:\/\/dekkbi.com\/index.php?rest_route=\/wp\/v2\/posts\/57846\/revisions\/57847"}],"wp:featuredmedia":[{"embeddable":true,"href":"https:\/\/dekkbi.com\/index.php?rest_route=\/wp\/v2\/media\/33535"}],"wp:attachment":[{"href":"https:\/\/dekkbi.com\/index.php?rest_route=%2Fwp%2Fv2%2Fmedia&parent=57846"}],"wp:term":[{"taxonomy":"category","embeddable":true,"href":"https:\/\/dekkbi.com\/index.php?rest_route=%2Fwp%2Fv2%2Fcategories&post=57846"},{"taxonomy":"post_tag","embeddable":true,"href":"https:\/\/dekkbi.com\/index.php?rest_route=%2Fwp%2Fv2%2Ftags&post=57846"}],"curies":[{"name":"wp","href":"https:\/\/api.w.org\/{rel}","templated":true}]}}