{"id":57807,"date":"2025-06-05T12:59:46","date_gmt":"2025-06-05T12:59:46","guid":{"rendered":"https:\/\/dekkbi.com\/?p=57807"},"modified":"2025-06-05T13:31:21","modified_gmt":"2025-06-05T13:31:21","slug":"lunion-europeenne-veut-afficher-son-leadership-avant-la-conference-des-nations-unies-sur-locean","status":"publish","type":"post","link":"https:\/\/dekkbi.com\/?p=57807","title":{"rendered":"Conf\u00e9rence sur l&rsquo;Oc\u00e9an: L&rsquo;Union europ\u00e9enne veut afficher son \u00ab\u00a0leadership\u00a0\u00bb"},"content":{"rendered":"\n<p>L&rsquo;Union europ\u00e9enne va pr\u00e9senter jeudi 5 juin sa strat\u00e9gie pour mieux prot\u00e9ger les oc\u00e9ans du r\u00e9chauffement climatique ainsi que de la pollution et afficher ses ambitions avant un grand sommet de l&rsquo;ONU \u00e0 Nice la semaine prochaine.<\/p>\n\n\n\n<p>Par TV5MONDE &#8211; AFP &#8211; <em>\u00ab\u00a0L&rsquo;oc\u00e9an se r\u00e9chauffe. Son niveau s&rsquo;\u00e9l\u00e8ve. Il s&rsquo;acidifie. La pollution par les plastiques, les produits chimiques et le bruit alt\u00e8re les \u00e9cosyst\u00e8mes marins (&#8230;). Il est urgent d&rsquo;agir\u00a0\u00bb,<\/em>\u00a0souligne le commissaire europ\u00e9en Costas Kadis.<\/p>\n\n\n\n<p>Mais une premi\u00e8re \u00e9bauche de ce<em>&nbsp;\u00ab\u00a0pacte\u00a0\u00bb<\/em>&nbsp;europ\u00e9en pour les oc\u00e9ans avait fuit\u00e9 mi-mai et profond\u00e9ment d\u00e9\u00e7u les organisations environnementales, en l&rsquo;absence de mesures fortes.<\/p>\n\n\n\n<p>L&rsquo;ex\u00e9cutif europ\u00e9en y reconnaissait la n\u00e9cessit\u00e9 d&rsquo;augmenter et de diversifier les financements, sans prendre d&rsquo;engagements concrets.<\/p>\n\n\n\n<h2 class=\"wp-block-heading\">Pas de big bang<\/h2>\n\n\n\n<p>Malgr\u00e9<em>&nbsp;\u00ab\u00a0des avanc\u00e9es en mati\u00e8re d&rsquo;application des lois existantes\u00a0\u00bb<\/em>, cette feuille de route&nbsp;<em>\u00ab\u00a0ne contient pas d&rsquo;actions concr\u00e8tes pour r\u00e9pondre aux menaces les plus urgentes\u00a0\u00bb,<\/em>&nbsp;avaient d\u00e9plor\u00e9 les ONG Surfrider, WWF, ClientEarth ou Oceana.<\/p>\n\n\n\n<p>Dans les aires marines prot\u00e9g\u00e9es, ces organisations r\u00e9clament notamment l&rsquo;interdiction imm\u00e9diate du chalutage de fond, une technique de p\u00eache critiqu\u00e9e pour son impact \u00e9cologique destructeur.<\/p>\n\n\n\n<p>Mais ce sujet, sensible pour de nombreux Etats membres, divise les forces politiques, la droite et le centre plaidant pour une approche au<em>&nbsp;\u00ab\u00a0cas par cas\u00a0\u00bb.<\/em><\/p>\n\n\n\n<p>Dans le document provisoire d\u00e9voil\u00e9 mi-mai par le m\u00e9dia Contexte, la Commission ne promettait pas de big bang en mati\u00e8re de protection de l&rsquo;oc\u00e9an mais une s\u00e9rie de mesures pour renforcer ou mieux appliquer la loi.<\/p>\n\n\n\n<p><strong>(Re)lire&nbsp;<\/strong><a href=\"https:\/\/information.tv5monde.com\/environnement\/environnement-le-blanchissement-des-coraux-va-t-il-tuer-les-oceans-2718321\"><strong>Environnement : le blanchissement des coraux va-t-il tuer les oc\u00e9ans ?<\/strong><\/a><\/p>\n\n\n\n<p>L&rsquo;ex\u00e9cutif europ\u00e9en voudrait par exemple r\u00e9viser une&nbsp;<em>\u00ab\u00a0directive-cadre\u00a0\u00bb&nbsp;<\/em>sur les milieux marins, vieille de plus de 15 ans, et qui harmonise les r\u00e8gles concernant la protection de la biodiversit\u00e9 dans les 27 Etats membres.<\/p>\n\n\n\n<p>Bruxelles \u00e9voquait aussi pour 2026 un plan d&rsquo;action sur le carbone bleu, afin de cartographier et d&rsquo;\u00e9tendre des \u00e9cosyst\u00e8mes marins capables de davantage capter le CO2.<\/p>\n\n\n\n<h2 class=\"wp-block-heading\">70% d&rsquo;importations<\/h2>\n\n\n\n<p>La Commission promettait \u00e9galement de rendre plus efficace le syst\u00e8me de surveillance par satellite CleanSeaNet, qui scrute les mers afin de d\u00e9tecter le plus vite possible des \u00e9pisodes de pollution.<\/p>\n\n\n\n<p>Un r\u00e9cent rapport de la Cour des comptes europ\u00e9enne en a d\u00e9montr\u00e9 les consid\u00e9rables lacunes.<\/p>\n\n\n\n<p>Au cours de la p\u00e9riode&nbsp;2022-2023, CleanSeaNet a rep\u00e9r\u00e9 plus de 7.700 d\u00e9versements potentiels d&rsquo;hydrocarbures dans les mers europ\u00e9ennes, notamment en Espagne (1.462), en Gr\u00e8ce (1.367) et en Italie (1.188).<\/p>\n\n\n\n<p>Mais selon cet audit, les Etats membres ont donn\u00e9 suite \u00e0 moins de la moiti\u00e9 de ces alertes et n&rsquo;ont confirm\u00e9 la pollution que dans 7% des cas. En cause bien souvent, le d\u00e9calage entre le moment o\u00f9 l&rsquo;image satellite est prise et celui o\u00f9 le contr\u00f4le en mer est effectu\u00e9.<\/p>\n\n\n\n<p>Mi-mai, la Commission avait insist\u00e9 sur la version tr\u00e8s provisoire du document de travail.<\/p>\n\n\n\n<p>Avec sa nouvelle strat\u00e9gie, l&rsquo;Union europ\u00e9enne promet d&rsquo;accorder une attention particuli\u00e8re aux&nbsp;<em>\u00ab\u00a0petits p\u00eacheurs\u00a0\u00bb<\/em>&nbsp;et aux<em>&nbsp;\u00ab\u00a0communaut\u00e9s c\u00f4ti\u00e8res vuln\u00e9rables\u00a0\u00bb<\/em>.<\/p>\n\n\n\n<p>Bruxelles souligne la place de la mer dans le quotidien des Europ\u00e9ens.&nbsp;<\/p>\n\n\n\n<p>Environ 40% d&rsquo;entre eux vivent \u00e0 moins de 50 kilom\u00e8tres des c\u00f4tes.&nbsp;<em>\u00ab\u00a0L&rsquo;\u00e9conomie bleue\u00a0\u00bb<\/em>&nbsp;repr\u00e9sente pr\u00e8s de cinq millions d&#8217;emplois et contribue \u00e0 hauteur de plus de 250 milliards d&rsquo;euros au PIB annuel de l&rsquo;UE.<\/p>\n\n\n\n<p>Mais paradoxalement, l&rsquo;UE demeure encore d\u00e9pendante : ses habitants importent 70% des produits de la mer qu&rsquo;ils consomment.<\/p>\n\n\n\n<p>Le tout dans un monde o\u00f9 l&rsquo;oc\u00e9an est confront\u00e9 \u00e0 la pression sans cesse grandissante du r\u00e9chauffement climatique et de la pollution.<\/p>\n\n\n\n<p><strong>(Re)lire&nbsp;<\/strong><a href=\"https:\/\/information.tv5monde.com\/environnement\/dereglement-climatique-un-mois-de-mai-historiquement-chaud-dans-les-oceans-2645213\"><strong>D\u00e9r\u00e8glement climatique : un mois de mai historiquement chaud dans les oc\u00e9ans<\/strong><\/a><\/p>\n\n\n\n<p>Apr\u00e8s la pr\u00e9sentation \u00e0 Bruxelles, la pr\u00e9sidente de la Commission europ\u00e9enne Ursula von der Leyen ira d\u00e9fendre ce<em>&nbsp;\u00ab\u00a0pacte\u00a0\u00bb<\/em>&nbsp;lundi \u00e0 Nice, dans le sud de la France, \u00e0 la troisi\u00e8me conf\u00e9rence de l&rsquo;ONU sur les oc\u00e9ans.<\/p>\n\n\n\n<p>Les oc\u00e9ans, qui couvrent 70,8% du globe, ont \u00e9t\u00e9 victimes ces deux derni\u00e8res ann\u00e9es de canicules in\u00e9dites qui menacent la survie des esp\u00e8ces marines.&nbsp;<\/p>\n\n\n\n<p>La conf\u00e9rence permettra<em>&nbsp;\u00ab\u00a0soit d&rsquo;inverser le d\u00e9clin des oc\u00e9ans d&rsquo;ici \u00e0 2030, soit de documenter l&rsquo;\u00e9chec de l&rsquo;humanit\u00e9 \u00e0 agir\u00a0\u00bb<\/em>, a pr\u00e9venu Maritza Chan, l&rsquo;ambassadrice \u00e0 l&rsquo;ONU du Costa Rica, le pays coorganisateur avec la France.&nbsp;<\/p>\n\n\n\n<p><strong>(Re)lire&nbsp;<\/strong><a href=\"https:\/\/information.tv5monde.com\/environnement\/conference-des-oceans-lonu-exige-plus-dambition-pour-sauver-les-milieux-maritimes\"><strong>Conf\u00e9rence des oc\u00e9ans : l&rsquo;ONU exige \u00ab\u00a0plus d&rsquo;ambition\u00a0\u00bb pour sauver les milieux maritimes<\/strong><\/a><\/p>\n\n\n\n<p>Mme Chan dit attendre 100 milliards de dollars de nouveaux financements publics et priv\u00e9s en faveur du d\u00e9veloppement durable de l&rsquo;oc\u00e9an.&nbsp;<em>\u00ab\u00a0C&rsquo;est ce qui est diff\u00e9rent cette fois-ci : z\u00e9ro rh\u00e9torique, maximum de r\u00e9sultats\u00a0\u00bb<\/em>, veut-elle croire. &nbsp; &nbsp; &nbsp;&nbsp;<\/p>\n","protected":false},"excerpt":{"rendered":"<p>L&rsquo;Union europ\u00e9enne va pr\u00e9senter jeudi 5 juin sa strat\u00e9gie pour mieux prot\u00e9ger les oc\u00e9ans du r\u00e9chauffement climatique ainsi que de<\/p>\n","protected":false},"author":1,"featured_media":57809,"comment_status":"open","ping_status":"open","sticky":false,"template":"","format":"standard","meta":{"footnotes":""},"categories":[51],"tags":[],"class_list":["post-57807","post","type-post","status-publish","format-standard","has-post-thumbnail","hentry","category-general"],"_links":{"self":[{"href":"https:\/\/dekkbi.com\/index.php?rest_route=\/wp\/v2\/posts\/57807","targetHints":{"allow":["GET"]}}],"collection":[{"href":"https:\/\/dekkbi.com\/index.php?rest_route=\/wp\/v2\/posts"}],"about":[{"href":"https:\/\/dekkbi.com\/index.php?rest_route=\/wp\/v2\/types\/post"}],"author":[{"embeddable":true,"href":"https:\/\/dekkbi.com\/index.php?rest_route=\/wp\/v2\/users\/1"}],"replies":[{"embeddable":true,"href":"https:\/\/dekkbi.com\/index.php?rest_route=%2Fwp%2Fv2%2Fcomments&post=57807"}],"version-history":[{"count":3,"href":"https:\/\/dekkbi.com\/index.php?rest_route=\/wp\/v2\/posts\/57807\/revisions"}],"predecessor-version":[{"id":57819,"href":"https:\/\/dekkbi.com\/index.php?rest_route=\/wp\/v2\/posts\/57807\/revisions\/57819"}],"wp:featuredmedia":[{"embeddable":true,"href":"https:\/\/dekkbi.com\/index.php?rest_route=\/wp\/v2\/media\/57809"}],"wp:attachment":[{"href":"https:\/\/dekkbi.com\/index.php?rest_route=%2Fwp%2Fv2%2Fmedia&parent=57807"}],"wp:term":[{"taxonomy":"category","embeddable":true,"href":"https:\/\/dekkbi.com\/index.php?rest_route=%2Fwp%2Fv2%2Fcategories&post=57807"},{"taxonomy":"post_tag","embeddable":true,"href":"https:\/\/dekkbi.com\/index.php?rest_route=%2Fwp%2Fv2%2Ftags&post=57807"}],"curies":[{"name":"wp","href":"https:\/\/api.w.org\/{rel}","templated":true}]}}