{"id":57802,"date":"2025-06-05T12:08:41","date_gmt":"2025-06-05T12:08:41","guid":{"rendered":"https:\/\/dekkbi.com\/?p=57802"},"modified":"2025-06-05T13:31:37","modified_gmt":"2025-06-05T13:31:37","slug":"donald-trump-interdit-lentree-aux-etats-unis-aux-citoyens-de-12-pays-dont-haiti-et-le-congo-brazzaville","status":"publish","type":"post","link":"https:\/\/dekkbi.com\/?p=57802","title":{"rendered":"Donald Trump interdit l&rsquo;entr\u00e9e aux \u00c9tats-Unis aux citoyens de 12 pays"},"content":{"rendered":"\n<p>Dans une posture qui rappelle celle de son premier mandat, Donald Trump a d\u00e9cid\u00e9 d&rsquo;interdire aux ressortissants de 12 pays d&rsquo;entrer aux \u00c9tats-Unis afin de \u00ab&nbsp;<em>prot\u00e9ger&nbsp;<\/em>\u00bb le pays de \u00ab&nbsp;<em>terroristes \u00e9trangers<\/em>&nbsp;\u00bb, et impos\u00e9 des restrictions contre 7 autres \u00c9tats. D\u00e9cision annonc\u00e9e, a-t-il pr\u00e9cis\u00e9, apr\u00e8s l&rsquo;attaque du Colorado qui a vis\u00e9 les participants d&rsquo;une marche de soutien aux otages isra\u00e9liens \u00e0 Gaza. Malgr\u00e9 cette justification, ces interdictions ne visent pas l&rsquo;\u00c9gypte, pays d&rsquo;origine de l&rsquo;accus\u00e9 de l&rsquo;attaque.<\/p>\n\n\n\n<p><strong>RFI avec AFP<\/strong><\/p>\n\n\n\n<p>L&rsquo;interdiction, qui sera effective le 9 juin, d&rsquo;entrer sur le territoire des\u00a0<strong>\u00c9tats-Unis<\/strong>, s&rsquo;applique \u00e0 l&rsquo;<strong>Afghanistan<\/strong>, la Birmanie, le Tchad, la R\u00e9publique du Congo, la Guin\u00e9e \u00e9quatoriale, l&rsquo;\u00c9rythr\u00e9e, Ha\u00efti, l&rsquo;Iran, la Libye, la Somalie, le Soudan et le\u00a0<strong>Y\u00e9men<\/strong>, selon la Maison Blanche. Sept autres pays sont vis\u00e9s par des restrictions : le Burundi, Cuba, le Laos, la\u00a0<strong>Sierra Leone<\/strong>, le Togo, le\u00a0<strong>Turkm\u00e9nistan<\/strong>\u00a0et le Venezuela.<\/p>\n\n\n\n<p>L&rsquo;ex\u00e9cutif am\u00e9ricain, qui m\u00e8ne une\u00a0<strong>politique anti-immigration tr\u00e8s agressive<\/strong>, explique la pr\u00e9sence des pays sur cette liste par l&rsquo;absence d&rsquo;administrations efficaces, la tendance des ressortissants de certains pays \u00e0 rester aux \u00c9tats-Unis apr\u00e8s l&rsquo;expiration de leur visa, et dans le cas de l&rsquo;Iran, par le soutien au \u00ab\u00a0<em>terrorisme<\/em>\u00a0\u00bb.<\/p>\n\n\n\n<p>Des exceptions sont pr\u00e9vues pour les d\u00e9tenteurs de certains visas et pour des personnes dont le voyage aux \u00c9tats-Unis \u00ab&nbsp;<em>sert l&rsquo;int\u00e9r\u00eat national<\/em>&nbsp;\u00bb. Les footballeurs participant \u00e0 la Coupe du monde de 2026, qui se d\u00e9roulera aux \u00c9tats-Unis, au Mexique et au Canada, ainsi que les athl\u00e8tes des Jeux olympiques de Los Angeles (2028) ne seront pas concern\u00e9s par les restrictions.<\/p>\n\n\n\n<h2 class=\"wp-block-heading\">Le Venezuela met en garde ses citoyens<\/h2>\n\n\n\n<p>Le\u00a0Venezuela\u00a0a averti le 4 juin ses ressortissants que voyager aux \u00c9tats-Unis repr\u00e9sentait un \u00ab\u00a0<em>grand risque<\/em>\u00a0\u00bb. \u00ab<em>\u00a0Le retour de l&rsquo;interdiction ne va pas augmenter la s\u00e9curit\u00e9 de l&rsquo;Am\u00e9rique, mais va faire souffrir de nombreux Am\u00e9ricains, dont ceux de la communaut\u00e9 am\u00e9ricano-iranienne, dont les \u00eatres chers seront arbitrairement priv\u00e9s de visa<\/em>\u00a0\u00bb, a regrett\u00e9 de son c\u00f4t\u00e9 Jamal Abdi, pr\u00e9sident du National Iranian American Council.<\/p>\n\n\n\n<p>La liste ne comporte pas l&rsquo;<strong>\u00c9gypte<\/strong>, pays d&rsquo;origine de l&rsquo;homme de 45 ans accus\u00e9 de l&rsquo;attaque par laquelle Donald Trump justifie sa d\u00e9cision. Dans une vid\u00e9o publi\u00e9e sur X, le pr\u00e9sident am\u00e9ricain a assur\u00e9 que \u00ab\u00a0<em>la r\u00e9cente attaque terroriste \u00e0 Boulder, dans le Colorado, dans l&rsquo;ouest du pays, avait mis en \u00e9vidence les dangers extr\u00eames que repr\u00e9sente pour les \u00c9tats-Unis l&rsquo;entr\u00e9e de ressortissants \u00e9trangers qui n&rsquo;ont pas \u00e9t\u00e9 correctement contr\u00f4l\u00e9s<\/em>.\u00a0<em>Nous ne voulons pas d&rsquo;eux<\/em>\u00a0\u00bb, a-t-il ajout\u00e9.<\/p>\n\n\n\n<p>Dimanche 1er juin, \u00e0 Boulder, un homme a lanc\u00e9 des engins incendiaires sur les participants \u00e0 une marche hebdomadaire en soutien aux otages isra\u00e9liens retenus dans la bande de Gaza, faisant 12 bless\u00e9s. Il avait cri\u00e9 \u00ab&nbsp;<em>Palestine Libre&nbsp;<\/em>\u00bb lors de son acte. Il doit compara\u00eetre ce 5 juin devant la justice du Colorado pour se voir officiellement signifier les chefs d&rsquo;accusation retenus contre lui. Il est notamment accus\u00e9 de \u00ab&nbsp;<em>crime motiv\u00e9 par la haine<\/em>&nbsp;\u00bb et de tentatives d&rsquo;assassinat.<\/p>\n\n\n\n<h2 class=\"wp-block-heading\">L&rsquo;auteur de l&rsquo;attaque \u00ab&nbsp;<em>entr\u00e9 ill\u00e9galement aux \u00c9tats-Unis<\/em>&nbsp;\u00bb<\/h2>\n\n\n\n<p>L&rsquo;administration am\u00e9ricaine a affirm\u00e9 que l&rsquo;auteur pr\u00e9sum\u00e9 de l&rsquo;attaque \u00e9tait sur le territoire am\u00e9ricain de mani\u00e8re \u00ab&nbsp;<em>ill\u00e9gale<\/em>&nbsp;\u00bb, son visa touriste ayant expir\u00e9. Elle a toutefois reconnu qu&rsquo;il avait demand\u00e9 l&rsquo;asile et qu&rsquo;il avait obtenu un permis de travail.<\/p>\n\n\n\n<p>Donald Trump a compar\u00e9 son nouveau \u00ab\u00a0<em>travel ban<\/em>\u00a0\u00bb\u00a0aux \u00ab\u00a0<em>restrictions efficaces<\/em>\u00a0\u00bb qu&rsquo;il avait impos\u00e9es \u00e0 un certain nombre de pays, principalement musulmans,\u00a0<strong>au cours de son premier mandat<\/strong>\u00a0(2017-2021) et qui, selon lui, avaient emp\u00each\u00e9 les \u00c9tats-Unis de subir des attaques qui s&rsquo;\u00e9taient produites en Europe. \u00ab\u00a0<em>Nous ne laisserons pas ce qui s&rsquo;est pass\u00e9 en Europe se produire en Am\u00e9rique<\/em>, a-t-il affirm\u00e9.\u00a0<em>Nous ne pouvons pas avoir une immigration ouverte en provenance de pays que nous ne pouvons pas contr\u00f4ler et filtrer de mani\u00e8re s\u00fbre et fiable<\/em>\u00a0\u00bb, a assur\u00e9 le pr\u00e9sident am\u00e9ricain.<\/p>\n\n\n\n<p>Durant son premier mandat, le \u00ab&nbsp;<em>muslim ban<\/em>&nbsp;\u00bb avait provoqu\u00e9 le chaos dans les a\u00e9roports et l\u2019affaire avait fini devant la Cour Supr\u00eame qui avait valid\u00e9 une version remani\u00e9e. Ce 4 juin, les d\u00e9mocrates ont tout de suite r\u00e9agi, accusant Donald Trump d\u2019isoler un peu plus les \u00c9tats-Unis sur la sc\u00e8ne internationale et de trahir les principes d\u00e9fendus par les P\u00e8res fondateurs.<\/p>\n","protected":false},"excerpt":{"rendered":"<p>Dans une posture qui rappelle celle de son premier mandat, Donald Trump a d\u00e9cid\u00e9 d&rsquo;interdire aux ressortissants de 12 pays<\/p>\n","protected":false},"author":1,"featured_media":54932,"comment_status":"open","ping_status":"open","sticky":false,"template":"","format":"standard","meta":{"footnotes":""},"categories":[51],"tags":[],"class_list":["post-57802","post","type-post","status-publish","format-standard","has-post-thumbnail","hentry","category-general"],"_links":{"self":[{"href":"https:\/\/dekkbi.com\/index.php?rest_route=\/wp\/v2\/posts\/57802","targetHints":{"allow":["GET"]}}],"collection":[{"href":"https:\/\/dekkbi.com\/index.php?rest_route=\/wp\/v2\/posts"}],"about":[{"href":"https:\/\/dekkbi.com\/index.php?rest_route=\/wp\/v2\/types\/post"}],"author":[{"embeddable":true,"href":"https:\/\/dekkbi.com\/index.php?rest_route=\/wp\/v2\/users\/1"}],"replies":[{"embeddable":true,"href":"https:\/\/dekkbi.com\/index.php?rest_route=%2Fwp%2Fv2%2Fcomments&post=57802"}],"version-history":[{"count":2,"href":"https:\/\/dekkbi.com\/index.php?rest_route=\/wp\/v2\/posts\/57802\/revisions"}],"predecessor-version":[{"id":57820,"href":"https:\/\/dekkbi.com\/index.php?rest_route=\/wp\/v2\/posts\/57802\/revisions\/57820"}],"wp:featuredmedia":[{"embeddable":true,"href":"https:\/\/dekkbi.com\/index.php?rest_route=\/wp\/v2\/media\/54932"}],"wp:attachment":[{"href":"https:\/\/dekkbi.com\/index.php?rest_route=%2Fwp%2Fv2%2Fmedia&parent=57802"}],"wp:term":[{"taxonomy":"category","embeddable":true,"href":"https:\/\/dekkbi.com\/index.php?rest_route=%2Fwp%2Fv2%2Fcategories&post=57802"},{"taxonomy":"post_tag","embeddable":true,"href":"https:\/\/dekkbi.com\/index.php?rest_route=%2Fwp%2Fv2%2Ftags&post=57802"}],"curies":[{"name":"wp","href":"https:\/\/api.w.org\/{rel}","templated":true}]}}