{"id":57796,"date":"2025-06-05T11:48:04","date_gmt":"2025-06-05T11:48:04","guid":{"rendered":"https:\/\/dekkbi.com\/?p=57796"},"modified":"2025-06-05T16:00:31","modified_gmt":"2025-06-05T16:00:31","slug":"candidature-a-lonu-meme-pas-en-reve-yassine-fall-limite-les-ambitions-pretees-a-macky","status":"publish","type":"post","link":"https:\/\/dekkbi.com\/?p=57796","title":{"rendered":"Candidature \u00e0 l\u2019ONU : \u00ab\u00a0M\u00eame pas en r\u00eave\u00a0\u00bb, Yassine Fall limite les ambitions pr\u00eat\u00e9es \u00e0 Macky"},"content":{"rendered":"\n<p><strong>Alors que des rumeurs pr\u00eatent \u00e0 Macky Sall des ambitions pour succ\u00e9der \u00e0 Ant\u00f3nio Guterres \u00e0 la t\u00eate de l\u2019ONU, la ministre des Affaires \u00e9trang\u00e8res, Yassine Fall, a s\u00e8chement \u00e9cart\u00e9 cette hypoth\u00e8se. Pour elle, l\u2019ancien pr\u00e9sident du S\u00e9n\u00e9gal ne remplit pas les crit\u00e8res exig\u00e9s pour diriger l\u2019institution onusienne.<\/strong><\/p>\n\n\n\n<p>Le gouvernement s\u00e9n\u00e9galais ne compte pas appuyer une \u00e9ventuelle candidature de l\u2019ancien pr\u00e9sident Macky Sall au poste de Secr\u00e9taire g\u00e9n\u00e9ral des Nations unies. C\u2019est la ministre des Affaires \u00e9trang\u00e8res, Yassine Fall, qui l\u2019a laiss\u00e9 entendre ce mercredi, mettant fin aux sp\u00e9culations sur le sujet.<\/p>\n\n\n\n<p>\u00ab Tous ceux qui avancent cette hypoth\u00e8se n\u2019ont rien compris \u00bb, a-t-elle d\u00e9clar\u00e9, visiblement agac\u00e9e par les rumeurs persistantes. \u00ab Attendons la liste officielle des candidatures, ces souteneurs de Macky Sall vont d\u00e9chanter. Ils ne verront pas son nom \u00bb, a-t-elle poursuivi.<\/p>\n\n\n\n<p>La cheffe de la diplomatie s\u00e9n\u00e9galaise a insist\u00e9 sur les crit\u00e8res stricts qui encadrent la s\u00e9lection du futur patron de l\u2019ONU : \u00ab Les experts savent les exigences requises en mati\u00e8re de profil, de parcours, d\u2019expertise et de bilan. Si les partisans de Macky Sall en avaient conscience, ils ne l\u2019auraient jamais envisag\u00e9 pour ce poste. \u00bb<\/p>\n\n\n\n<p>Avec cette sortie sans d\u00e9tour, Yassine Fall met un coup d\u2019arr\u00eat aux ambitions internationales pr\u00eat\u00e9es \u00e0 l\u2019ancien chef de l\u2019\u00c9tat, dont la perspective d\u2019un retour sur la sc\u00e8ne diplomatique mondiale suscite d\u00e9bats et critiques dans le pays.<\/p>\n","protected":false},"excerpt":{"rendered":"<p>Alors que des rumeurs pr\u00eatent \u00e0 Macky Sall des ambitions pour succ\u00e9der \u00e0 Ant\u00f3nio Guterres \u00e0 la t\u00eate de l\u2019ONU,<\/p>\n","protected":false},"author":1,"featured_media":57823,"comment_status":"open","ping_status":"open","sticky":false,"template":"","format":"standard","meta":{"footnotes":""},"categories":[6],"tags":[],"class_list":["post-57796","post","type-post","status-publish","format-standard","has-post-thumbnail","hentry","category-politics"],"_links":{"self":[{"href":"https:\/\/dekkbi.com\/index.php?rest_route=\/wp\/v2\/posts\/57796","targetHints":{"allow":["GET"]}}],"collection":[{"href":"https:\/\/dekkbi.com\/index.php?rest_route=\/wp\/v2\/posts"}],"about":[{"href":"https:\/\/dekkbi.com\/index.php?rest_route=\/wp\/v2\/types\/post"}],"author":[{"embeddable":true,"href":"https:\/\/dekkbi.com\/index.php?rest_route=\/wp\/v2\/users\/1"}],"replies":[{"embeddable":true,"href":"https:\/\/dekkbi.com\/index.php?rest_route=%2Fwp%2Fv2%2Fcomments&post=57796"}],"version-history":[{"count":1,"href":"https:\/\/dekkbi.com\/index.php?rest_route=\/wp\/v2\/posts\/57796\/revisions"}],"predecessor-version":[{"id":57797,"href":"https:\/\/dekkbi.com\/index.php?rest_route=\/wp\/v2\/posts\/57796\/revisions\/57797"}],"wp:featuredmedia":[{"embeddable":true,"href":"https:\/\/dekkbi.com\/index.php?rest_route=\/wp\/v2\/media\/57823"}],"wp:attachment":[{"href":"https:\/\/dekkbi.com\/index.php?rest_route=%2Fwp%2Fv2%2Fmedia&parent=57796"}],"wp:term":[{"taxonomy":"category","embeddable":true,"href":"https:\/\/dekkbi.com\/index.php?rest_route=%2Fwp%2Fv2%2Fcategories&post=57796"},{"taxonomy":"post_tag","embeddable":true,"href":"https:\/\/dekkbi.com\/index.php?rest_route=%2Fwp%2Fv2%2Ftags&post=57796"}],"curies":[{"name":"wp","href":"https:\/\/api.w.org\/{rel}","templated":true}]}}