{"id":57778,"date":"2025-06-05T10:22:04","date_gmt":"2025-06-05T10:22:04","guid":{"rendered":"https:\/\/dekkbi.com\/?p=57778"},"modified":"2025-06-05T11:40:49","modified_gmt":"2025-06-05T11:40:49","slug":"jet-prive-du-pm-entre-fantasmes-et-realite","status":"publish","type":"post","link":"https:\/\/dekkbi.com\/?p=57778","title":{"rendered":"JET PRIV\u00c9 DU PM &#8211; Entre fantasmes et r\u00e9alit\u00e9\u00a0"},"content":{"rendered":"\n<p><em><strong>Apr\u00e8s Karim Wade dans les ann\u00e9es 2000, Macky Sall plus r\u00e9cemment, c&rsquo;est au tour du Premier ministre Ousmane Sonko de d\u00e9frayer la chronique \u00e0 cause du jet priv\u00e9 affr\u00e9t\u00e9 pour son p\u00e9riple dans la sous-r\u00e9gion. Au-del\u00e0 des querelles partisanes, \u2018\u2019EnQu\u00eate\u2019\u2019 apporte quelques \u00e9clairages sur la propri\u00e9t\u00e9 de la compagnie, son top management ainsi que sur les enjeux du secteur tr\u00e8s porteur des voyages d&rsquo;affaires \u00e0 bord de jets priv\u00e9s.&nbsp;<\/strong><\/em><\/p>\n\n\n\n<p>Le jet priv\u00e9 du Premier ministre soul\u00e8ve, depuis quelques jours, des vagues. Chacun y allant de son commentaire, souvent selon le bord politique auquel il appartient. Au-del\u00e0 de la pol\u00e9mique politicienne, des questions l\u00e9gitimes. \u00c0 qui appartient, par exemple, la compagnie Sam Airways, transporteur du Premier ministre&nbsp;? Selon nos informations, la compagnie appartiendrait \u00e0 l&rsquo;homme d&rsquo;affaires s\u00e9n\u00e9galo-libanais Layousse, propri\u00e9taire de la deuxi\u00e8me cimenterie du pays Les Ciments du Sahel.&nbsp;<\/p>\n\n\n\n<p>C&rsquo;est au mois de juin 2024 que l&rsquo;Agence nationale de l&rsquo;aviation civile et de la m\u00e9t\u00e9orologie (Anacim) nous apprenait que la compagnie a obtenu son permis d&rsquo;exploitation a\u00e9rienne. \u201cLa d\u00e9l\u00e9gation de Sam Airways, conduite par le directeur g\u00e9n\u00e9ral adjoint Siza Madiba, s\u2019est f\u00e9licit\u00e9e de la r\u00e9activit\u00e9 et de l\u2019engagement des inspecteurs de l\u2019Anacim durant le processus des diff\u00e9rentes inspections qui ont men\u00e9 \u00e0 l\u2019obtention de son PEA (permis d\u2019exploitation a\u00e9rienne)\u201d, informait l&rsquo;agence.&nbsp;<\/p>\n\n\n\n<p><strong>Propri\u00e9t\u00e9 de la famille Layousse, la compagnie SAM AIRWAYS a eu son PEA en 2024 et s&rsquo;est positionn\u00e9 dans les voyages haut de gamme<\/strong><\/p>\n\n\n\n<p>Il faut noter que dans le secteur, elles sont tr\u00e8s peu nombreuses les compagnies sp\u00e9cialis\u00e9es dans l&rsquo;affr\u00e8tement de jets priv\u00e9s. Selon Sokhna Sabara, sp\u00e9cialis\u00e9e dans le tourisme et les transports a\u00e9riens, dans ce secteur en plein essor, on note, outre la pr\u00e9sence remarqu\u00e9e de Sam Airways, d&rsquo;autres compagnies comme Arc-en-ciel Airlines, A\u00e9roaffaires parmi les sp\u00e9cialistes. Elle cite aussi Transair qui, en tant qu&rsquo;affr\u00e9teur d&rsquo;avions, fait aussi ce genre d&rsquo;activit\u00e9s. L&rsquo;avantage, souligne-t-elle, c&rsquo;est effectivement le confort, la rapidit\u00e9, mais surtout la flexibilit\u00e9. \u201cIl s&rsquo;agit d&rsquo;avoir \u00e0 sa disposition un avion tout entier. Donc, pas de temps \u00e0 perdre dans les terminaux de compagnies a\u00e9riennes commerciales et vous \u00eates plus ou moins maitre de votre agenda\u201d, insiste-t-elle, avant de pr\u00e9ciser&nbsp;: \u201cBien entendu, \u00e7a coute bien plus cher et c&rsquo;est compr\u00e9hensible puisqu&rsquo;on met un avion \u00e0 ta disposition, avec toutes les commodit\u00e9s, toutes les places. Ce n&rsquo;est vraiment pas comparable avec les vols commerciaux.\u201d<\/p>\n\n\n\n<p>Un autre sp\u00e9cialiste de relativiser, en mettant l&rsquo;accent sur le fait que ce genre d&rsquo;avions sont de petite taille et consomment moins que les vols commerciaux. \u201cLes prix sont donc \u00e0 relativiser\u201d, souligne un de nos interlocuteurs sous le couvert de l&rsquo;anonymat.&nbsp;<\/p>\n\n\n\n<p>En ce qui concerne le transporteur du PM, elle aime se d\u00e9finir comme \u201cle pionnier du secteur des jets priv\u00e9s haut de gamme dans la r\u00e9gion de l\u2019Afrique de l\u2019Ouest\u201d. Son objectif&nbsp;: \u201cR\u00e9pondre aux clients VIP\/VVIP qui affr\u00e8tent g\u00e9n\u00e9ralement des vols depuis l\u2019Europe.\u201d&nbsp;Le choix de la flotte de Sam Airways confirme son ambition avec le Falcon 8X ultra-long-courrier et grande cabine, informe la compagnie sur son portail. \u201cSam Airways exploite un tout nouveau Falcon 8X (sic), \u00e9quip\u00e9 de la derni\u00e8re g\u00e9n\u00e9ration de Wifi en vol aliment\u00e9 par la bande Ka. Son design de cabine, \u00e9l\u00e9gant et intemporel, s\u2019adapte parfaitement aux clients VVIP.<\/p>\n\n\n\n<p>L\u2019op\u00e9rateur de jets vole depuis sa base d\u2019attache, l\u2019a\u00e9roport de Dakar-Yoff, au c\u0153ur de la capitale s\u00e9n\u00e9galaise, r\u00e9duisant consid\u00e9rablement le temps de trajet entre l\u2019a\u00e9roport et la ville. La capacit\u00e9 Falcon 8X pour les pistes courtes permet \u00e0 Sam Airways d\u2019offrir le m\u00eame service sur l\u2019ensemble de son r\u00e9seau\u201d, peut-on lire sur le site, qui informe \u00e9galement que la compagnie dispose, en sus du Falcon 8X, d&rsquo;un Falcon 7X. Des experts ont corrig\u00e9 en pr\u00e9cisant que le dernier n\u00e9 de la flotte, c&rsquo;est bien le Falcon 7X et c&rsquo;est bien ce dernier qui a \u00e9t\u00e9 mis \u00e0 disposition du Premier ministre pour son p\u00e9riple dans la sous-r\u00e9gion, dans des conditions qui restent \u00e0 d\u00e9terminer.&nbsp;<\/p>\n\n\n\n<p><strong>Silence autour des conditions dans lesquelles le jet a \u00e9t\u00e9 mis \u00e0 la disposition du PM<\/strong><\/p>\n\n\n\n<p>Interpell\u00e9, le g\u00e9n\u00e9ral Madick\u00e9 Seck, qui est dans le top management, n&rsquo;a pas souhait\u00e9 faire de commentaire. Il a d\u00e9clin\u00e9 avec beaucoup de courtoisie notre invitation \u00e0 un entretien pour plus d&rsquo;\u00e9clairages. Ce que l&rsquo;on sait, c&rsquo;est qu&rsquo;outre les voyages d&rsquo;affaires, la compagnie est aussi dans le tourisme d&rsquo;affaires, les \u00e9vacuations sanitaires&#8230;<\/p>\n\n\n\n<p>Il faut rappeler que ce n&rsquo;est pas la premi\u00e8re fois que le nom de la compagnie Sam Airways revient dans l&rsquo;espace public. Il y a quelques mois, certains responsables politiques s&rsquo;\u00e9taient indign\u00e9s de l&rsquo;utilisation de jets priv\u00e9s par l&rsquo;ancien pr\u00e9sident pour ses d\u00e9placements. \u201cL\u2019ancien pr\u00e9sident Macky Sall, d\u00e9sormais VRP de la France, aurait effectu\u00e9 un d\u00e9placement de trois jours \u00e0 Abidjan \u00e0 bord d\u2019un jet priv\u00e9. \u00c0 une \u00e9poque o\u00f9 les anciens chefs d\u2019\u00c9tat de grandes puissances mondiales comme la France, le Royaume-Uni ou l\u2019Allemagne privil\u00e9gient les vols commerciaux, cette extravagance soul\u00e8ve des questions\u201d, avait d\u00e9nonc\u00e9 Thierno Alassane Sall.&nbsp;<\/p>\n\n\n\n<p><strong>Quand Thierno Alassane Sall s&rsquo;indignait de l&rsquo;affr\u00e8tement du jet de la m\u00eame compagnie par Macky Sall<\/strong><\/p>\n\n\n\n<p>Ironie de l&rsquo;histoire, le pr\u00e9sident Sall voyageait \u00e0 l&rsquo;\u00e9poque \u00e0 bord du m\u00eame Falcon 7X. D&rsquo;ailleurs, TAS, cit\u00e9 par Seneweb, sans \u00eatre affirmatif, s&rsquo;\u00e9tait interrog\u00e9 \u00e0 l&rsquo;\u00e9poque sur la propri\u00e9t\u00e9 de l&rsquo;avion&nbsp;: \u201cLe S\u00e9n\u00e9gal, class\u00e9 parmi les pays les plus pauvres, peut rester indiff\u00e9rent face au faste insolent et ostentatoire de son ancien pr\u00e9sident, install\u00e9 royalement \u00e0 Marrakech et \u00e0 qui l\u2019on pr\u00eate la propri\u00e9t\u00e9 d\u2019un Falcon 7X ?\u201d<\/p>\n\n\n\n<p>Des proches de l&rsquo;ancien pr\u00e9sident et de l&rsquo;Alliance pour la R\u00e9publique n&rsquo;avaient pas manqu\u00e9 de monter au cr\u00e9neau pour apporter des pr\u00e9cisions. \u201cLe 23 juillet 2020, Son Excellence le Pr\u00e9sident Macky Sall effectuait un voyage dans le cadre d&rsquo;une mission de la CEDEAO. Il prit l&rsquo;option de voyager \u00e0 bord du Falcon 8 (14 places) livr\u00e9 \u00e0 Sam Airways le m\u00eame jour (23 juillet 2020) pour effectuer son voyage vers le Mali. L&rsquo;avion a \u00e9t\u00e9 acquis par la Soci\u00e9t\u00e9 Sam Airways aupr\u00e8s de Dassault Aviation. La m\u00eame soci\u00e9t\u00e9 a acquis, en 2023, novembre pr\u00e9cis\u00e9ment, le Falcon 7X. Je tenais juste \u00e0 clarifier, puisque la presse nationale a pr\u00e9f\u00e9r\u00e9 partager une information bidon\u201d, avait corrig\u00e9 monsieur Bah Diakhat\u00e9.&nbsp;<\/p>\n\n\n\n<p><strong>Le syndrome Karim Wade hante-t-il les S\u00e9n\u00e9galais&nbsp;?<\/strong><\/p>\n\n\n\n<p>Par le pass\u00e9, Karim Wade &#8211; tout puissant ministre d&rsquo;\u00c9tat charg\u00e9 notamment des Transports a\u00e9riens et de la Coop\u00e9ration internationale &#8211; faisait \u00e9galement l&rsquo;objet de toutes sortes de controverses \u00e0 cause de ses voyages r\u00e9p\u00e9titifs \u00e0 bord de jets priv\u00e9s qui \u00e9taient mis \u00e0 sa disposition et qui \u00e9taient affr\u00e9t\u00e9s par la pr\u00e9sidence de la R\u00e9publique. Lors de la traque des biens mal acquis, l&rsquo;enqu\u00eate avait r\u00e9v\u00e9l\u00e9 que le Falcon 50 en question avait cout\u00e9 au contribuable s\u00e9n\u00e9galais pas moins de 12 milliards F CFA.&nbsp;<\/p>\n\n\n\n<p>Selon les parutions de l&rsquo;\u00e9poque, \u201cle fils de l\u2019ancien pr\u00e9sident du S\u00e9n\u00e9gal a avou\u00e9 aux gendarmes qu\u2019il existait un contrat entre la soci\u00e9t\u00e9 Delta charg\u00e9e de la gestion de l\u2019appareil de son ami Jaber et la pr\u00e9sidence de la R\u00e9publique. En effet, il a convoqu\u00e9 son p\u00e8re qui, \u00e0 l\u2019en croire, payait la location de cet engin avec l\u2019argent des fonds politiques\u201d, peut-on encore lire sur Dakaractu, qui mentionne que le jet a aussi servi \u00e0 transporter d&rsquo;autres personnalit\u00e9s comme Macky Sall, \u00e0 l&rsquo;\u00e9poque PM de son p\u00e8re, et d&rsquo;autres chefs d&rsquo;\u00c9tat \u00e9trangers, gr\u00e2ce \u00e0 la bienveillance de Wade.&nbsp;<\/p>\n\n\n\n<p><em><strong>Par Mor Amar<\/strong><\/em><\/p>\n","protected":false},"excerpt":{"rendered":"<p>Apr\u00e8s Karim Wade dans les ann\u00e9es 2000, Macky Sall plus r\u00e9cemment, c&rsquo;est au tour du Premier ministre Ousmane Sonko de<\/p>\n","protected":false},"author":1,"featured_media":57779,"comment_status":"open","ping_status":"open","sticky":false,"template":"","format":"standard","meta":{"footnotes":""},"categories":[6],"tags":[],"class_list":["post-57778","post","type-post","status-publish","format-standard","has-post-thumbnail","hentry","category-politics"],"_links":{"self":[{"href":"https:\/\/dekkbi.com\/index.php?rest_route=\/wp\/v2\/posts\/57778","targetHints":{"allow":["GET"]}}],"collection":[{"href":"https:\/\/dekkbi.com\/index.php?rest_route=\/wp\/v2\/posts"}],"about":[{"href":"https:\/\/dekkbi.com\/index.php?rest_route=\/wp\/v2\/types\/post"}],"author":[{"embeddable":true,"href":"https:\/\/dekkbi.com\/index.php?rest_route=\/wp\/v2\/users\/1"}],"replies":[{"embeddable":true,"href":"https:\/\/dekkbi.com\/index.php?rest_route=%2Fwp%2Fv2%2Fcomments&post=57778"}],"version-history":[{"count":1,"href":"https:\/\/dekkbi.com\/index.php?rest_route=\/wp\/v2\/posts\/57778\/revisions"}],"predecessor-version":[{"id":57780,"href":"https:\/\/dekkbi.com\/index.php?rest_route=\/wp\/v2\/posts\/57778\/revisions\/57780"}],"wp:featuredmedia":[{"embeddable":true,"href":"https:\/\/dekkbi.com\/index.php?rest_route=\/wp\/v2\/media\/57779"}],"wp:attachment":[{"href":"https:\/\/dekkbi.com\/index.php?rest_route=%2Fwp%2Fv2%2Fmedia&parent=57778"}],"wp:term":[{"taxonomy":"category","embeddable":true,"href":"https:\/\/dekkbi.com\/index.php?rest_route=%2Fwp%2Fv2%2Fcategories&post=57778"},{"taxonomy":"post_tag","embeddable":true,"href":"https:\/\/dekkbi.com\/index.php?rest_route=%2Fwp%2Fv2%2Ftags&post=57778"}],"curies":[{"name":"wp","href":"https:\/\/api.w.org\/{rel}","templated":true}]}}