{"id":57765,"date":"2025-06-05T09:41:10","date_gmt":"2025-06-05T09:41:10","guid":{"rendered":"https:\/\/dekkbi.com\/?p=57765"},"modified":"2025-06-05T09:41:11","modified_gmt":"2025-06-05T09:41:11","slug":"adha-denonce-une-gestion-indigne-des-migrants-senegalais-rapatries-du-niger","status":"publish","type":"post","link":"https:\/\/dekkbi.com\/?p=57765","title":{"rendered":"ADHA d\u00e9nonce une gestion indigne des migrants s\u00e9n\u00e9galais rapatri\u00e9s du Niger"},"content":{"rendered":"\n<p>L\u2019Action pour les Droits Humains et l\u2019Amiti\u00e9 (ADHA) exprime son indignation face aux conditions d\u2019accueil inhumaines r\u00e9serv\u00e9es \u00e0 68 S\u00e9n\u00e9galais rapatri\u00e9s du Niger le 4 juin 2025. L\u2019organisation pointe du doigt de graves manquements aux droits fondamentaux des migrants et appelle \u00e0 une r\u00e9ponse urgente pour ceux encore bloqu\u00e9s au Niger.<\/p>\n\n\n\n<p>Communique &#8211; L\u2019Action pour les Droits Humains et l\u2019Amiti\u00e9 (ADHA), par la voix de son pr\u00e9sident Adama Mbengue, d\u00e9nonce fermement la mani\u00e8re dont ont \u00e9t\u00e9 accueillis les 68 ressortissants s\u00e9n\u00e9galais rapatri\u00e9s du Niger le 4 juin 2025. Si ce retour repr\u00e9sente une avanc\u00e9e sur le plan humanitaire, il est profond\u00e9ment entach\u00e9 de manquements graves en mati\u00e8re de respect des droits humains et de la dignit\u00e9 humaine.<\/p>\n\n\n\n<p><strong>Des conditions inacceptables \u00e0 l\u2019arriv\u00e9e<\/strong><\/p>\n\n\n\n<p>Ces compatriotes, d\u00e9j\u00e0 \u00e9prouv\u00e9s par des mois de souffrance en Alg\u00e9rie et un s\u00e9jour prolong\u00e9 de six mois dans les camps d\u2019Assamaka, Arlit et Agadez, ont \u00e9t\u00e9 accueillis \u00e0 Dakar dans un \u00e9tablissement inadapt\u00e9, notoirement connu pour des activit\u00e9s incompatibles avec les standards de d\u00e9cence et de respect des droits fondamentaux.<\/p>\n\n\n\n<p>Plus alarmant encore, aucune assistance psychologique ou m\u00e9dicale n\u2019a \u00e9t\u00e9 mise en place pour ces personnes particuli\u00e8rement vuln\u00e9rables, malgr\u00e9 les exp\u00e9riences traumatisantes qu\u2019elles ont v\u00e9cues et les alertes r\u00e9p\u00e9t\u00e9es de l\u2019ADHA, notamment dans son communiqu\u00e9 n\u00b0CP016-0625.<\/p>\n\n\n\n<p>Cette situation constitue une violation flagrante des engagements juridiques, \u00e9thiques et humains que l\u2019\u00c9tat s\u00e9n\u00e9galais a le devoir de respecter.<\/p>\n\n\n\n<p><strong>Une crise humanitaire persistante<\/strong><\/p>\n\n\n\n<p>Par ailleurs, une quarantaine d&rsquo;autres migrants s\u00e9n\u00e9galais, dont une femme et ses deux enfants, sont toujours bloqu\u00e9s au Niger, principalement dans les camps d\u2019Arlit et d\u2019Assamaka, dans des conditions extr\u00eamement pr\u00e9caires. Leur situation exige une intervention urgente, digne et humaine.<\/p>\n\n\n\n<p><strong>Un appel \u00e0 la dignit\u00e9 et \u00e0 la solidarit\u00e9<\/strong><\/p>\n\n\n\n<p>L\u2019ADHA rappelle avec force que ces migrants sont avant tout des \u00eatres humains, porteurs de r\u00eaves, d\u2019espoirs et de douleurs. \u00c0 ce titre, ils m\u00e9ritent d\u2019\u00eatre trait\u00e9s avec respect, solidarit\u00e9 et compassion, dans le strict respect de leurs droits fondamentaux.<\/p>\n","protected":false},"excerpt":{"rendered":"<p>L\u2019Action pour les Droits Humains et l\u2019Amiti\u00e9 (ADHA) exprime son indignation face aux conditions d\u2019accueil inhumaines r\u00e9serv\u00e9es \u00e0 68 S\u00e9n\u00e9galais<\/p>\n","protected":false},"author":1,"featured_media":57766,"comment_status":"open","ping_status":"open","sticky":false,"template":"","format":"standard","meta":{"footnotes":""},"categories":[21],"tags":[],"class_list":["post-57765","post","type-post","status-publish","format-standard","has-post-thumbnail","hentry","category-societe"],"_links":{"self":[{"href":"https:\/\/dekkbi.com\/index.php?rest_route=\/wp\/v2\/posts\/57765","targetHints":{"allow":["GET"]}}],"collection":[{"href":"https:\/\/dekkbi.com\/index.php?rest_route=\/wp\/v2\/posts"}],"about":[{"href":"https:\/\/dekkbi.com\/index.php?rest_route=\/wp\/v2\/types\/post"}],"author":[{"embeddable":true,"href":"https:\/\/dekkbi.com\/index.php?rest_route=\/wp\/v2\/users\/1"}],"replies":[{"embeddable":true,"href":"https:\/\/dekkbi.com\/index.php?rest_route=%2Fwp%2Fv2%2Fcomments&post=57765"}],"version-history":[{"count":1,"href":"https:\/\/dekkbi.com\/index.php?rest_route=\/wp\/v2\/posts\/57765\/revisions"}],"predecessor-version":[{"id":57767,"href":"https:\/\/dekkbi.com\/index.php?rest_route=\/wp\/v2\/posts\/57765\/revisions\/57767"}],"wp:featuredmedia":[{"embeddable":true,"href":"https:\/\/dekkbi.com\/index.php?rest_route=\/wp\/v2\/media\/57766"}],"wp:attachment":[{"href":"https:\/\/dekkbi.com\/index.php?rest_route=%2Fwp%2Fv2%2Fmedia&parent=57765"}],"wp:term":[{"taxonomy":"category","embeddable":true,"href":"https:\/\/dekkbi.com\/index.php?rest_route=%2Fwp%2Fv2%2Fcategories&post=57765"},{"taxonomy":"post_tag","embeddable":true,"href":"https:\/\/dekkbi.com\/index.php?rest_route=%2Fwp%2Fv2%2Ftags&post=57765"}],"curies":[{"name":"wp","href":"https:\/\/api.w.org\/{rel}","templated":true}]}}