{"id":57762,"date":"2025-06-05T09:30:53","date_gmt":"2025-06-05T09:30:53","guid":{"rendered":"https:\/\/dekkbi.com\/?p=57762"},"modified":"2025-06-05T10:31:45","modified_gmt":"2025-06-05T10:31:45","slug":"veille-de-tabaski-aissata-tall-sall-et-le-groupe-parlementaire-takku-wallu-chez-la-famille-de-farba-ngom","status":"publish","type":"post","link":"https:\/\/dekkbi.com\/?p=57762","title":{"rendered":"Veille de Tabaski : A\u00efssata Tall Sall et le Groupe Parlementaire Takku Wallu chez la famille de Farba"},"content":{"rendered":"\n<p>En cette veille de Tabaski, Me A\u00efssata Tall Sall, en tant que pr\u00e9sidente du Groupe Parlementaire Takku Wallu S\u00e9n\u00e9gal (TWS), a men\u00e9 une d\u00e9l\u00e9gation de coll\u00e8gues parlementaires pour rendre visite \u00e0 la famille du d\u00e9put\u00e9-maire Farba Ngom.<\/p>\n\n\n\n<p>L&rsquo;ancien pr\u00e9sident de l&rsquo;Assembl\u00e9e nationale, Amadou Mame Diop, a transmis le message de soutien et de solidarit\u00e9 du Pr\u00e9sident Macky Sall \u00e0 toute la famille Ngom, aux maires et \u00e9lus de la r\u00e9gion de Matam, \u00e0 leurs militants, ainsi qu&rsquo;\u00e0 tous les Foutank\u00e9s.<\/p>\n\n\n\n<p>La famille du d\u00e9put\u00e9 Farba Ngom a chaleureusement appr\u00e9ci\u00e9 ce geste et a exprim\u00e9 ses sinc\u00e8res remerciements au Pr\u00e9sident Sall, ainsi qu&rsquo;aux d\u00e9put\u00e9s pr\u00e9sents.<\/p>\n\n\n\n<p>Autres articles<\/p>\n","protected":false},"excerpt":{"rendered":"<p>En cette veille de Tabaski, Me A\u00efssata Tall Sall, en tant que pr\u00e9sidente du Groupe Parlementaire Takku Wallu S\u00e9n\u00e9gal (TWS),<\/p>\n","protected":false},"author":1,"featured_media":57763,"comment_status":"open","ping_status":"open","sticky":false,"template":"","format":"standard","meta":{"footnotes":""},"categories":[26],"tags":[],"class_list":["post-57762","post","type-post","status-publish","format-standard","has-post-thumbnail","hentry","category-fait-divers"],"_links":{"self":[{"href":"https:\/\/dekkbi.com\/index.php?rest_route=\/wp\/v2\/posts\/57762","targetHints":{"allow":["GET"]}}],"collection":[{"href":"https:\/\/dekkbi.com\/index.php?rest_route=\/wp\/v2\/posts"}],"about":[{"href":"https:\/\/dekkbi.com\/index.php?rest_route=\/wp\/v2\/types\/post"}],"author":[{"embeddable":true,"href":"https:\/\/dekkbi.com\/index.php?rest_route=\/wp\/v2\/users\/1"}],"replies":[{"embeddable":true,"href":"https:\/\/dekkbi.com\/index.php?rest_route=%2Fwp%2Fv2%2Fcomments&post=57762"}],"version-history":[{"count":2,"href":"https:\/\/dekkbi.com\/index.php?rest_route=\/wp\/v2\/posts\/57762\/revisions"}],"predecessor-version":[{"id":57783,"href":"https:\/\/dekkbi.com\/index.php?rest_route=\/wp\/v2\/posts\/57762\/revisions\/57783"}],"wp:featuredmedia":[{"embeddable":true,"href":"https:\/\/dekkbi.com\/index.php?rest_route=\/wp\/v2\/media\/57763"}],"wp:attachment":[{"href":"https:\/\/dekkbi.com\/index.php?rest_route=%2Fwp%2Fv2%2Fmedia&parent=57762"}],"wp:term":[{"taxonomy":"category","embeddable":true,"href":"https:\/\/dekkbi.com\/index.php?rest_route=%2Fwp%2Fv2%2Fcategories&post=57762"},{"taxonomy":"post_tag","embeddable":true,"href":"https:\/\/dekkbi.com\/index.php?rest_route=%2Fwp%2Fv2%2Ftags&post=57762"}],"curies":[{"name":"wp","href":"https:\/\/api.w.org\/{rel}","templated":true}]}}