{"id":57748,"date":"2025-06-05T08:58:38","date_gmt":"2025-06-05T08:58:38","guid":{"rendered":"https:\/\/dekkbi.com\/?p=57748"},"modified":"2025-06-05T09:08:22","modified_gmt":"2025-06-05T09:08:22","slug":"communique-du-conseil-des-ministres-du-mercredi-04-juin-2025","status":"publish","type":"post","link":"https:\/\/dekkbi.com\/?p=57748","title":{"rendered":"Communique du conseil des ministres du Mercredi 04 Juin 2025"},"content":{"rendered":"\n<h3 class=\"wp-block-heading\">\u200bLe Chef de l\u2019Etat, Son Excellence, Monsieur Bassirou Diomaye Diakhar FAYE a pr\u00e9sid\u00e9, ce mercredi 04 juin 2025, la r\u00e9union hebdomadaire du Conseil des Ministres, au Palais de la R\u00e9publique.<\/h3>\n\n\n\n<p>\u00a0A l\u2019entame de sa communication, le Pr\u00e9sident de la R\u00e9publique a remerci\u00e9 l\u2019ensemble des participants aux travaux du Dialogue national sur le syst\u00e8me politique. Il a salu\u00e9 l\u2019esprit patriotique constructif et le sens des responsabilit\u00e9s qui ont anim\u00e9 toutes les forces vives de la Nation et toutes les parties prenantes pendant cette rencontre. Ce qui va permettre d\u2019asseoir, dans le respect des convictions de chaque citoyen, un consensus durable sur les points d\u2019am\u00e9lioration et les r\u00e9formes politiques et institutionnelles n\u00e9cessaires au renforcement du rayonnement d\u00e9mocratique du S\u00e9n\u00e9gal. Il a r\u00e9it\u00e9r\u00e9 sa d\u00e9termination et celle du Gouvernement \u00e0 ne m\u00e9nager aucun effort pour travailler \u00e0 l\u2019approfondissement et \u00e0 la modernisation de notre d\u00e9mocratie \u00e0 travers la mise en \u0153uvre concert\u00e9e des recommandations consensuelles issues du Dialogue national sur le syst\u00e8me politique.<br>\u00a0<br><strong>\u00a0Le Pr\u00e9sident de la R\u00e9publique est revenu sur le renforcement du dialogue social tripartite<\/strong> (Gouvernement, Syndicats, Patronat) et la mise en \u0153uvre du Pacte national de stabilit\u00e9 sociale pour une croissance inclusive et durable. Il a rappel\u00e9 au Gouvernement le r\u00f4le fondamental du Haut Conseil du Dialogue social dans la facilitation, la vulgarisation et le suivi de la mise en \u0153uvre des engagements tripartites dudit pacte sign\u00e9 le 1<sup>er<\/sup>\u00a0mai 2025. A ce sujet, il a demand\u00e9 au Premier Ministre, au Ministre en charge du Travail et au Ministre en charge des Finances, de veiller au renforcement des moyens d\u2019intervention du Haut Conseil du Dialogue social afin de mieux accompagner le respect des m\u00e9canismes du dialogue social dans tous les secteurs.<br>\u00a0<br>\u00a0\u00a0\u00a0\u00a0\u00a0\u00a0\u00a0\u00a0\u00a0 Le Chef de l\u2019Etat a indiqu\u00e9 au Gouvernement l\u2019importance de consolider une culture pr\u00e9ventive des conflits en veillant, selon les sp\u00e9cificit\u00e9s de chaque d\u00e9partement minist\u00e9riel, \u00e0 la mise en place syst\u00e9matique de Comit\u00e9s sectoriels et territoriaux du dialogue social, mais \u00e9galement \u00e0 l\u2019actualisation et \u00e0 la signature des conventions collectives dans les branches d\u2019activit\u00e9. Dans cet \u00e9lan de concertation et d\u2019\u00e9largissement de la n\u00e9gociation collective, il a demand\u00e9 au Gouvernement d\u2019\u00eatre toujours \u00e0 l\u2019\u00e9coute des acteurs \u00e9conomiques et sociaux, d\u2019accompagner, dans le respect des lois, r\u00e8glements et conventions internationales, l\u2019application des droits des travailleurs, de renforcer le dialogue Etat-secteur priv\u00e9 afin d\u2019assurer l\u2019am\u00e9lioration soutenue de l\u2019environnement des affaires et la relance de l\u2019\u00e9conomie nationale. A cet effet, il a rappel\u00e9 au Premier Ministre la n\u00e9cessit\u00e9 de finaliser et de faire adopter le projet de loi sur la souverainet\u00e9 \u00e9conomique, symbole de notre volont\u00e9 de transformer l\u2019activit\u00e9 \u00e9conomique et de soutenir la comp\u00e9titivit\u00e9 des entreprises locales.\u00a0<br>\u00a0<br>\u00a0\u00a0\u00a0\u00a0\u00a0\u00a0\u00a0\u00a0\u00a0 Le Pr\u00e9sident de la R\u00e9publique a abord\u00e9 la probl\u00e9matique des mesures de sauvegarde pour la commercialisation optimale de la production maraich\u00e8re locale et de la pr\u00e9servation durable des fili\u00e8res horticoles. Face \u00e0 la production maraich\u00e8re exceptionnelle de cette ann\u00e9e qui connait des difficult\u00e9s de conservation et de commercialisation mena\u00e7ant la survie de plusieurs fili\u00e8res, il a demand\u00e9 au Gouvernement, sous la direction du Premier Ministre, de prendre toutes les mesures et d\u2019accomplir les diligences qui s\u2019imposent, afin d\u2019assurer, dans les meilleurs d\u00e9lais, en partenariat avec les acteurs priv\u00e9s nationaux, l\u2019am\u00e9nagement et l\u2019installation d\u2019unit\u00e9s de stockage et de conservation des produits horticoles dans plusieurs localit\u00e9s du pays. Il a \u00e9galement exhort\u00e9 le Premier Ministre, le Ministre de l\u2019Economie, du Plan et de la Coop\u00e9ration, le Ministre de l\u2019Industrie et du Commerce, le Ministre de l\u2019Agriculture, de la Souverainet\u00e9 alimentaire et de l\u2019Elevage, le Ministre de la Microfinance, de l\u2019Economie sociale et solidaire et le Secr\u00e9taire d\u2019Etat aux Coop\u00e9ratives et \u00e0 l\u2019Encadrement paysan, \u00e0 mettre en \u0153uvre une strat\u00e9gie de commercialisation de la production agricole et horticole nationale, en lien avec l\u2019\u00e9volution de la campagne de production. Il a soulign\u00e9 la n\u00e9cessit\u00e9 de mieux organiser les march\u00e9s des produits agricoles qui doivent se moderniser et s\u2019adosser \u00e0 la mise en place, \u00e0 terme, d\u2019une bourse nationale des produits agricoles, impliquant l\u2019int\u00e9gralit\u00e9 des segments (financement, production, prix, transformation, commercialisation, etc.).\u00a0<br>\u00a0<br>\u00a0\u00a0\u00a0\u00a0\u00a0\u00a0\u00a0\u00a0\u00a0 A la veille de la f\u00eate de Tabaski, le Chef de l\u2019Etat a adress\u00e9 ses meilleurs v\u0153ux \u00e0 la Oummah islamique, \u00e0 la communaut\u00e9 musulmane du S\u00e9n\u00e9gal en particulier et pri\u00e9 pour un S\u00e9n\u00e9gal de paix, de prosp\u00e9rit\u00e9 et de solidarit\u00e9. Il a f\u00e9licit\u00e9 le Gouvernement pour les diff\u00e9rentes mesures appliqu\u00e9es, depuis le mois d\u2019avril 2025, en vue d\u2019un approvisionnement correct du pays en moutons et en produits de consommation courante \u00e0 des prix accessibles. Il a demand\u00e9 au Gouvernement de prendre toutes les dispositions n\u00e9cessaires pour assurer un bon d\u00e9roulement des c\u00e9l\u00e9brations, ainsi que des d\u00e9placements des populations dans des conditions optimales en veillant \u00e0 la fluidit\u00e9 et \u00e0 la s\u00e9curit\u00e9 de la circulation routi\u00e8re.<br>\u00a0<br>\u00a0\u00a0\u00a0\u00a0\u00a0\u00a0\u00a0\u00a0\u00a0\u00a0 La 137<sup>\u00e8me<\/sup>\u00a0\u00e9dition du P\u00e8lerinage marial de Popenguine aura lieu les 07, 08 et 09 juin 2025 \u00e0 l\u2019occasion de la Pentec\u00f4te. Le Pr\u00e9sident de la R\u00e9publique a adress\u00e9 ses chaleureuses f\u00e9licitations \u00e0 la communaut\u00e9 chr\u00e9tienne et demand\u00e9 au Gouvernement de veiller au d\u00e9ploiement satisfaisant de toutes les mesures s\u00e9curitaires et logistiques ad\u00e9quates afin d\u2019assurer l\u2019encadrement des p\u00e8lerins et le bon d\u00e9roulement des manifestations religieuses sur les sites d\u2019accueil retenus.<br>\u00a0<br>\u00a0\u00a0\u00a0\u00a0\u00a0\u00a0\u00a0\u00a0\u00a0 Ce Conseil des Ministres est le 50<sup>\u00e8me<\/sup>\u00a0depuis l\u2019accession \u00e0 la magistrature supr\u00eame de Son Excellence Bassirou Diomaye Diakhar FAYE. A cette occasion, le Chef de l\u2019Etat a f\u00e9licit\u00e9 Monsieur le Premier Ministre Ousmane SONKO pour le travail remarquable et exceptionnel de conception, de mise en \u0153uvre, de redressement et de suivi de l\u2019action gouvernementale, r\u00e9alis\u00e9 dans l\u2019ensemble des secteurs. Il a associ\u00e9 dans ses f\u00e9licitations et encouragements le Gouvernement pour l\u2019engagement et le travail permanent de qualit\u00e9 accompli. Il a demand\u00e9 au Premier Ministre de prendre toutes les mesures idoines en vue d\u2019acc\u00e9l\u00e9rer la mise en \u0153uvre du r\u00e9f\u00e9rentiel \u00ab Vision S\u00e9n\u00e9gal 2050 \u00bb. En outre, il a soulign\u00e9 l\u2019imp\u00e9ratif d\u2019un monitoring mensuel des programmes et projets, relevant de l\u2019Agenda national de Transformation, \u00e0 travers la mise en place des \u00ab delivery units \u00bb minist\u00e9riels. Enfin, le Pr\u00e9sident de la R\u00e9publique a demand\u00e9 au Premier Ministre d\u2019envisager la tenue d\u2019un s\u00e9minaire d\u2019\u00e9valuation de l\u2019action gouvernementale et d\u2019acc\u00e9l\u00e9ration du d\u00e9ploiement de l\u2019Agenda national de Transformation.<br>\u00a0<br>\u00a0\u00a0\u00a0\u00a0\u00a0\u00a0\u00a0\u00a0\u00a0 Au chapitre de son agenda diplomatique, le Chef de l\u2019Etat est revenu sur la visite d\u2019Etat qu\u2019il a effectu\u00e9e les 26 et 27 mai 2025, en Guin\u00e9e-Bissau, \u00e0 l\u2019invitation du Pr\u00e9sident Umaro Sissoco EMBALO. Il a remerci\u00e9 son homologue et fr\u00e8re ainsi que le peuple bissau-guin\u00e9en pour l\u2019accueil exceptionnel qui lui a \u00e9t\u00e9 r\u00e9serv\u00e9. Il a exprim\u00e9 sa profonde gratitude au Pr\u00e9sident EMBALO qui l\u2019a d\u00e9cor\u00e9 de la M\u00e9daille Am\u00edlcar CABRAL, plus haute distinction du pays. Il a aussi r\u00e9affirm\u00e9 son attachement aux relations historiques d\u2019amiti\u00e9 et de fraternit\u00e9 qui unissent les deux peuples.\u00a0\u00a0\u00a0<br>\u00a0\u00a0\u00a0\u00a0\u00a0\u00a0\u00a0\u00a0\u00a0 La communication de Monsieur le Premier Ministre a port\u00e9 sur la gestion des litiges fonciers, la gouvernance du syst\u00e8me de protection sociale et la pr\u00e9vention des risques li\u00e9s \u00e0 l\u2019hivernage.<\/p>\n\n\n\n<p>\u00a0\u00a0\u00a0\u00a0\u00a0\u00a0\u00a0\u00a0\u00a0 S\u2019agissant de la gestion des litiges fonciers, le Premier Ministre a indiqu\u00e9 que de nombreuses r\u00e9clamations et demandes d\u2019arbitrage sont adress\u00e9es quotidiennement \u00e0 la Primature par des concitoyens d\u00e9termin\u00e9s \u00e0 faire respecter leurs droits. A titre illustratif, la Direction g\u00e9n\u00e9rale de la Surveillance et du Contr\u00f4le de l&rsquo;Occupation du Sol (DGSCOS) a re\u00e7u entre 2024 et 2025, des milliers de plaintes li\u00e9es \u00e0 des litiges fonciers, dont la plupart reste, \u00e0 ce jour, sans solution. Le Premier Ministre a d\u00e9plor\u00e9 l\u2019accaparement des terres en milieux urbain et rural engendrant des troubles graves \u00e0 l\u2019ordre public, un pr\u00e9judice \u00e0 la coh\u00e9sion sociale et au d\u00e9veloppement \u00e9conomique. Le Premier Ministre a demand\u00e9 aux structures concern\u00e9es d\u2019apporter une r\u00e9ponse ad\u00e9quate et diligente \u00e0 cette question aux enjeux cruciaux. Dans ce sens, il a annonc\u00e9 la stabilisation des Termes de R\u00e9f\u00e9rence pour une r\u00e9forme fonci\u00e8re globale et inclusive.\u00a0 Le Premier Ministre a insist\u00e9 sur le fait que le citoyen-usager sera plac\u00e9 au c\u0153ur de ces r\u00e9formes. Ainsi, les assiettes r\u00e9cup\u00e9r\u00e9es \u00e0 la suite des v\u00e9rifications fonci\u00e8res men\u00e9es dans les projets d\u2019am\u00e9nagement urbain comme le Plan d\u2019Urbanisme de D\u00e9tail (PUD) \u00e0 Dakar, les lotissements de Daga Kholpa et de Mbour 4 feront l\u2019objet d\u2019une valorisation judicieuse, en particulier, dans le cadre du d\u00e9veloppement de logements sociaux. Dans le m\u00eame ordre d\u2019id\u00e9es, les propri\u00e9taires ayant justifi\u00e9 de la r\u00e9gularit\u00e9 de leurs attributions sont en train d\u2019\u00eatre r\u00e9tablis dans leurs droits.<br>\u00a0\u00a0\u00a0\u00a0\u00a0\u00a0\u00a0\u00a0\u00a0<\/p>\n\n\n\n<p> Le Premier Ministre a ensuite proc\u00e9d\u00e9 \u00e0 un diagnostic du syst\u00e8me de s\u00e9curit\u00e9 sociale s\u00e9n\u00e9galais confront\u00e9 \u00e0 plusieurs d\u00e9fis, en particulier, celui de la gouvernance, de l\u2019\u00e9tendue de la couverture et de la qualit\u00e9 des prestations. En effet, la couverture actuelle des institutions de s\u00e9curit\u00e9 sociale laisse \u00e0 la marge plusieurs cat\u00e9gories de personnes notamment les travailleurs ind\u00e9pendants et ceux de l\u2019\u00e9conomie informelle. Les initiatives prises pour \u00e9tendre cette couverture laissent encore persister des insuffisances. Par ailleurs, le syst\u00e8me de retraite reste marqu\u00e9 par la faiblesse des pensions et la qualit\u00e9 du service. Le Premier Ministre a constat\u00e9 que la gouvernance est caract\u00e9ris\u00e9e par une pluralit\u00e9 d\u2019organes assurant chacun la gestion d\u2019une branche. Cet \u00e9miettement de l\u2019architecture institutionnelle rend difficile la mise en \u0153uvre d\u2019une politique sociale coh\u00e9rente et unifi\u00e9e. Pour ce faire, le Premier Ministre a demand\u00e9 au Ministre en charge du Travail d\u2019engager la r\u00e9flexion sur une possible fusion de l\u2019Institution de Pr\u00e9voyance Retraite du S\u00e9n\u00e9gal (IPRES) et de la Caisse de S\u00e9curit\u00e9 sociale (CSS) en une grande institution et de veiller, en rapport avec le Ministre Secr\u00e9taire g\u00e9n\u00e9ral du Gouvernement, \u00e0 l\u2019adoption rapide du nouveau Code de s\u00e9curit\u00e9 sociale.<br>\u00a0\u00a0\u00a0\u00a0\u00a0\u00a0\u00a0\u00a0<\/p>\n\n\n\n<p>Le Premier Ministre accorde une importance particuli\u00e8re \u00e0 la pr\u00e9vention des risques graves li\u00e9s \u00e0 l\u2019hivernage, dont les plus r\u00e9currents sont : les inondations, les crues, les noyades, les maladies hydriques, les accidents \u00e9lectriques notamment ceux li\u00e9s \u00e0 la foudre, l\u2019ins\u00e9curit\u00e9 routi\u00e8re et le p\u00e9ril acridien. A ce titre, plusieurs mesures allant dans le sens d\u2019une gestion pr\u00e9ventive et efficace de ces ph\u00e9nom\u00e8nes ont \u00e9t\u00e9 d\u00e9j\u00e0 prises \u00e0 l\u2019occasion de Conseils interminist\u00e9riels ant\u00e9rieurs. Toutefois, ces pr\u00e9cautions ne nous mettent pas totalement \u00e0 l\u2019abri de ces risques et de leurs cons\u00e9quences, surtout dans un contexte de d\u00e9r\u00e8glement climatique. Le Premier Ministre a exhort\u00e9 les Ministres comp\u00e9tents \u00e0 prendre les dispositions n\u00e9cessaires pour les pr\u00e9venir et, en cas de survenance, d\u2019en limiter les cons\u00e9quences n\u00e9gatives et d\u2019apporter des solutions pertinentes. Enfin, l\u2019Agence nationale de l\u2019Aviation civile et de la M\u00e9t\u00e9orologie (ANACIM) a \u00e9t\u00e9 invit\u00e9e \u00e0 fournir aux populations, en particulier les agriculteurs, les \u00e9leveurs, les usagers de la route, les marins p\u00eacheurs et autres gens de mer, l\u2019acc\u00e8s \u00e0 temps \u00e0 l\u2019information m\u00e9t\u00e9orologique, leur permettant ainsi d\u2019observer les r\u00e8gles minimales de s\u00e9curit\u00e9 requises.<br><\/p>\n\n\n\n<p><strong>AU TITRE DES COMMUNICATIONS DES MINISTRES :<\/strong><\/p>\n\n\n\n<p>&#8211;\u00a0\u00a0\u00a0\u00a0\u00a0\u00a0 le Ministre charg\u00e9 du suivi de l\u2019Agenda national de Transformation a fait une communication sur le pilotage strat\u00e9gique de l\u2019Agenda national de Transformation ;\u00a0<br>\u00a0<br>&#8211;\u00a0\u00a0\u00a0\u00a0\u00a0\u00a0 le Ministre de l\u2019Hydraulique et de l\u2019Assainissement a fait une communication sur le dispositif de pr\u00e9vention et de gestion des inondations en perspectives de l\u2019hivernage 2025 ;<br>\u00a0<br>&#8211;\u00a0\u00a0\u00a0\u00a0\u00a0\u00a0 le Ministre de la Communication, des T\u00e9l\u00e9communications et du Num\u00e9rique a fait une communication sur l\u2019\u00e9tat de mise en \u0153uvre du \u00ab New Deal Technologique \u00bb.<br>\u00a0<br><strong>AU TITRE DES TEXTES LEGISLATIFS ET REGLEMENTAIRES :\u00a0\u00a0 le Conseil a examin\u00e9 et adopt\u00e9 :<\/strong><br>&#8211;\u00a0\u00a0\u00a0\u00a0\u00a0\u00a0 la note de cadrage de la Loi de Finances Rectificative 2025. \u00a0<\/p>\n","protected":false},"excerpt":{"rendered":"<p>\u200bLe Chef de l\u2019Etat, Son Excellence, Monsieur Bassirou Diomaye Diakhar FAYE a pr\u00e9sid\u00e9, ce mercredi 04 juin 2025, la r\u00e9union<\/p>\n","protected":false},"author":1,"featured_media":43464,"comment_status":"open","ping_status":"open","sticky":false,"template":"","format":"standard","meta":{"footnotes":""},"categories":[6],"tags":[],"class_list":["post-57748","post","type-post","status-publish","format-standard","has-post-thumbnail","hentry","category-politics"],"_links":{"self":[{"href":"https:\/\/dekkbi.com\/index.php?rest_route=\/wp\/v2\/posts\/57748","targetHints":{"allow":["GET"]}}],"collection":[{"href":"https:\/\/dekkbi.com\/index.php?rest_route=\/wp\/v2\/posts"}],"about":[{"href":"https:\/\/dekkbi.com\/index.php?rest_route=\/wp\/v2\/types\/post"}],"author":[{"embeddable":true,"href":"https:\/\/dekkbi.com\/index.php?rest_route=\/wp\/v2\/users\/1"}],"replies":[{"embeddable":true,"href":"https:\/\/dekkbi.com\/index.php?rest_route=%2Fwp%2Fv2%2Fcomments&post=57748"}],"version-history":[{"count":1,"href":"https:\/\/dekkbi.com\/index.php?rest_route=\/wp\/v2\/posts\/57748\/revisions"}],"predecessor-version":[{"id":57749,"href":"https:\/\/dekkbi.com\/index.php?rest_route=\/wp\/v2\/posts\/57748\/revisions\/57749"}],"wp:featuredmedia":[{"embeddable":true,"href":"https:\/\/dekkbi.com\/index.php?rest_route=\/wp\/v2\/media\/43464"}],"wp:attachment":[{"href":"https:\/\/dekkbi.com\/index.php?rest_route=%2Fwp%2Fv2%2Fmedia&parent=57748"}],"wp:term":[{"taxonomy":"category","embeddable":true,"href":"https:\/\/dekkbi.com\/index.php?rest_route=%2Fwp%2Fv2%2Fcategories&post=57748"},{"taxonomy":"post_tag","embeddable":true,"href":"https:\/\/dekkbi.com\/index.php?rest_route=%2Fwp%2Fv2%2Ftags&post=57748"}],"curies":[{"name":"wp","href":"https:\/\/api.w.org\/{rel}","templated":true}]}}