{"id":57726,"date":"2025-06-04T15:32:13","date_gmt":"2025-06-04T15:32:13","guid":{"rendered":"https:\/\/dekkbi.com\/?p=57726"},"modified":"2025-06-04T15:49:19","modified_gmt":"2025-06-04T15:49:19","slug":"marine-le-pen-la-justice-confirme-la-decheance-de-son-mandat-de-conseillere-departementale","status":"publish","type":"post","link":"https:\/\/dekkbi.com\/?p=57726","title":{"rendered":"Marine Le Pen: la justice confirme la d\u00e9ch\u00e9ance de son mandat de conseill\u00e8re"},"content":{"rendered":"\n<p>\u00a9 2025 AFP &#8211; Le tribunal administratif de Lille a confirm\u00e9 mercredi la d\u00e9mission d&rsquo;office de Marine Le Pen de son mandat de conseill\u00e8re d\u00e9partementale du Pas-de-Calais, d\u00e9boutant l&rsquo;\u00e9lue qui contestait cette d\u00e9ch\u00e9ance li\u00e9e \u00e0 sa condamnation en mars pour d\u00e9tournement de fonds publics.<\/p>\n\n\n\n<p>Mais l&rsquo;avocat de la patronne des d\u00e9put\u00e9s Rassemblement National, Thomas Laval, a imm\u00e9diatement annonc\u00e9 qu&rsquo;elle faisait appel de cette d\u00e9cision, un appel qui suspend la d\u00e9mission d&rsquo;office.<\/p>\n\n\n\n<p>Le tribunal a jug\u00e9 que le code \u00e9lectoral impose \u00ab\u00a0au pr\u00e9fet de d\u00e9clarer d\u00e9missionnaire d&rsquo;office l&rsquo;\u00e9lu d\u00e9partemental d\u00e9clar\u00e9 in\u00e9ligible par le juge p\u00e9nal, par un jugement assorti de l&rsquo;ex\u00e9cution provisoire\u00a0\u00bb, explique la juridiction dans un communiqu\u00e9.<\/p>\n\n\n\n<p>Il a \u00e9galement rejet\u00e9 la question prioritaire de constitutionnalit\u00e9 (QPC) soulev\u00e9e par l&rsquo;avocat de la cheffe de file de l&rsquo;extr\u00eame droite. Celui-ci estimait que la d\u00e9mission d&rsquo;office pr\u00e9vue en cas de peine d&rsquo;in\u00e9ligibilit\u00e9 non d\u00e9finitive mais ex\u00e9cutoire provisoirement pourrait porter atteinte \u00e0 la libert\u00e9 des \u00e9lecteurs et \u00e0 d&rsquo;autres principes constitutionnels.<\/p>\n\n\n\n<p>Le tribunal administratif a soulign\u00e9 que ces dispositions l\u00e9gislatives ont d\u00e9j\u00e0 \u00e9t\u00e9 jug\u00e9es conformes \u00e0 la Constitution par une d\u00e9cision du Conseil constitutionnel du 28 mars 2025, portant sur les conseillers municipaux, soumis aux m\u00eames r\u00e8gles que les conseillers d\u00e9partementaux.<\/p>\n\n\n\n<p>Dans une d\u00e9claration transmise \u00e0 la presse, l&rsquo;avocat de Marine Le Pen d\u00e9plore une d\u00e9cision qui \u00ab\u00a0la prive de repr\u00e9senter les \u00e9lecteurs du canton d&rsquo;H\u00e9nin-Beaumont 2\u00a0\u00bb, alors \u00ab\u00a0m\u00eame qu&rsquo;elle est encore aujourd&rsquo;hui pr\u00e9sum\u00e9e innocente des faits qu&rsquo;on lui reproche\u00a0\u00bb.<\/p>\n\n\n\n<p>Mme le Pen a fait appel de sa condamnation fin mars par le tribunal correctionnel de Paris \u00e0 quatre ans d&#8217;emprisonnement, dont deux ferme, et \u00e0 une in\u00e9ligibilit\u00e9 imm\u00e9diate de cinq ans.<\/p>\n\n\n\n<p>\u00ab\u00a0Le m\u00e9canisme de la d\u00e9mission d&rsquo;office pour une peine d&rsquo;in\u00e9ligibilit\u00e9 non-d\u00e9finitive, viole plusieurs principes fondamentaux dans un \u00c9tat de droit, comme le principe de la contradiction, ainsi que plusieurs engagements internationaux de la France\u00a0\u00bb, selon Me Laval.<\/p>\n\n\n\n<p>Mme Le Pen a \u00e9t\u00e9 condamn\u00e9e le 31 mars \u00e0 une in\u00e9ligibilit\u00e9 imm\u00e9diate de cinq ans dans le dossier des assistants d&rsquo;eurod\u00e9put\u00e9s de son parti. Elle conserve selon la jurisprudence son mandat de d\u00e9put\u00e9e du Pas-de-Calais, mais a \u00e9t\u00e9 d\u00e9mise en avril de son mandat de conseill\u00e8re d\u00e9partementale.<\/p>\n\n\n\n<p>Le tribunal avait estim\u00e9 qu&rsquo;elle \u00e9tait au \u00ab\u00a0c\u0153ur\u00a0\u00bb d&rsquo;un syst\u00e8me de d\u00e9tournement de fonds publics mis en place pour payer des salari\u00e9s du parti avec l&rsquo;argent du Parlement europ\u00e9en, entre 2004 et 2016. Le montant total des d\u00e9tournements s&rsquo;\u00e9l\u00e8ve \u00e0 4,4 millions d&rsquo;euros.<\/p>\n","protected":false},"excerpt":{"rendered":"<p>\u00a9 2025 AFP &#8211; Le tribunal administratif de Lille a confirm\u00e9 mercredi la d\u00e9mission d&rsquo;office de Marine Le Pen de<\/p>\n","protected":false},"author":1,"featured_media":47118,"comment_status":"open","ping_status":"open","sticky":false,"template":"","format":"standard","meta":{"footnotes":""},"categories":[51],"tags":[],"class_list":["post-57726","post","type-post","status-publish","format-standard","has-post-thumbnail","hentry","category-general"],"_links":{"self":[{"href":"https:\/\/dekkbi.com\/index.php?rest_route=\/wp\/v2\/posts\/57726","targetHints":{"allow":["GET"]}}],"collection":[{"href":"https:\/\/dekkbi.com\/index.php?rest_route=\/wp\/v2\/posts"}],"about":[{"href":"https:\/\/dekkbi.com\/index.php?rest_route=\/wp\/v2\/types\/post"}],"author":[{"embeddable":true,"href":"https:\/\/dekkbi.com\/index.php?rest_route=\/wp\/v2\/users\/1"}],"replies":[{"embeddable":true,"href":"https:\/\/dekkbi.com\/index.php?rest_route=%2Fwp%2Fv2%2Fcomments&post=57726"}],"version-history":[{"count":2,"href":"https:\/\/dekkbi.com\/index.php?rest_route=\/wp\/v2\/posts\/57726\/revisions"}],"predecessor-version":[{"id":57734,"href":"https:\/\/dekkbi.com\/index.php?rest_route=\/wp\/v2\/posts\/57726\/revisions\/57734"}],"wp:featuredmedia":[{"embeddable":true,"href":"https:\/\/dekkbi.com\/index.php?rest_route=\/wp\/v2\/media\/47118"}],"wp:attachment":[{"href":"https:\/\/dekkbi.com\/index.php?rest_route=%2Fwp%2Fv2%2Fmedia&parent=57726"}],"wp:term":[{"taxonomy":"category","embeddable":true,"href":"https:\/\/dekkbi.com\/index.php?rest_route=%2Fwp%2Fv2%2Fcategories&post=57726"},{"taxonomy":"post_tag","embeddable":true,"href":"https:\/\/dekkbi.com\/index.php?rest_route=%2Fwp%2Fv2%2Ftags&post=57726"}],"curies":[{"name":"wp","href":"https:\/\/api.w.org\/{rel}","templated":true}]}}