{"id":57723,"date":"2025-06-04T15:27:56","date_gmt":"2025-06-04T15:27:56","guid":{"rendered":"https:\/\/dekkbi.com\/?p=57723"},"modified":"2025-06-04T15:27:57","modified_gmt":"2025-06-04T15:27:57","slug":"crise-niger-benin-lafrique-de-louest-a-plus-besoin-de-reconciliation-que-de-cooperation","status":"publish","type":"post","link":"https:\/\/dekkbi.com\/?p=57723","title":{"rendered":"Crise Niger-B\u00e9nin : \u00ab\u00a0L&rsquo;Afrique de l&rsquo;Ouest a plus besoin de r\u00e9conciliation que de coop\u00e9ration\u00a0\u00bb"},"content":{"rendered":"\n<p>Alors que la fronti\u00e8re entre le Niger et le B\u00e9nin est toujours ferm\u00e9e, le pr\u00e9sident nig\u00e9rien, le g\u00e9n\u00e9ral Abdourahamane Tiani, au pouvoir depuis le coup d&rsquo;\u00c9tat de juillet 2023, accuse \u00e0 nouveau son voisin du sud d\u2019abriter des bases militaires destin\u00e9es \u00e0 la formation de djihadistes qui visent la d\u00e9stabilisation du Niger. Directeur de publication du quotidien b\u00e9ninois Le Patriote, Marcel Zoumenou r\u00e9pond \u00e0 nos questions.&nbsp;<strong>Entretien.<\/strong><\/p>\n\n\n\n<p>Christian Eboul\u00e9 &#8211; \u00a9 AP Photo\/Olamikan Gbemiga<\/p>\n\n\n\n<p>Le pr\u00e9sident du Nigeria, Bola Ahmed Tinubu, troisi\u00e8me \u00e0 partir de la gauche, premi\u00e8re rang\u00e9e, pose pour une photo de groupe avec d&rsquo;autres dirigeants d&rsquo;Afrique de l&rsquo;Ouest, avant le d\u00e9but de la r\u00e9union de la CEDEAO, \u00e0 Abuja, au Nigeria, le dimanche 15 d\u00e9cembre 2024.<\/p>\n\n\n\n<p><strong>TV5MONDE&nbsp;: Le 31 mai dernier, le chef du r\u00e9gime nig\u00e9rien, le g\u00e9n\u00e9ral Abdourahamane Tiani, a d\u00e9clar\u00e9 sur la cha\u00eene T\u00e9l\u00e9 Sahel que le B\u00e9nin abrite des bases o\u00f9 s\u2019entra\u00eenent des djihadistes. Quel regard portez-vous sur ces accusations renouvel\u00e9es&nbsp;?&nbsp;<\/strong><\/p>\n\n\n\n<p><strong>Marcel Zoumenou, directeur de publication du quotidien b\u00e9ninois Le Patriote&nbsp;:<\/strong>&nbsp;Ces accusations et l&rsquo;av\u00e8nement des militaires au pouvoir sont concomitantes. Aussi bien le Niger que le Burkina Faso l&rsquo;ont tous brandies \u00e0 maintes reprises, depuis que la C\u00e9d\u00e9ao a menac\u00e9 d&rsquo;attaquer militairement le Niger, apr\u00e8s le putsch du 26 juillet 2023. Pour rappel, le pr\u00e9sident b\u00e9ninois Patrice Talon, sous couvert de la C\u00e9d\u00e9ao, avait menac\u00e9 le Niger d&rsquo;attaque militaire pour r\u00e9tablir dans ses fonctions le pr\u00e9sident nig\u00e9rien d\u00e9chu Mohamed Bazoum.<\/p>\n\n\n\n<p>Ces graves accusations sont malheureusement agit\u00e9es sans preuves. Elles corroborent l&rsquo;argumentaire tr\u00e8s r\u00e9pandu des n\u00e9o-panafricanistes selon lequel \u00ab&nbsp;C&rsquo;est la France qui soutient le terrorisme au Sahel&nbsp;\u00bb. La C\u00f4te d&rsquo;Ivoire et le B\u00e9nin, pays suppos\u00e9s pro-fran\u00e7ais, \u00e9tant donc ses relais dans la r\u00e9gion.<\/p>\n\n\n\n<p><strong>TV5MONDE&nbsp;: Justement, le ministre b\u00e9ninois des Affaires \u00e9trang\u00e8res, Olushegun Adjadi Bakari, \u00ab&nbsp;rejette avec la plus grande fermet\u00e9&nbsp;\u00bb des \u00ab&nbsp;accusations graves et sans fondements&nbsp;\u00bb. Est-ce suffisant de la part des autorit\u00e9s b\u00e9ninoises&nbsp;? Et que doivent-elles faire pour renouer le dialogue avec Niamey&nbsp;?&nbsp;<\/strong><\/p>\n\n\n\n<p><strong>Marcel Zoumenou&nbsp;:<\/strong>&nbsp;Le ministre Adjadi Bakari a dit ce qui est de l&rsquo;ordre du \u00ab&nbsp;diplomatiquement correct&nbsp;\u00bb : rejeter les accusations et formuler des souhaits de coop\u00e9ration avec les pays de l\u2019Alliance des \u00c9tats du Sahel (AES).&nbsp;<\/p>\n\n\n\n<p>Ces accusations qui viennent fr\u00e9quemment de Niamey ou de Ouagadougou, et qui portent sur l&rsquo;intelligence entre les djihadistes et le pouvoir de Cotonou sont d\u00e9sormais monnaie courante. \u00c0 chaque fois, le gouvernement s&rsquo;en d\u00e9fend sans trop apporter de preuve, tout comme les accusateurs d&rsquo;ailleurs. Sans doute parce qu\u2019il s\u2019agit d\u2019un domaine sensible sur lequel les \u00c9tats sont peu diserts.&nbsp;<\/p>\n\n\n\n<p>Je ne sais pas ce que le B\u00e9nin pourrait faire de mieux. Peut-\u00eatre inviter une d\u00e9l\u00e9gation militaire de ces pays \u00e0 faire une inspection au B\u00e9nin&nbsp;? Ou rompre toute coop\u00e9ration militaire avec les pays suppos\u00e9s \u00eatre les parrains du terrorisme au Sahel&nbsp;?&nbsp;<\/p>\n\n\n\n<p>La derni\u00e8re interrogation pourrait \u00eatre la meilleure solution. Elle r\u00e9ussirait \u00e0 rassurer les voisins de l&rsquo;AES, mais ce serait un coup dur pour la souverainet\u00e9 militaire du B\u00e9nin. Il faut donc privil\u00e9gier la diplomatie. Le Niger et le B\u00e9nin sont deux pays voisins condamn\u00e9s \u00e0 vivre ensemble pour l&rsquo;\u00e9ternit\u00e9.<\/p>\n\n\n\n<p><strong>TV5MONDE&nbsp;: Depuis le coup d\u2019\u00c9tat du 26 juillet 2023 et l\u2019arriv\u00e9e au pouvoir \u00e0 Niamey du Conseil national pour la sauvegarde de la patrie (CNSP), la tension ne cesse de s\u2019accro\u00eetre avec le B\u00e9nin. Et la fronti\u00e8re entre les deux pays est toujours ferm\u00e9e. Quelles sont aujourd\u2019hui les cons\u00e9quences de cette situation qui dure, sur les \u00e9conomies des deux pays&nbsp;?<\/strong><\/p>\n\n\n\n<p><strong>Marcel Zoumenou&nbsp;:<\/strong>&nbsp;Avant le coup d&rsquo;\u00c9tat de juillet 2023, la quasi-totalit\u00e9 des marchandises \u00e0 destination du Niger passait par le port de Cotonou. Avec la fermeture de la fronti\u00e8re effectu\u00e9e par le B\u00e9nin et maintenue par le Niger, ces marchandises en direction du Niger passent plut\u00f4t par le port de Lom\u00e9, au Togo.&nbsp;<\/p>\n\n\n\n<p>Les \u00e9conomies des deux pays en p\u00e2tissent. Si au B\u00e9nin le gouvernement se vante d\u2019avoir maintenu son taux de croissance \u00e0 7% en 2024, malgr\u00e9 la fermeture de la fronti\u00e8re avec le Niger, il n&rsquo;en demeure pas moins que les cons\u00e9quences sont \u00e9normes sur son \u00e9conomie, notamment en termes de perte d&#8217;emplois dans le secteur du transit portuaire et des transports. Cette situation a aussi engendr\u00e9 la chert\u00e9 de certaines denr\u00e9es alimentaires qui venaient du Niger.<\/p>\n\n\n\n<p>Mais la situation para\u00eet plus critique au Niger. Les marchandises partant du port de Lom\u00e9 doivent transiter par le Burkina Faso o\u00f9 parfois les camions sont attaqu\u00e9s, d\u00e9valis\u00e9s par des terroristes, avec des chauffeurs qui sont parfois tu\u00e9s.&nbsp;<\/p>\n\n\n\n<p>Par ailleurs, le trajet \u00e9tant presque doubl\u00e9, les marchandises reviennent environ deux fois plus ch\u00e8res. Il y a quelques jours, le pr\u00e9sident de la f\u00e9d\u00e9ration des transporteurs du Niger, Mahamadou Gamatch\u00e9, a appel\u00e9 le gouvernement nig\u00e9rien \u00e0 ouvrir les fronti\u00e8res afin de faciliter la vie aux populations locales.<\/p>\n\n\n\n<p><strong>TV5MONDE&nbsp;: Il y a bient\u00f4t un an, le 24 juin 2024, une m\u00e9diation conduite par les anciens pr\u00e9sidents b\u00e9ninois Nic\u00e9phore Soglo et Thomas Boni Yayi s\u2019est rendue \u00e0 Niamey. Quel a \u00e9t\u00e9 le r\u00e9sultat de cette initiative&nbsp;? Existe-t-il des perspectives de r\u00e9solution de ce conflit aujourd\u2019hui&nbsp;?<\/strong><\/p>\n\n\n\n<p><strong>Marcel Zoumenou&nbsp;:<\/strong>&nbsp;La m\u00e9diation des anciens pr\u00e9sidents b\u00e9ninois Soglo et Yayi Boni a contribu\u00e9 \u00e0 la reprise du transport du p\u00e9trole nig\u00e9rien via le pipeline Niger-B\u00e9nin. Il avait \u00e9t\u00e9 bloqu\u00e9 par le gouvernement nig\u00e9rien apr\u00e8s un incident diplomatique sur la plateforme de S\u00e8m\u00e8, au B\u00e9nin, en juin 2024.&nbsp;<\/p>\n\n\n\n<p>Quant aux perspectives de r\u00e9solution de ce conflit, elles s&rsquo;amenuisent avec les derni\u00e8res d\u00e9clarations du g\u00e9n\u00e9ral Tiani qui accuse le B\u00e9nin d&rsquo;abriter des bases \u00e9trang\u00e8res qui forment des terroristes pour d\u00e9stabiliser le Niger. Un argument de moins en moins cr\u00e9dible compte tenu de la fr\u00e9quence des attaques terroristes qui font des dizaines de morts au sein de l&rsquo;arm\u00e9e b\u00e9ninoise.<\/p>\n\n\n\n<p>\u00c0 mon humble avis, cette crise s&rsquo;inscrit dans un cadre plus global et g\u00e9opolitique. Il faudrait peut-\u00eatre l\u2019inclure dans la m\u00e9diation en cours actuellement entre la C\u00e9d\u00e9ao et l&rsquo;AES, ou \u00e0 d\u00e9faut, trouver un m\u00e9diateur international neutre et capable de rassurer \u00e0 la fois la junte nig\u00e9rienne et le gouvernement b\u00e9ninois. Ce qui n\u2019est par exemple pas le cas du pr\u00e9sident togolais.<\/p>\n\n\n\n<p><strong>TV5MONDE&nbsp;: Justement, le mois dernier, \u00e0 Bamako, au Mali, la C\u00e9d\u00e9ao et l\u2019AES se sont engag\u00e9s sur la voie de la coop\u00e9ration. Cette dynamique peut-elle aider \u00e0 venir \u00e0 bout de la crise entre le Niger et le B\u00e9nin&nbsp;?<\/strong><\/p>\n\n\n\n<p><strong>Marcel Zoumenou&nbsp;:<\/strong>&nbsp;Je pense plut\u00f4t \u00e0 une d\u00e9marche de r\u00e9conciliation. La sous-r\u00e9gion ouest-africaine a plus besoin de r\u00e9conciliation que de coop\u00e9ration en ce moment. La C\u00e9d\u00e9ao n&rsquo;a pas baiss\u00e9 les bras dans sa volont\u00e9 de ramener les trois pays de l\u2019AES dans son giron.&nbsp;<\/p>\n\n\n\n<p>Et leur retour ne ferait que du bien \u00e0 l&rsquo;organisation. Dans un contexte mondial de bouleversements g\u00e9opolitiques et de guerre informationnelle, la sous-r\u00e9gion gagnerait \u00e0 unir ses forces dans un seul bloc, au lieu de se fragmenter en petits groupes face aux g\u00e9ants que sont l\u2019Union europ\u00e9enne, les BRICS, l\u2019OTAN ou encore l\u2019ASEAN [Association des Nations du Sud-Est asiatique, NDLR].&nbsp;<\/p>\n\n\n\n<blockquote class=\"wp-block-quote is-layout-flow wp-block-quote-is-layout-flow\">\n<h3 class=\"wp-block-heading\">B\u00e9nin : pourquoi il n&rsquo;y a toujours pas de candidatures d\u00e9clar\u00e9s \u00e0 la pr\u00e9sidentielle de 2026<\/h3>\n\n\n\n<p><strong>Le premier tour de la prochaine \u00e9lection pr\u00e9sidentielle b\u00e9ninoise se tiendra dans moins d\u2019un an, le 12 avril 2026 (Un scrutin qui sera pr\u00e9c\u00e9d\u00e9 par des \u00e9lections g\u00e9n\u00e9rales pr\u00e9vues d\u00e8s le 11 janvier 2026). Alors que le d\u00e9p\u00f4t des dossiers de candidature d\u00e9marre le 6 f\u00e9vrier prochain, dans huit mois, aucune candidature ne s\u2019est encore officiellement d\u00e9clar\u00e9e \u00e0 ce jour.&nbsp;<\/strong><\/p>\n\n\n\n<p><strong>TV5MONDE&nbsp;: Comment expliquer cette absence de candidatures&nbsp;\u00e0 la pr\u00e9sidentielle ?&nbsp;<\/strong><strong>&nbsp;<\/strong><\/p>\n\n\n\n<p><strong>Marcel Zoumenou&nbsp;:<\/strong>&nbsp;Le contexte politique actuel est in\u00e9dit au B\u00e9nin depuis 1990 et le retour \u00e0 la d\u00e9mocratie et au multipartisme. Nous sommes \u00e0 moins d\u2019un an d\u2019une \u00e9lection pr\u00e9sidentielle, et on ne conna\u00eet toujours pas les candidats \u00e0 ce scrutin. Personne ne se presse d\u2019ailleurs pour se d\u00e9clarer candidat.&nbsp;<\/p>\n\n\n\n<p>Il y a quelques mois, j\u2019ai \u00e9crit un article dans lequel je parlais de d\u00e9lit de candidature, mais surtout, je rappelais que tous ceux qui ont os\u00e9 dire qu\u2019ils sont candidats ou qui \u00e9taient soup\u00e7onn\u00e9s comme tels, sont aujourd\u2019hui soit en prison, soit en exil. A l\u2019\u00e9poque, j\u2019avais recens\u00e9 six personnalit\u00e9s.&nbsp;<\/p>\n\n\n\n<p>(Re)voir&nbsp;<a href=\"https:\/\/information.tv5monde.com\/afrique\/video\/au-benin-trois-hommes-accuses-de-preparer-un-coup-detat-2741645\">Au B\u00e9nin, trois hommes accus\u00e9s de pr\u00e9parer un coup d&rsquo;\u00c9tat<\/a><\/p>\n\n\n\n<p>Apr\u00e8s cet article, deux autres personnes ont \u00e9t\u00e9 arr\u00eat\u00e9es et jet\u00e9es en prison&nbsp;: l\u2019homme d\u2019affaires Olivier Boko, ancien ami et bras droit du pr\u00e9sident Patrice Talon [arr\u00eat\u00e9 en septembre 2024 et condamn\u00e9 \u00e0 20 ans de prison ferme en janvier 2025, notamment pour \u00ab&nbsp;complot contre l\u2019Etat&nbsp;\u00bb, NDLR], et plus r\u00e9cemment Richard Boni Ouorou [Pr\u00e9sident du parti Le Lib\u00e9ral, accus\u00e9 de corruption de fonctionnaire, arr\u00eat\u00e9 et emprisonn\u00e9 le 22 mai dernier, NDLR].&nbsp;<\/p>\n\n\n\n<p>Toutes ces personnes sont suspect\u00e9es ou ont pos\u00e9 des actes qui laissent penser qu\u2019ils pourraient \u00eatre candidats \u00e0 la pr\u00e9sidentielle. Cons\u00e9quence&nbsp;: aucune personnalit\u00e9 n\u2019a pour l\u2019heure le courage de se d\u00e9clarer candidat. Comme le pr\u00e9sident Patrice Talon l\u2019a lui-m\u00eame sugg\u00e9r\u00e9, il sera le principal acteur de la d\u00e9signation de son successeur.&nbsp;<\/p>\n<\/blockquote>\n","protected":false},"excerpt":{"rendered":"<p>Alors que la fronti\u00e8re entre le Niger et le B\u00e9nin est toujours ferm\u00e9e, le pr\u00e9sident nig\u00e9rien, le g\u00e9n\u00e9ral Abdourahamane Tiani,<\/p>\n","protected":false},"author":1,"featured_media":57724,"comment_status":"open","ping_status":"open","sticky":false,"template":"","format":"standard","meta":{"footnotes":""},"categories":[51],"tags":[],"class_list":["post-57723","post","type-post","status-publish","format-standard","has-post-thumbnail","hentry","category-general"],"_links":{"self":[{"href":"https:\/\/dekkbi.com\/index.php?rest_route=\/wp\/v2\/posts\/57723","targetHints":{"allow":["GET"]}}],"collection":[{"href":"https:\/\/dekkbi.com\/index.php?rest_route=\/wp\/v2\/posts"}],"about":[{"href":"https:\/\/dekkbi.com\/index.php?rest_route=\/wp\/v2\/types\/post"}],"author":[{"embeddable":true,"href":"https:\/\/dekkbi.com\/index.php?rest_route=\/wp\/v2\/users\/1"}],"replies":[{"embeddable":true,"href":"https:\/\/dekkbi.com\/index.php?rest_route=%2Fwp%2Fv2%2Fcomments&post=57723"}],"version-history":[{"count":1,"href":"https:\/\/dekkbi.com\/index.php?rest_route=\/wp\/v2\/posts\/57723\/revisions"}],"predecessor-version":[{"id":57725,"href":"https:\/\/dekkbi.com\/index.php?rest_route=\/wp\/v2\/posts\/57723\/revisions\/57725"}],"wp:featuredmedia":[{"embeddable":true,"href":"https:\/\/dekkbi.com\/index.php?rest_route=\/wp\/v2\/media\/57724"}],"wp:attachment":[{"href":"https:\/\/dekkbi.com\/index.php?rest_route=%2Fwp%2Fv2%2Fmedia&parent=57723"}],"wp:term":[{"taxonomy":"category","embeddable":true,"href":"https:\/\/dekkbi.com\/index.php?rest_route=%2Fwp%2Fv2%2Fcategories&post=57723"},{"taxonomy":"post_tag","embeddable":true,"href":"https:\/\/dekkbi.com\/index.php?rest_route=%2Fwp%2Fv2%2Ftags&post=57723"}],"curies":[{"name":"wp","href":"https:\/\/api.w.org\/{rel}","templated":true}]}}