{"id":57718,"date":"2025-06-04T15:08:11","date_gmt":"2025-06-04T15:08:11","guid":{"rendered":"https:\/\/dekkbi.com\/?p=57718"},"modified":"2025-06-04T15:44:51","modified_gmt":"2025-06-04T15:44:51","slug":"cote-divoire-quatre-personnalites-de-lopposition-definitivement-exclues-de-la-presidentielle","status":"publish","type":"post","link":"https:\/\/dekkbi.com\/?p=57718","title":{"rendered":"C\u00f4te d&rsquo;Ivoire: quatre exclues de la pr\u00e9sidentielle"},"content":{"rendered":"\n<p>La politique en C\u00f4te d\u2019Ivoire&nbsp;: l\u2019opposant Tidjane Thiam a bien \u00e9t\u00e9 radi\u00e9 de la liste \u00e9lectorale d\u00e9finitive. Le nom du pr\u00e9sident du PDCI n\u2019appara\u00eet pas sur la base de donn\u00e9es mise en ligne dans la nuit du mardi 3 au mercredi 4 juin par la Commission \u00e9lectorale ind\u00e9pendante (CEI). Celle-ci a donc appliqu\u00e9 la d\u00e9cision de justice ordonnant la radiation de cet opposant.&nbsp;Autres opposants absents de la liste \u00e9lectorale&nbsp;: Laurent Gbagbo, Guillaume Soro, et Charles Bl\u00e9 Goud\u00e9.<\/p>\n\n\n\n<p><em>Avec <strong>Beno\u00eet Almeras<\/strong><\/em> <em>correspondant  RFI \u00e0 Abidjan,<\/em>\u00a0<\/p>\n\n\n\n<p>Pour comprendre comment on en est arriv\u00e9 l\u00e0, il faut revenir \u00e0 la Constitution. Celle-ci impose aux candidats \u00e0 la pr\u00e9sidentielle d\u2019\u00eatre exclusivement Ivoiriens. Tidjane Thiam,\u00a0pr\u00e9sident du Parti d\u00e9mocratique de\u00a0<strong>C\u00f4te d&rsquo;Ivoire<\/strong>\u00a0(PDCI), principale formation d&rsquo;opposition,\u00a0avait la nationalit\u00e9 fran\u00e7aise depuis 1987. Il en a \u00e9t\u00e9 lib\u00e9r\u00e9 le 20 mars 2025, soit quatre mois apr\u00e8s la derni\u00e8re r\u00e9vision de la\u00a0<strong>liste \u00e9lectorale<\/strong>. Des recours ont contest\u00e9 son inscription.<\/p>\n\n\n\n<h2 class=\"wp-block-heading\">Pas d&rsquo;appel<\/h2>\n\n\n\n<p>Fin avril, la justice a estim\u00e9 que Tidjane Thiam n\u2019\u00e9tait plus Ivoirien au moment de son enr\u00f4lement en 2022, une d\u00e9cision fond\u00e9e sur le code de la nationalit\u00e9. Le texte pr\u00e9cise que tout Ivoirien majeur perd sa nationalit\u00e9 quand il acquiert volontairement une nationalit\u00e9 \u00e9trang\u00e8re. Cette d\u00e9cision ne peut pas faire l\u2019objet d\u2019un appel. Elle s\u2019impose \u00e0 la commission \u00e9lectorale, qui juge impossible de r\u00e9viser de nouveau le fichier \u00e9lectoral avant la pr\u00e9sidentielle, fin octobre 2025.<\/p>\n\n\n\n<p>Tidjane Thiam se retrouve donc aujourd\u2019hui in\u00e9ligible. Le pr\u00e9sident du PDCI, en Europe depuis deux mois, d\u00e9nonce dans un communiqu\u00e9 \u00ab&nbsp;<em>son \u00e9limination de la liste \u00e9lectorale<\/em>&nbsp;\u00bb qui constitue selon lui \u00ab&nbsp;<em>un exemple de la d\u00e9rive de la C\u00f4te d&rsquo;Ivoire vers une absence totale de d\u00e9mocratie<\/em>&nbsp;\u00bb. L&rsquo;homme a annonc\u00e9 saisir le Comit\u00e9 des droits de l\u2019homme des Nations unies, dont les d\u00e9cisions ne sont pas contraignantes. Pour l\u2019opposant, plusieurs d\u00e9cisions judiciaires ivoiriennes sont \u00ab&nbsp;<em>attentatoires \u00e0 ses droits civils et politiques&nbsp;<\/em>\u00bb.<\/p>\n\n\n\n<h2 class=\"wp-block-heading\">Condamn\u00e9s, donc radi\u00e9s<\/h2>\n\n\n\n<p>Autres opposants absents de la\u00a0<strong>liste \u00e9lectorale<\/strong>\u00a0: l&rsquo;ancien pr\u00e9sident Laurent Gbagbo, l&rsquo;ex-Premier ministre en exil, Guillaume Soro, et l&rsquo;ancien ministre de la Jeunesse Charles Bl\u00e9 Goud\u00e9. Tous les trois sont radi\u00e9s depuis leurs condamnations respectives par la justice ivoirienne.<\/p>\n","protected":false},"excerpt":{"rendered":"<p>La politique en C\u00f4te d\u2019Ivoire&nbsp;: l\u2019opposant Tidjane Thiam a bien \u00e9t\u00e9 radi\u00e9 de la liste \u00e9lectorale d\u00e9finitive. Le nom du<\/p>\n","protected":false},"author":1,"featured_media":30268,"comment_status":"open","ping_status":"open","sticky":false,"template":"","format":"standard","meta":{"footnotes":""},"categories":[51],"tags":[],"class_list":["post-57718","post","type-post","status-publish","format-standard","has-post-thumbnail","hentry","category-general"],"_links":{"self":[{"href":"https:\/\/dekkbi.com\/index.php?rest_route=\/wp\/v2\/posts\/57718","targetHints":{"allow":["GET"]}}],"collection":[{"href":"https:\/\/dekkbi.com\/index.php?rest_route=\/wp\/v2\/posts"}],"about":[{"href":"https:\/\/dekkbi.com\/index.php?rest_route=\/wp\/v2\/types\/post"}],"author":[{"embeddable":true,"href":"https:\/\/dekkbi.com\/index.php?rest_route=\/wp\/v2\/users\/1"}],"replies":[{"embeddable":true,"href":"https:\/\/dekkbi.com\/index.php?rest_route=%2Fwp%2Fv2%2Fcomments&post=57718"}],"version-history":[{"count":2,"href":"https:\/\/dekkbi.com\/index.php?rest_route=\/wp\/v2\/posts\/57718\/revisions"}],"predecessor-version":[{"id":57731,"href":"https:\/\/dekkbi.com\/index.php?rest_route=\/wp\/v2\/posts\/57718\/revisions\/57731"}],"wp:featuredmedia":[{"embeddable":true,"href":"https:\/\/dekkbi.com\/index.php?rest_route=\/wp\/v2\/media\/30268"}],"wp:attachment":[{"href":"https:\/\/dekkbi.com\/index.php?rest_route=%2Fwp%2Fv2%2Fmedia&parent=57718"}],"wp:term":[{"taxonomy":"category","embeddable":true,"href":"https:\/\/dekkbi.com\/index.php?rest_route=%2Fwp%2Fv2%2Fcategories&post=57718"},{"taxonomy":"post_tag","embeddable":true,"href":"https:\/\/dekkbi.com\/index.php?rest_route=%2Fwp%2Fv2%2Ftags&post=57718"}],"curies":[{"name":"wp","href":"https:\/\/api.w.org\/{rel}","templated":true}]}}