{"id":57632,"date":"2025-06-03T11:41:39","date_gmt":"2025-06-03T11:41:39","guid":{"rendered":"https:\/\/dekkbi.com\/?p=57632"},"modified":"2025-06-03T11:41:39","modified_gmt":"2025-06-03T11:41:39","slug":"le-cameroun-detrone-le-burkina-faso-au-rang-de-crise-la-plus-negligee-selon-une-ong","status":"publish","type":"post","link":"https:\/\/dekkbi.com\/?p=57632","title":{"rendered":"Le Cameroun d\u00e9tr\u00f4ne le Burkina Faso au rang de crise \u00ab\u00a0la plus n\u00e9glig\u00e9e\u00a0\u00bb, selon une ONG"},"content":{"rendered":"\n<p>\u00a9 2025 AFP &#8211; Le Cameroun a remplac\u00e9 l&rsquo;an dernier le Burkina Faso dans la liste des crises de d\u00e9placement de populations les plus n\u00e9glig\u00e9es au monde, r\u00e9alis\u00e9 par le Conseil norv\u00e9gien pour les r\u00e9fugi\u00e9s (NRC).<\/p>\n\n\n\n<p>L&rsquo;ONG scandinave publie chaque ann\u00e9e la liste des dix crises de d\u00e9placement de populations les plus \u00ab\u00a0n\u00e9glig\u00e9es\u00a0\u00bb, fond\u00e9e sur trois crit\u00e8res: le manque de financements humanitaires, de couverture m\u00e9diatique et de volont\u00e9 politique de la communaut\u00e9 internationale.<\/p>\n\n\n\n<p>\u00ab\u00a0Trois crises distinctes et prolong\u00e9es frappent le Cameroun depuis plus d&rsquo;une d\u00e9cennie: le long conflit avec des groupes arm\u00e9s dans le bassin du lac Tchad, la violence dans les r\u00e9gions du Nord-Ouest et du Sud-Ouest (principalement peupl\u00e9es par une minorit\u00e9 anglophone, ndlr), et l&rsquo;instabilit\u00e9 persistante qui d\u00e9borde de la R\u00e9publique centrafricaine\u00a0\u00bb voisine, note le NRC.<\/p>\n\n\n\n<p>\u00ab\u00a0En 2024, environ 3,4 millions de personnes avaient un besoin urgent d&rsquo;assistance et de protection. Plus de 1,1 million \u00e9taient d\u00e9plac\u00e9es \u00e0 l&rsquo;int\u00e9rieur du pays, tandis que pr\u00e8s d&rsquo;un demi-million de r\u00e9fugi\u00e9s et demandeurs d&rsquo;asile cherchant la s\u00e9curit\u00e9 au Cameroun restaient bloqu\u00e9s dans une situation pr\u00e9caire\u00a0\u00bb, ajoute l&rsquo;ONG.<\/p>\n\n\n\n<p>Or, selon elle, la couverture m\u00e9diatique a \u00e9t\u00e9 n\u00e9gligeable, la r\u00e9ponse internationale inefficace et seuls 45% des financements humanitaires demand\u00e9s ont \u00e9t\u00e9 fournis.<\/p>\n\n\n\n<p>\u00ab\u00a0La crise au Cameroun est un cas d&rsquo;\u00e9cole en mati\u00e8re de n\u00e9gligence mondiale: peu couverte et sous-financ\u00e9e. En l&rsquo;absence de signes d&rsquo;un regain d&rsquo;attention, de soutien ou d&rsquo;engagement politique, les perspectives pour 2025 sont encore plus sombres\u00a0\u00bb, s&rsquo;inqui\u00e8te-t-elle.<\/p>\n\n\n\n<p>Huit pays africains figurent parmi les dix crises les plus n\u00e9glig\u00e9es: apr\u00e8s le Cameroun viennent l&rsquo;Ethiopie, le Mozambique, le Burkina Faso (au premier rang en 2023 et 2022), le Mali, l&rsquo;Ouganda, l&rsquo;Iran, la R\u00e9publique d\u00e9mocratique du Congo, le Honduras et la Somalie.<\/p>\n\n\n\n<p>Selon l&rsquo;ONG, \u00ab\u00a0moins de la moiti\u00e9 du financement humanitaire n\u00e9cessaire a \u00e9t\u00e9 fournie en 2024\u00a0\u00bb, un trou qui repr\u00e9sente d&rsquo;apr\u00e8s elle \u00ab\u00a0environ 1%\u00a0\u00bb des d\u00e9penses militaires mondiales en 2024.<\/p>\n\n\n\n<p>\u00ab\u00a0La solidarit\u00e9 internationale c\u00e8de de plus en plus la place \u00e0 des politiques introverties et nationalistes dans des pays donateurs qui \u00e9taient auparavant g\u00e9n\u00e9reux\u00a0\u00bb, d\u00e9plore le secr\u00e9taire g\u00e9n\u00e9ral du NRC, Jan Egeland.<\/p>\n\n\n\n<p>\u00ab\u00a0Partout en Europe, aux Etats-Unis et ailleurs, nous avons vu des donateurs tourner le dos aux populations au moment o\u00f9 elles avaient le plus besoin d&rsquo;aide\u00a0\u00bb, ajoute-t-il.<\/p>\n\n\n\n<p>Depuis sa prise de fonction en janvier, le pr\u00e9sident Donald Trump a gel\u00e9 l&rsquo;aide \u00e9trang\u00e8re am\u00e9ricaine et d\u00e9mantel\u00e9 l&rsquo;USAID, l&rsquo;agence am\u00e9ricaine pour le d\u00e9veloppement, qui g\u00e9rait un budget annuel de 42,8 milliards de dollars, repr\u00e9sentant \u00e0 lui seul 42% de l&rsquo;aide humanitaire mondiale.<\/p>\n\n\n\n<p>En proie \u00e0 des difficult\u00e9s budg\u00e9taires et face au besoin de relever leurs budgets militaires face \u00e0 une Russie per\u00e7ue comme mena\u00e7ante, plusieurs pays europ\u00e9ens ont aussi annonc\u00e9 des coupes dans leur aide au d\u00e9veloppement.<\/p>\n","protected":false},"excerpt":{"rendered":"<p>\u00a9 2025 AFP &#8211; Le Cameroun a remplac\u00e9 l&rsquo;an dernier le Burkina Faso dans la liste des crises de d\u00e9placement<\/p>\n","protected":false},"author":1,"featured_media":57633,"comment_status":"open","ping_status":"open","sticky":false,"template":"","format":"standard","meta":{"footnotes":""},"categories":[51],"tags":[],"class_list":["post-57632","post","type-post","status-publish","format-standard","has-post-thumbnail","hentry","category-general"],"_links":{"self":[{"href":"https:\/\/dekkbi.com\/index.php?rest_route=\/wp\/v2\/posts\/57632","targetHints":{"allow":["GET"]}}],"collection":[{"href":"https:\/\/dekkbi.com\/index.php?rest_route=\/wp\/v2\/posts"}],"about":[{"href":"https:\/\/dekkbi.com\/index.php?rest_route=\/wp\/v2\/types\/post"}],"author":[{"embeddable":true,"href":"https:\/\/dekkbi.com\/index.php?rest_route=\/wp\/v2\/users\/1"}],"replies":[{"embeddable":true,"href":"https:\/\/dekkbi.com\/index.php?rest_route=%2Fwp%2Fv2%2Fcomments&post=57632"}],"version-history":[{"count":1,"href":"https:\/\/dekkbi.com\/index.php?rest_route=\/wp\/v2\/posts\/57632\/revisions"}],"predecessor-version":[{"id":57634,"href":"https:\/\/dekkbi.com\/index.php?rest_route=\/wp\/v2\/posts\/57632\/revisions\/57634"}],"wp:featuredmedia":[{"embeddable":true,"href":"https:\/\/dekkbi.com\/index.php?rest_route=\/wp\/v2\/media\/57633"}],"wp:attachment":[{"href":"https:\/\/dekkbi.com\/index.php?rest_route=%2Fwp%2Fv2%2Fmedia&parent=57632"}],"wp:term":[{"taxonomy":"category","embeddable":true,"href":"https:\/\/dekkbi.com\/index.php?rest_route=%2Fwp%2Fv2%2Fcategories&post=57632"},{"taxonomy":"post_tag","embeddable":true,"href":"https:\/\/dekkbi.com\/index.php?rest_route=%2Fwp%2Fv2%2Ftags&post=57632"}],"curies":[{"name":"wp","href":"https:\/\/api.w.org\/{rel}","templated":true}]}}