{"id":57629,"date":"2025-06-03T11:22:34","date_gmt":"2025-06-03T11:22:34","guid":{"rendered":"https:\/\/dekkbi.com\/?p=57629"},"modified":"2025-06-03T11:22:35","modified_gmt":"2025-06-03T11:22:35","slug":"mali-ce-que-lon-sait-de-plus-au-lendemain-de-lattaque-du-jnim-a-tombouctou","status":"publish","type":"post","link":"https:\/\/dekkbi.com\/?p=57629","title":{"rendered":"Mali: ce que l\u2019on sait de plus au lendemain de l&rsquo;attaque du Jnim \u00e0 Tombouctou"},"content":{"rendered":"\n<p>Au Mali, on en sait davantage sur la s\u00e9rie d&rsquo;attaque men\u00e9e le 2 juin 2025 \u00e0 Tombouctou par le Jnim, le Groupe de soutien \u00e0 l&rsquo;Islam et aux musulmans, li\u00e9 \u00e0 al-Qa\u00efda. Le camp militaire, l&rsquo;a\u00e9roport et plusieurs postes de contr\u00f4le ont \u00e9t\u00e9 vis\u00e9s de mani\u00e8re simultan\u00e9e. L&rsquo;arm\u00e9e malienne a r\u00e9actualis\u00e9 son bilan, port\u00e9 \u00e0 \u00ab&nbsp;<em>14 terroristes neutralis\u00e9s<\/em>&nbsp;\u00bb. Les jihadistes ont \u00e9galement diffus\u00e9 de nouvelles images et revendiquent des \u00ab&nbsp;<em>dizaines de morts et de bless\u00e9s<\/em>&nbsp;\u00bb. Le couvre-feu d\u00e9j\u00e0 en vigueur dans la ville a \u00e9t\u00e9 \u00e9largi.<\/p>\n\n\n\n<p>\u00ab\u00a0<em>Quatorze terroristes neutralis\u00e9s, 31 pr\u00e9sum\u00e9s terroristes interpell\u00e9s<\/em>\u00a0\u00bb et du mat\u00e9riel r\u00e9cup\u00e9r\u00e9. C&rsquo;est le bilan de la \u00ab\u00a0<em>prompte r\u00e9action<\/em>\u00a0\u00bb des soldats, puis des op\u00e9rations de ratissage qui ont suivi les attaques, selon l&rsquo;\u00e9tat-major g\u00e9n\u00e9ral des arm\u00e9es du\u00a0<strong>Mali<\/strong>. Les images de plusieurs cadavres de jihadistes et d&rsquo;armes r\u00e9cup\u00e9r\u00e9es ont \u00e9t\u00e9 diffus\u00e9es \u00e0 la t\u00e9l\u00e9vision. Un notable de Tombouctou raconte \u00e0 RFI comment des habitants ont eux-m\u00eames br\u00fbl\u00e9 la d\u00e9pouille d&rsquo;un jihadiste en pleine rue, avant que la protection civile ne l&rsquo;\u00e9vacue.<\/p>\n\n\n\n<h2 class=\"wp-block-heading\">Tentative d\u00e9jou\u00e9e ou op\u00e9ration suicide<\/h2>\n\n\n\n<p>Si l&rsquo;arm\u00e9e se f\u00e9licite d&rsquo;avoir \u00ab&nbsp;<em>d\u00e9jou\u00e9 une tentative d&rsquo;infiltration<\/em>&nbsp;\u00bb du camp militaire, les jihadistes, eux, affirment qu&rsquo;il s&rsquo;agissait d&rsquo;une op\u00e9ration suicide. Le Jnim a lui aussi diffus\u00e9 de nouvelles revendications, assurant avoir fait \u00ab&nbsp;<em>des dizaines de morts et de bless\u00e9s<\/em>&nbsp;\u00bb, non seulement en p\u00e9n\u00e9trant dans le camp militaire de Tombouctou, mais aussi en visant l&rsquo;a\u00e9roport \u2013 des tirs d&rsquo;obus qui n&rsquo;ont pas fait de d\u00e9g\u00e2ts \u2013 et en attaquant trois postes de contr\u00f4le \u00e0 diff\u00e9rentes entr\u00e9es de la ville : Assadi, Ber et Arwen. L&rsquo;arm\u00e9e malienne ne mentionne pas l&rsquo;attaque de ces postes de contr\u00f4le dans ses communiqu\u00e9s. Le Jnim a diffus\u00e9 des images d&rsquo;armes, d&rsquo;\u00e9quipements militaires et de pi\u00e8ces d&rsquo;identit\u00e9 de soldats, pr\u00e9sent\u00e9s comme le butin des attaques de deux points de contr\u00f4le.<\/p>\n\n\n\n<p>Ni l&rsquo;arm\u00e9e malienne, ni le Jnim ne pr\u00e9cisent leurs propres pertes. Aucun bilan fiable n&rsquo;a pu \u00eatre recoup\u00e9 de mani\u00e8re ind\u00e9pendante \u00e0 ce stade. \u00ab&nbsp;<em>Les militaires ont enterr\u00e9 leurs morts discr\u00e8tement<\/em>&nbsp;\u00bb, confie une autre grande figure de la ville, qui raconte que des v\u00e9hicules de l&rsquo;arm\u00e9e ont stationn\u00e9 pendant la nuit devant le \u00ab&nbsp;<em>cimeti\u00e8re des trois saints<\/em>&nbsp;\u00bb, o\u00f9 des lumi\u00e8res \u00e9taient visibles et le passage interdit.&nbsp;<\/p>\n\n\n\n<h2 class=\"wp-block-heading\">Couvre-feu durci<\/h2>\n\n\n\n<p>Enfin, le couvre-feu est d\u00e9sormais impos\u00e9 entre 21h et 6h du matin, \u00ab&nbsp;<em>jusqu&rsquo;\u00e0 nouvel ordre<\/em>&nbsp;\u00bb. Instaur\u00e9 en octobre 2023, lorsque Tombouctou \u00e9tait cibl\u00e9e par des tirs de roquette, le couvre-feu avait \u00e9t\u00e9 progressivement all\u00e9g\u00e9 et ne commen\u00e7ait plus qu&rsquo;\u00e0 23h. Le gouvernorat r\u00e9ajuste donc la mesure \u00e0 la menace du moment.<\/p>\n\n\n\n<p>Ces dix derniers jours, le Jnim a revendiqu\u00e9 une impressionnante s\u00e9rie d&rsquo;attaques dans plusieurs r\u00e9gions du sud, du centre et du nord du Mali, contre des cibles militaires. Les attaques des camps de Dioura (23 mai) et de Boulikessi (1er juin) ont, \u00e0 elles seules, fait plus d&rsquo;une centaine de morts dans les rangs des soldats maliens.<\/p>\n\n\n\n<p>SOURCE RFI<\/p>\n","protected":false},"excerpt":{"rendered":"<p>Au Mali, on en sait davantage sur la s\u00e9rie d&rsquo;attaque men\u00e9e le 2 juin 2025 \u00e0 Tombouctou par le Jnim,<\/p>\n","protected":false},"author":1,"featured_media":57630,"comment_status":"open","ping_status":"open","sticky":false,"template":"","format":"standard","meta":{"footnotes":""},"categories":[51],"tags":[],"class_list":["post-57629","post","type-post","status-publish","format-standard","has-post-thumbnail","hentry","category-general"],"_links":{"self":[{"href":"https:\/\/dekkbi.com\/index.php?rest_route=\/wp\/v2\/posts\/57629","targetHints":{"allow":["GET"]}}],"collection":[{"href":"https:\/\/dekkbi.com\/index.php?rest_route=\/wp\/v2\/posts"}],"about":[{"href":"https:\/\/dekkbi.com\/index.php?rest_route=\/wp\/v2\/types\/post"}],"author":[{"embeddable":true,"href":"https:\/\/dekkbi.com\/index.php?rest_route=\/wp\/v2\/users\/1"}],"replies":[{"embeddable":true,"href":"https:\/\/dekkbi.com\/index.php?rest_route=%2Fwp%2Fv2%2Fcomments&post=57629"}],"version-history":[{"count":1,"href":"https:\/\/dekkbi.com\/index.php?rest_route=\/wp\/v2\/posts\/57629\/revisions"}],"predecessor-version":[{"id":57631,"href":"https:\/\/dekkbi.com\/index.php?rest_route=\/wp\/v2\/posts\/57629\/revisions\/57631"}],"wp:featuredmedia":[{"embeddable":true,"href":"https:\/\/dekkbi.com\/index.php?rest_route=\/wp\/v2\/media\/57630"}],"wp:attachment":[{"href":"https:\/\/dekkbi.com\/index.php?rest_route=%2Fwp%2Fv2%2Fmedia&parent=57629"}],"wp:term":[{"taxonomy":"category","embeddable":true,"href":"https:\/\/dekkbi.com\/index.php?rest_route=%2Fwp%2Fv2%2Fcategories&post=57629"},{"taxonomy":"post_tag","embeddable":true,"href":"https:\/\/dekkbi.com\/index.php?rest_route=%2Fwp%2Fv2%2Ftags&post=57629"}],"curies":[{"name":"wp","href":"https:\/\/api.w.org\/{rel}","templated":true}]}}