{"id":57613,"date":"2025-06-03T10:59:42","date_gmt":"2025-06-03T10:59:42","guid":{"rendered":"https:\/\/dekkbi.com\/?p=57613"},"modified":"2025-06-03T10:59:43","modified_gmt":"2025-06-03T10:59:43","slug":"elimination-du-paludisme-une-trentaine-dacteurs-formes-sur-des-approches-innovantes","status":"publish","type":"post","link":"https:\/\/dekkbi.com\/?p=57613","title":{"rendered":"Elimination du paludisme\u00a0: une trentaine d\u2019acteurs form\u00e9s sur des approches innovantes"},"content":{"rendered":"\n<p>Dakar,  (APS) \u2013 Un cours national sur le leadership, la gestion et la gouvernance dans le domaine de la lutte contre le paludisme s\u2019est ouvert lundi \u00e0 l\u2019Institut Pasteur de Dakar (IPD), \u00e0 l\u2019intention d\u2019une trentaine d\u2019acteurs du niveau op\u00e9rationnel appel\u00e9s \u00e0 s\u2019impr\u00e9gner des approches innovantes pouvant contribuer \u00e0 l\u2019\u00e9limination du paludisme \u00e0 l\u2019horizon 2030.<\/p>\n\n\n\n<p>\u201cPour atteindre cet objectif d\u2019\u00e9limination du paludisme, il faut prendre des initiatives qui permettent d\u2019\u00eatre beaucoup plus efficaces dans la lutte contre cette maladie\u201d, a d\u00e9clar\u00e9 Samba Cor Sarr,&nbsp;directeur de cabinet du ministre de la Sant\u00e9 et de l\u2019Action sociale.<\/p>\n\n\n\n<p>Pour ce faire, \u201cnous avons la chance d\u2019avoir l\u2019action des universitaires qui, \u00e0 travers des approches innovantes, nous aident \u00e0 capaciter les acteurs qui sont engag\u00e9s dans la lutte\u201d, en les aidant \u00e0 \u201cavoir d\u2019autres m\u00e9thodes beaucoup plus adapt\u00e9es face aux changements qui s\u2019op\u00e8rent au niveau de l\u2019ennemi\u201d, a-t-il ajout\u00e9.<\/p>\n\n\n\n<p>M. Sarr prenait part \u00e0 l\u2019ouverture officielle de ce cours pr\u00e9vu pour se poursuivre jusqu\u2019au 5 juin prochain.<\/p>\n\n\n\n<p>D\u2019apr\u00e8s le directeur de cabinet du ministre de la Sant\u00e9 et de l\u2019Action sociale, \u201cplus nous d\u00e9veloppons des approches, plus l\u2019ennemi \u00e9galement cherche \u00e0 contourner ces approches, donc les universitaires arrivent \u00e0 ce niveau avec nous pour nous aider \u00e0 \u00eatre beaucoup plus efficaces\u201d.<\/p>\n\n\n\n<p>Il souligne que c\u2019est le sens de cet atelier qui enregistre la participation de plusieurs repr\u00e9sentants de pays de la r\u00e9gion Afrique, au nombre d\u2019une trentaine et qui devraient d\u00e9velopper, au terme de cette formation, de nouvelles comp\u00e9tences en termes de leadership et de management.<\/p>\n\n\n\n<p>\u201cIl s\u2019agit de faire en sorte que les responsabilit\u00e9s et les r\u00f4les soient mieux d\u00e9finis, mieux compris et mieux assum\u00e9s par les acteurs qui sont engag\u00e9s dans la lutte contre le paludisme\u201d, a indiqu\u00e9 Samba Cor Sarr.<\/p>\n\n\n\n<p>\u201cNous avons aujourd\u2019hui comme ambition de faire en sorte que les programmes qui utilisent une approche verticale dans le cadre de la lutte contre la maladie puissent travailler \u00e0 ce que cette approche renforce les comp\u00e9tences au niveau horizontal, pour qu\u2019effectivement, la probl\u00e9matique de la lutte contre la maladie soit l\u2019affaire de tous\u201d, a insist\u00e9 le responsable du minist\u00e8re de la Sant\u00e9.<\/p>\n\n\n\n<p>Il dit s\u2019attendre \u00e0 un changement de paradigme \u00e0 terme. \u201cNous souhaitons que les acteurs ne soient plus toujours dans une attitude d\u2019attente des recommandations provenant du niveau central, que l\u2019initiative soit une affaire de la communaut\u00e9, une affaire des districts, des r\u00e9gions. C\u2019est cela l\u2019optique de cette formation\u201d, a conclu Samba Cor Sarr.<\/p>\n\n\n\n<p>Dans la m\u00eame lanc\u00e9e, le docteur Ben Goye, responsable principal de ce projet d\u2019entra\u00eenement initi\u00e9 par la Fondation Gates, dit s\u2019attendre \u00e0 l\u2019enclenchement d\u2019un \u201cprocessus de transformation syst\u00e9mique\u201d devant impacter la lutte contre le paludisme et les maladies tropicales n\u00e9glig\u00e9es en particulier.<\/p>\n\n\n\n<p>\u2018\u201dNous esp\u00e9rons que c\u2019est la premi\u00e8re des nombreuses fois o\u00f9 nous verrons dans la premi\u00e8re ronde jusqu\u2019\u00e0 40 leaders et managers entra\u00een\u00e9s, et dans la suivante ronde nous esp\u00e9rons voir encore 30 \u00e0 40 leaders et managers du secteur de la sant\u00e9 entra\u00een\u00e9s au S\u00e9n\u00e9gal\u201d, a-t-il dit.<\/p>\n\n\n\n<p>Il esp\u00e8re pouvoir \u201cencourager et am\u00e9liorer le travail du minist\u00e8re et de diff\u00e9rents programmes afin de voir une meilleure sant\u00e9 pour les citoyens s\u00e9n\u00e9galais et une meilleure sant\u00e9 pour nos fr\u00e8res et s\u0153urs en Afrique\u201d.<\/p>\n\n\n\n<p>NSS\/BK\/SMD<\/p>\n","protected":false},"excerpt":{"rendered":"<p>Dakar, (APS) \u2013 Un cours national sur le leadership, la gestion et la gouvernance dans le domaine de la lutte<\/p>\n","protected":false},"author":1,"featured_media":57614,"comment_status":"open","ping_status":"open","sticky":false,"template":"","format":"standard","meta":{"footnotes":""},"categories":[21],"tags":[],"class_list":["post-57613","post","type-post","status-publish","format-standard","has-post-thumbnail","hentry","category-societe"],"_links":{"self":[{"href":"https:\/\/dekkbi.com\/index.php?rest_route=\/wp\/v2\/posts\/57613","targetHints":{"allow":["GET"]}}],"collection":[{"href":"https:\/\/dekkbi.com\/index.php?rest_route=\/wp\/v2\/posts"}],"about":[{"href":"https:\/\/dekkbi.com\/index.php?rest_route=\/wp\/v2\/types\/post"}],"author":[{"embeddable":true,"href":"https:\/\/dekkbi.com\/index.php?rest_route=\/wp\/v2\/users\/1"}],"replies":[{"embeddable":true,"href":"https:\/\/dekkbi.com\/index.php?rest_route=%2Fwp%2Fv2%2Fcomments&post=57613"}],"version-history":[{"count":1,"href":"https:\/\/dekkbi.com\/index.php?rest_route=\/wp\/v2\/posts\/57613\/revisions"}],"predecessor-version":[{"id":57615,"href":"https:\/\/dekkbi.com\/index.php?rest_route=\/wp\/v2\/posts\/57613\/revisions\/57615"}],"wp:featuredmedia":[{"embeddable":true,"href":"https:\/\/dekkbi.com\/index.php?rest_route=\/wp\/v2\/media\/57614"}],"wp:attachment":[{"href":"https:\/\/dekkbi.com\/index.php?rest_route=%2Fwp%2Fv2%2Fmedia&parent=57613"}],"wp:term":[{"taxonomy":"category","embeddable":true,"href":"https:\/\/dekkbi.com\/index.php?rest_route=%2Fwp%2Fv2%2Fcategories&post=57613"},{"taxonomy":"post_tag","embeddable":true,"href":"https:\/\/dekkbi.com\/index.php?rest_route=%2Fwp%2Fv2%2Ftags&post=57613"}],"curies":[{"name":"wp","href":"https:\/\/api.w.org\/{rel}","templated":true}]}}