{"id":57610,"date":"2025-06-03T10:57:09","date_gmt":"2025-06-03T10:57:09","guid":{"rendered":"https:\/\/dekkbi.com\/?p=57610"},"modified":"2025-06-03T10:57:09","modified_gmt":"2025-06-03T10:57:09","slug":"festival-toubacouta-un-rendez-vous-pour-raffermir-les-liens-entre-les-communautes","status":"publish","type":"post","link":"https:\/\/dekkbi.com\/?p=57610","title":{"rendered":"Festival Toubacouta : un rendez-vous pour raffermir les liens entre les communaut\u00e9s"},"content":{"rendered":"\n<p><em><strong>Les rideaux sont tomb\u00e9s, avant-hier, sur la neuvi\u00e8me \u00e9dition du festival \u00ab\u2009Niomi Badia\u2009\u00bb de Toubacouta. Pendant trois jours, cette commune du d\u00e9partement de Foundiougne a abrit\u00e9 la culture dans toute sa diversit\u00e9. L\u2019occasion de renforcer la coh\u00e9sion sociale et la parent\u00e9 \u00e0 plaisanterie.<\/strong><\/em><\/p>\n\n\n\n<p>Un festival digne de ce nom, avec une ambiance \u00e9lectrique\u2009! Pendant trois jours (du 30 mai au 1er juin 2025), la commune de Toubacouta, dans le d\u00e9partement de Foundiougne, a vibr\u00e9 au rythme des sons et lumi\u00e8res d\u2019une culture riche et diversifi\u00e9e. Plus de cinquante troupes d\u2019artistes, venues d\u2019horizons divers, ont pris part \u00e0 la neuvi\u00e8me \u00e9dition du festival \u00ab\u2009Niomi Badia\u2009\u00bb, organis\u00e9 par le Conseil municipal de Toubacouta \u00e0 hauteur de 35 millions de FCfa.<\/p>\n\n\n\n<p>Au terrain Thiossane, qui a abrit\u00e9 la c\u00e9r\u00e9monie officielle, les chor\u00e9graphies traditionnelles ont agr\u00e9ment\u00e9 et \u00e9lev\u00e9 l\u2019\u00e9v\u00e8nement. La veille, les couleurs \u00e9taient annonc\u00e9es avec la prestation de la troupe de Thionck Essyl. Venue de la Casamance, cette troupe infatigable a montr\u00e9 un savoir-faire \u00e0 couper le souffle. Entre tam-tams, assiko et bien d\u2019autres instruments de musique traditionnelle, Toubacouta a \u00e9t\u00e9 plong\u00e9e dans une ambiance unique.<\/p>\n\n\n\n<p>Au-del\u00e0 de l\u2019aspect culturel qui a r\u00e9v\u00e9l\u00e9 d\u2019immenses talents, la c\u00e9r\u00e9monie a connu une touche de solennit\u00e9, marqu\u00e9e par la pr\u00e9sence de Bakary Sarr, ministre secr\u00e9taire d\u2019\u00c9tat \u00e0 la Culture, aux Industries cr\u00e9atives et au Patrimoine historique, du maire de la commune, Pape Dianko, ainsi que d\u2019Adama B\u00e2, repr\u00e9sentant l\u2019\u00c9tat gambien. L\u2019administration \u00e9tait \u00e9galement incarn\u00e9e par les autorit\u00e9s locales, comme le gouverneur de la r\u00e9gion de Fatick, le pr\u00e9fet de l\u2019arrondissement de Toubacouta, les maires des communes environnantes, etc.<\/p>\n\n\n\n<p>\u00c0 tour de r\u00f4le, les troupes ont d\u00e9fil\u00e9 sous le regard enthousiaste de la foule. D\u2019un point de vue culturel, on aura tout vu : tenues traditionnelles, chor\u00e9graphies vari\u00e9es, rythmes musicaux diff\u00e9rents\u2026 Bref, Toubacouta a \u00e9t\u00e9 le point de ralliement d\u2019une culture aux couleurs multiples, en accord avec le th\u00e8me choisi : \u00ab\u2009Diversit\u00e9 culturelle, dialogue social et coh\u00e9sion nationale pour un tourisme durable\u2009\u00bb. Le festival de l\u2019unit\u00e9 Sous les applaudissements nourris du public, l\u2019\u00e9dile de Toubacouta, initiateur et principal acteur du festival, a appel\u00e9 \u00e0 l\u2019union des forces pour un d\u00e9veloppement \u00e9conomique durable et le renforcement des liens parentaux. C\u2019est en ce sens que M. Dianko a \u00e9voqu\u00e9 la question de l\u2019intercommunalit\u00e9.<\/p>\n\n\n\n<p>Selon l\u2019ancien parlementaire, Toubacouta, connue pour sa richesse culturelle et ses potentialit\u00e9s \u00e9conomiques, est pr\u00eate \u00e0 partager son exp\u00e9rience avec les communes environnantes. \u00ab\u2009Nous devons travailler main dans la main pour faire rayonner notre zone. En tant que communes voisines, nous devons nous unir pour davantage de r\u00e9alisations au b\u00e9n\u00e9fice des populations\u2009\u00bb, a-t-il d\u00e9clar\u00e9. Cette mutualisation des forces et des exp\u00e9riences s\u2019est concr\u00e9tis\u00e9e avec la signature d\u2019une convention entre sa commune et celle de Diakhaye Parcelles. Le rapprochement entre ces deux localit\u00e9s voisines aboutira \u00e0 plusieurs actions, comme la r\u00e9alisation de routes pav\u00e9es, entre autres.<\/p>\n\n\n\n<p>En plus de l\u2019intercommunalit\u00e9, le festival est aussi une occasion de consolider les rapports entre le S\u00e9n\u00e9gal et la Gambie, ainsi que de raffermir les liens entre ces deux peuples fr\u00e8res. Comme l\u2019a d\u00e9clar\u00e9 Mah\u00e9cor Diouf, directeur du Centre culturel de Toubacouta, \u00ab\u2009le festival va au-del\u00e0 des fronti\u00e8res. Pour nous, il n\u2019existe pas de barri\u00e8res entre le S\u00e9n\u00e9gal et la Gambie. Les deux pays constituent une continuit\u00e9 culturelle \u00bb, a-t-il ajout\u00e9. Sur la m\u00eame longueur d\u2019onde, Adama B\u00e2, repr\u00e9sentant de la Gambie, estime que la suppression des fronti\u00e8res reste une marque importante pour vivre pleinement le panafricanisme. \u00ab Je suis convaincu que le S\u00e9n\u00e9gal et la Gambie peuvent \u00eatre champions dans plusieurs domaines si nous parvenons \u00e0 nous unir davantage \u00bb, a-t-il soulign\u00e9.<\/p>\n\n\n\n<p>Le ministre secr\u00e9taire d\u2019\u00c9tat \u00e0 la Culture et au Patrimoine historique a partag\u00e9 cette vision. Selon Bakary Sarr, Toubacouta, \u00e0 travers son festival, est un carrefour pour les deux pays. Il a d\u2019ailleurs annonc\u00e9 le soutien prochain de l\u2019\u00c9tat pour accompagner les activit\u00e9s. \u00ab L\u2019\u00c9tat s\u2019engage \u00e0 accompagner financi\u00e8rement et logistiquement le festival pour les prochaines \u00e9ditions \u00bb, a-t-il promis.<\/p>\n\n\n\n<p><strong>Fod\u00e9 SARR<\/strong><\/p>\n","protected":false},"excerpt":{"rendered":"<p>Les rideaux sont tomb\u00e9s, avant-hier, sur la neuvi\u00e8me \u00e9dition du festival \u00ab\u2009Niomi Badia\u2009\u00bb de Toubacouta. Pendant trois jours, cette commune<\/p>\n","protected":false},"author":1,"featured_media":57611,"comment_status":"open","ping_status":"open","sticky":false,"template":"","format":"standard","meta":{"footnotes":""},"categories":[26],"tags":[],"class_list":["post-57610","post","type-post","status-publish","format-standard","has-post-thumbnail","hentry","category-fait-divers"],"_links":{"self":[{"href":"https:\/\/dekkbi.com\/index.php?rest_route=\/wp\/v2\/posts\/57610","targetHints":{"allow":["GET"]}}],"collection":[{"href":"https:\/\/dekkbi.com\/index.php?rest_route=\/wp\/v2\/posts"}],"about":[{"href":"https:\/\/dekkbi.com\/index.php?rest_route=\/wp\/v2\/types\/post"}],"author":[{"embeddable":true,"href":"https:\/\/dekkbi.com\/index.php?rest_route=\/wp\/v2\/users\/1"}],"replies":[{"embeddable":true,"href":"https:\/\/dekkbi.com\/index.php?rest_route=%2Fwp%2Fv2%2Fcomments&post=57610"}],"version-history":[{"count":1,"href":"https:\/\/dekkbi.com\/index.php?rest_route=\/wp\/v2\/posts\/57610\/revisions"}],"predecessor-version":[{"id":57612,"href":"https:\/\/dekkbi.com\/index.php?rest_route=\/wp\/v2\/posts\/57610\/revisions\/57612"}],"wp:featuredmedia":[{"embeddable":true,"href":"https:\/\/dekkbi.com\/index.php?rest_route=\/wp\/v2\/media\/57611"}],"wp:attachment":[{"href":"https:\/\/dekkbi.com\/index.php?rest_route=%2Fwp%2Fv2%2Fmedia&parent=57610"}],"wp:term":[{"taxonomy":"category","embeddable":true,"href":"https:\/\/dekkbi.com\/index.php?rest_route=%2Fwp%2Fv2%2Fcategories&post=57610"},{"taxonomy":"post_tag","embeddable":true,"href":"https:\/\/dekkbi.com\/index.php?rest_route=%2Fwp%2Fv2%2Ftags&post=57610"}],"curies":[{"name":"wp","href":"https:\/\/api.w.org\/{rel}","templated":true}]}}