{"id":57589,"date":"2025-06-03T10:16:57","date_gmt":"2025-06-03T10:16:57","guid":{"rendered":"https:\/\/dekkbi.com\/?p=57589"},"modified":"2025-06-03T10:21:36","modified_gmt":"2025-06-03T10:21:36","slug":"a-conakry-ousmane-sonko-fustige-les-discours-xenophobes-en-afrique-de-louest","status":"publish","type":"post","link":"https:\/\/dekkbi.com\/?p=57589","title":{"rendered":"A Conakry, Ousmane Sonko fustige les discours x\u00e9nophobes en Afrique de l\u2019ouest"},"content":{"rendered":"\n<p>Conakry, (APS) \u2013 Le Premier ministre s\u00e9n\u00e9galais Ousmane Sonko a fustig\u00e9; lundi, \u00e0 Conakry, les discours x\u00e9nophobes qui ciblent certaines communaut\u00e9s \u00e9trang\u00e8res dans des pays africains, d\u00e9non\u00e7ant des \u2018\u2019id\u00e9ologies inacceptables entretenues parfois par certains politiques\u2019\u2019.<\/p>\n\n\n\n<p>\u2018\u2019Nous ne pouvons pas accepter des id\u00e9ologies x\u00e9nophobes. Je peux rassurer que tous les Guin\u00e9ens connaissent d\u00e9j\u00e0 mes positions sur la question. Je me suis exprim\u00e9 sur la question \u00e0 toutes les occasions, notamment \u00e0 l\u2019Assembl\u00e9e nationale et lors de la derni\u00e8re campagne \u00e9lectorale\u2019\u2019, a dit M. Sonko.<\/p>\n\n\n\n<p>Il s\u2019exprimait lors d\u2019une conf\u00e9rence de presse avec son homologue guin\u00e9en Amadou Oury Bah, \u00e0 l\u2019issue d\u2019une s\u00e9ance de travail entre les deux gouvernements, portant sur la coop\u00e9ration technique et bilat\u00e9rale entre les deux pays.<\/p>\n\n\n\n<p>Plusieurs ministres des deux gouvernements respectifs ont pris part \u00e0 cette s\u00e9ance de travail au palais de la Colombe, si\u00e8ge du gouvernement guin\u00e9en.<\/p>\n\n\n\n<p>\u2018\u2019Je peux rassurer les Guin\u00e9ens qui vivent au S\u00e9n\u00e9gal qu\u2019ils sont chez eux, qu\u2019ils continuent \u00e0 \u00eatre chez eux. Et je sais que les S\u00e9n\u00e9galais qui vivent ici, sont trait\u00e9s de la m\u00eame mani\u00e8re en R\u00e9publique de Guin\u00e9e\u2019\u2019, a-t-il dit.<\/p>\n\n\n\n<p>Ousmane Sonko a d\u00e9nonc\u00e9 les discours d\u2019intol\u00e9rance et de haine v\u00e9hicul\u00e9s sur les r\u00e9seaux sociaux. \u2018\u2019Je voudrais appeler notre jeunesse \u00e0 prendre conscience que cela ne la grandit pas. Ces discours sont quelques fois appuy\u00e9s par les politiques, malheureusement\u2019\u2019, a-t-il d\u00e9plor\u00e9.<\/p>\n\n\n\n<p>\u2018\u2019Nous devons continuer, dans ce contexte de discours d\u2019exclusion et de x\u00e9nophobie, \u00e0 parler \u00e0 nos populations, \u00e0 les sensibiliser. Au-del\u00e0 des fronti\u00e8res qui nous ont \u00e9t\u00e9 impos\u00e9es, nous formons un seul et m\u00eame peuple. Nos destins sont li\u00e9s\u2019\u2019, a insist\u00e9 le chef du gouvernement s\u00e9n\u00e9galais.<\/p>\n\n\n\n<p>Le Premier ministre s\u00e9n\u00e9galais se dit convaincu que \u2018\u2019les probl\u00e8mes que nous avons \u00e0 l\u2019int\u00e9rieur de nos pays ne sont pas caus\u00e9s par la pr\u00e9sence d\u2019\u00e9trangers, ils r\u00e9sultent de l\u2019incapacit\u00e9 de nos leaders dans le pass\u00e9 \u00e0 g\u00e9rer nos pays\u2019\u2019.<\/p>\n\n\n\n<p>\u2018\u2019Nos vrais probl\u00e8mes sont la corruption end\u00e9mique, la mauvaise gestion de nos ressources naturelles qui ont \u00e9t\u00e9 bazard\u00e9es, l\u2019absence d\u2019une vision bien articul\u00e9e et coh\u00e9rente pour industrialiser nos pays et cr\u00e9er des emplois au profit de la jeunesse\u2019\u2019, a-t-il estim\u00e9.<\/p>\n\n\n\n<p>Au lieu de r\u00e9soudre ces probl\u00e8mes, a poursuivi Ousmane Sonko, certains ont tendance \u00e0 toujours d\u00e9signer l\u2019autre. \u2018\u2019Ces id\u00e9ologies sont inacceptables\u2019\u2019, a-t-il r\u00e9p\u00e9t\u00e9 d\u2019un ton ferme.<\/p>\n\n\n\n<p>Apr\u00e8s une s\u00e9ance de travail lundi avec son homologue Amadou Oury Bah, il a \u00e9t\u00e9 re\u00e7u en audience par le g\u00e9n\u00e9ral de corps d\u2019arm\u00e9e Mamadi Doumbouya, pr\u00e9sident de la R\u00e9publique de Guin\u00e9e.<\/p>\n\n\n\n<p>Le Premier ministre qui est arriv\u00e9 \u00e0 Freetown lundi dans la soir\u00e9e,&nbsp; bouclera mardi dans l\u2019apr\u00e8s-midi une tourn\u00e9e de six jours en C\u00f4te d\u2019Ivoire, en Guin\u00e9e et en Sierra-Leone.<\/p>\n\n\n\n<p>MTN\/ASG<\/p>\n","protected":false},"excerpt":{"rendered":"<p>Conakry, (APS) \u2013 Le Premier ministre s\u00e9n\u00e9galais Ousmane Sonko a fustig\u00e9; lundi, \u00e0 Conakry, les discours x\u00e9nophobes qui ciblent certaines<\/p>\n","protected":false},"author":1,"featured_media":57590,"comment_status":"open","ping_status":"open","sticky":false,"template":"","format":"standard","meta":{"footnotes":""},"categories":[6],"tags":[],"class_list":["post-57589","post","type-post","status-publish","format-standard","has-post-thumbnail","hentry","category-politics"],"_links":{"self":[{"href":"https:\/\/dekkbi.com\/index.php?rest_route=\/wp\/v2\/posts\/57589","targetHints":{"allow":["GET"]}}],"collection":[{"href":"https:\/\/dekkbi.com\/index.php?rest_route=\/wp\/v2\/posts"}],"about":[{"href":"https:\/\/dekkbi.com\/index.php?rest_route=\/wp\/v2\/types\/post"}],"author":[{"embeddable":true,"href":"https:\/\/dekkbi.com\/index.php?rest_route=\/wp\/v2\/users\/1"}],"replies":[{"embeddable":true,"href":"https:\/\/dekkbi.com\/index.php?rest_route=%2Fwp%2Fv2%2Fcomments&post=57589"}],"version-history":[{"count":1,"href":"https:\/\/dekkbi.com\/index.php?rest_route=\/wp\/v2\/posts\/57589\/revisions"}],"predecessor-version":[{"id":57591,"href":"https:\/\/dekkbi.com\/index.php?rest_route=\/wp\/v2\/posts\/57589\/revisions\/57591"}],"wp:featuredmedia":[{"embeddable":true,"href":"https:\/\/dekkbi.com\/index.php?rest_route=\/wp\/v2\/media\/57590"}],"wp:attachment":[{"href":"https:\/\/dekkbi.com\/index.php?rest_route=%2Fwp%2Fv2%2Fmedia&parent=57589"}],"wp:term":[{"taxonomy":"category","embeddable":true,"href":"https:\/\/dekkbi.com\/index.php?rest_route=%2Fwp%2Fv2%2Fcategories&post=57589"},{"taxonomy":"post_tag","embeddable":true,"href":"https:\/\/dekkbi.com\/index.php?rest_route=%2Fwp%2Fv2%2Ftags&post=57589"}],"curies":[{"name":"wp","href":"https:\/\/api.w.org\/{rel}","templated":true}]}}