{"id":57586,"date":"2025-06-03T10:12:19","date_gmt":"2025-06-03T10:12:19","guid":{"rendered":"https:\/\/dekkbi.com\/?p=57586"},"modified":"2025-06-03T10:45:01","modified_gmt":"2025-06-03T10:45:01","slug":"diamniadio-pf2e-et-afm-btp-scellent-un-partenariat-pour-booster-la-formation-duale-dans-le-btp","status":"publish","type":"post","link":"https:\/\/dekkbi.com\/?p=57586","title":{"rendered":"Diamniadio: PF2E et AFM-BTP scellent un partenariat pour booster la formation duale dans le BTP"},"content":{"rendered":"\n<h3 class=\"wp-block-heading\">Le minist\u00e8re de la Formation professionnelle et technique a officialis\u00e9, lundi 2 juin 2025, une nouvelle \u00e9tape dans son ambitieux plan de formation duale, gr\u00e2ce \u00e0 la signature d\u2019une convention entre le Programme de formation \u00c9cole-Entreprise (PF2E) et l\u2019Association pour la Formation aux M\u00e9tiers du B\u00e2timent et des Travaux Publics (AFM-BTP).<\/h3>\n\n\n\n<p>Cette collaboration vise \u00e0 intensifier la formation pratique des jeunes dans le secteur porteur du BTP, en associant \u00e9troitement le secteur priv\u00e9 \u00e0 l\u2019enseignement.<\/p>\n\n\n\n<p>Cheikh Fatma Diop, Directeur de cabinet du ministre charg\u00e9 de la Formation professionnelle, a rappel\u00e9 les enjeux majeurs de cette initiative. Selon lui, \u00ab&nbsp;<em>le nouveau r\u00e9f\u00e9rentiel mis en place par le gouvernement promet de fa\u00e7on intensive, la formation duale Ecole-Entreprise. Ce r\u00e9f\u00e9rentiel nous assigne l\u2019objectif de former un million de jeunes par le dual, d\u2019ici 2034&nbsp;<\/em>\u00bb, a-t-il dit. Il a soulign\u00e9 que le secteur du BTP constitue l\u2019un des moteurs essentiels de croissance \u00e9conomique et fait partie int\u00e9grante de cette strat\u00e9gie. Il a aussi \u00e9voqu\u00e9 les \u00e9changes r\u00e9alis\u00e9s r\u00e9cemment en Suisse, o\u00f9 une mission de benchmarking a permis d\u2019adapter un mod\u00e8le dual s\u00e9n\u00e9galais performant. \u00ab&nbsp;<em>Nous avons \u00e9t\u00e9 en Suisse, en mission de benchmarking sur le dual, pour pouvoir mettre en place un mod\u00e8le dual s\u00e9n\u00e9galais, qui nous permet de faire davantage, de faire beaucoup plus fort, beaucoup plus intens\u00e9ment, afin d\u2019atteindre cet objectif-l\u00e0 de formation d\u2019un million de jeunes par le dual, \u00e0 horizon 2034<\/em>&nbsp;\u00bb, a-t-il ajout\u00e9.<\/p>\n\n\n\n<p>Depuis 2018, le PF2E a d\u00e9j\u00e0 form\u00e9 plus de 5 000 jeunes, dont pr\u00e8s de la moiti\u00e9 sont des femmes, dans les huit p\u00f4les territoriaux de d\u00e9veloppement. \u00ab&nbsp;<em>Notre objectif, c\u2019est d\u2019accompagner le programme pour qu\u2019il fasse davantage, afin que cet objectif d\u2019un million \u00e0 horizon 2034, soit une r\u00e9alit\u00e9 dans dix ans<\/em>&nbsp;\u00bb, a-t-il pr\u00e9cis\u00e9, f\u00e9licitant tous les acteurs impliqu\u00e9s.<\/p>\n\n\n\n<p>Galaye Niang, pr\u00e9sident de l\u2019AFM-BTP, a insist\u00e9 sur le r\u00f4le indispensable du secteur priv\u00e9 dans la r\u00e9ussite de ce dispositif. \u00ab&nbsp;<em>Notre minist\u00e8re a un objectif de former dix mille jeunes, c\u2019est la raison pour laquelle, on veut accentuer le partenariat, parce qu\u2019on ne peut pas parler de programmes de formation Ecole-Entreprise, sans le secteur priv\u00e9&nbsp;<\/em>\u00bb, a-t-il dit. Il a expliqu\u00e9 que l\u2019enseignement pratique se fait au sein des entreprises et qu&rsquo;\u00ab&nbsp;<em>on est oblig\u00e9 de signer des conventions avec le secteur priv\u00e9, pour pouvoir enr\u00f4ler plus de jeunes, parce que l\u2019enseignement pratique se fait au niveau des entreprises. Donc, on ne peut pas avoir un nombre \u00e9lev\u00e9, si les entreprises ne sont pas disponibles \u00e0 enr\u00f4ler ces jeunes-l\u00e0&nbsp;<\/em>\u00bb, a-t-il ajout\u00e9.<\/p>\n\n\n\n<p>Coordonnatrice du PF2E, Di\u00e9gane Wane Ly a mis en avant la nature exemplaire du partenariat public-priv\u00e9, incarn\u00e9 par le Centre sectoriel de formation au m\u00e9tier du BTP. \u00ab&nbsp;<em>Naturellement, ce centre sectoriel est un \u00e9tablissement de l\u2019\u00c9tat, qui l\u2019a confi\u00e9 au secteur priv\u00e9 depuis plus de dix ans et donc, c\u2019est un bon mod\u00e8le de partenariat public-priv\u00e9&nbsp;<\/em>\u00bb, a-t-elle soulign\u00e9.<\/p>\n\n\n\n<p>Elle a salu\u00e9 la confiance accord\u00e9e au centre pour la r\u00e9alisation d\u2019un programme tr\u00e8s ambitieux et a rappel\u00e9 que \u00ab&nbsp;<em>la m\u00e9thode duale est celle qui est plus ou moins choisie par l\u2019\u00c9tat du S\u00e9n\u00e9gal ,justement pour la formation de ces jeunes et \u00e7a ne peut se faire sans l\u2019appui des entreprises<\/em>&nbsp;\u00bb, a-t-elle conclu.<\/p>\n\n\n\n<p><strong>Birame Khary Ndaw<br><\/strong>ousseynou Wade<\/p>\n\n\n\n<p>SOURCE LERAL<\/p>\n","protected":false},"excerpt":{"rendered":"<p>Le minist\u00e8re de la Formation professionnelle et technique a officialis\u00e9, lundi 2 juin 2025, une nouvelle \u00e9tape dans son ambitieux<\/p>\n","protected":false},"author":1,"featured_media":57587,"comment_status":"open","ping_status":"open","sticky":false,"template":"","format":"standard","meta":{"footnotes":""},"categories":[21],"tags":[],"class_list":["post-57586","post","type-post","status-publish","format-standard","has-post-thumbnail","hentry","category-societe"],"_links":{"self":[{"href":"https:\/\/dekkbi.com\/index.php?rest_route=\/wp\/v2\/posts\/57586","targetHints":{"allow":["GET"]}}],"collection":[{"href":"https:\/\/dekkbi.com\/index.php?rest_route=\/wp\/v2\/posts"}],"about":[{"href":"https:\/\/dekkbi.com\/index.php?rest_route=\/wp\/v2\/types\/post"}],"author":[{"embeddable":true,"href":"https:\/\/dekkbi.com\/index.php?rest_route=\/wp\/v2\/users\/1"}],"replies":[{"embeddable":true,"href":"https:\/\/dekkbi.com\/index.php?rest_route=%2Fwp%2Fv2%2Fcomments&post=57586"}],"version-history":[{"count":1,"href":"https:\/\/dekkbi.com\/index.php?rest_route=\/wp\/v2\/posts\/57586\/revisions"}],"predecessor-version":[{"id":57588,"href":"https:\/\/dekkbi.com\/index.php?rest_route=\/wp\/v2\/posts\/57586\/revisions\/57588"}],"wp:featuredmedia":[{"embeddable":true,"href":"https:\/\/dekkbi.com\/index.php?rest_route=\/wp\/v2\/media\/57587"}],"wp:attachment":[{"href":"https:\/\/dekkbi.com\/index.php?rest_route=%2Fwp%2Fv2%2Fmedia&parent=57586"}],"wp:term":[{"taxonomy":"category","embeddable":true,"href":"https:\/\/dekkbi.com\/index.php?rest_route=%2Fwp%2Fv2%2Fcategories&post=57586"},{"taxonomy":"post_tag","embeddable":true,"href":"https:\/\/dekkbi.com\/index.php?rest_route=%2Fwp%2Fv2%2Ftags&post=57586"}],"curies":[{"name":"wp","href":"https:\/\/api.w.org\/{rel}","templated":true}]}}