{"id":57577,"date":"2025-06-03T09:31:58","date_gmt":"2025-06-03T09:31:58","guid":{"rendered":"https:\/\/dekkbi.com\/?p=57577"},"modified":"2025-06-03T10:22:22","modified_gmt":"2025-06-03T10:22:22","slug":"droits-humains-ousmane-sonko-refuse-de-commenter-des-affaires-internes-a-la-guinee","status":"publish","type":"post","link":"https:\/\/dekkbi.com\/?p=57577","title":{"rendered":"Droits humains\u00a0: Ousmane Sonko refuse de commenter des \u2018\u2019affaires internes\u2019\u2019 \u00e0 la Guin\u00e9e"},"content":{"rendered":"\n<p>Conakry, (APS) \u2013 Le Premier ministre s\u00e9n\u00e9galais Ousmane Sonko s\u2019est gard\u00e9, lundi, \u00e0 Conakry, de commenter le traitement qu\u2019auraient subi certains activistes et acteurs politiques en Guin\u00e9e, \u00e9vitant ainsi d\u2019intervenir \u2018\u2019dans les affaires internes \u00e0 la Guin\u00e9e\u2019\u2019.<\/p>\n\n\n\n<p>Les activistes Oumar Sylla, plus connu sous le nom de Fonik\u00e9 Mengu\u00e9, et Mamadou Billo Bah, tous les deux responsables du Front national pour la d\u00e9fense de la Constitution (FNDC) en Guin\u00e9e, n\u2019auraient donn\u00e9 aucune nouvelle depuis juillet 2024.<\/p>\n\n\n\n<p>Dans un communiqu\u00e9, des organisations de la soci\u00e9t\u00e9 civile s\u00e9n\u00e9galaise ont interpell\u00e9, dimanche, le Premier ministre Ousmane Sonko, en visite \u00e0 Conakry, afin qu\u2019il intervienne face aux \u2018\u2019disparitions forc\u00e9es\u2019\u2019 et \u00e0 la \u2018\u2019r\u00e9pression brutale des militants\u2019\u2019 en Guin\u00e9e.<\/p>\n\n\n\n<p>Durant sa visite de travail et d\u2019amiti\u00e9 en Guin\u00e9e, Ousmane Sonko a \u00e9t\u00e9 aussi interpell\u00e9 sur la situation de la presse locale. \u2018\u2019Je suis venu ici pour une tourn\u00e9e \u00e9conomique et voil\u00e0 une question \u00e9minemment politique\u2019\u2019, a-t-il d\u2019embl\u00e9e pr\u00e9cis\u00e9.<\/p>\n\n\n\n<p>\u2018\u2019Quel que soit le niveau de fraternit\u00e9 et d\u2019amiti\u00e9 qu\u2019il y a, les \u00c9tats ont une r\u00e9alit\u00e9 interne qu\u2019il faut respecter. Aujourd\u2019hui, il y a des gens qui sont arr\u00eat\u00e9s au S\u00e9n\u00e9gal pour diff\u00e9rents d\u00e9lits, certains qualifient m\u00eame ces arrestations de d\u00e9tenus politiques. Ce n\u2019est pas du ressort des autorit\u00e9s guin\u00e9ennes de venir au S\u00e9n\u00e9gal pour nous dire ce qu\u2019il faut faire. Je m\u2019abstiendrai de dicter aux Guin\u00e9ens ce qu\u2019il y a \u00e0 faire\u2019\u2019, a d\u00e9clar\u00e9 Ousmane Sonko.<\/p>\n\n\n\n<p>Il s\u2019exprimait lors d\u2019une conf\u00e9rence de presse avec son homologue guin\u00e9en Amadou Oury Bah, \u00e0 l\u2019issue d\u2019une s\u00e9ance de travail entre les deux gouvernements, portant sur la coop\u00e9ration technique et bilat\u00e9rale entre les deux pays.<\/p>\n\n\n\n<p>Plusieurs ministres des gouvernements guin\u00e9en et s\u00e9n\u00e9galais ont pris part \u00e0 cette s\u00e9ance de travail au palais de la Colombe, si\u00e8ge du gouvernement guin\u00e9en.<\/p>\n\n\n\n<p>\u2018\u2019Si mes relations amicales et fraternelles me le permettent et si je devais en parler, ce serait en douce, amicalement, mais je ne viendrai pas ici dans une conf\u00e9rence de presse pour vous dire que j\u2019ai dit ceci ou cela\u2019\u2019, a ajout\u00e9 M. Sonko au sortir d\u2019une audience avec le G\u00e9n\u00e9ral Mamadi Doumbouya, pr\u00e9sident de la R\u00e9publique.<\/p>\n\n\n\n<p>\u2018\u2019J\u2019ai suffisamment d\u2019exp\u00e9rience politique pour ne pas venir ici vous dire que j\u2019ai dit ceci aux autorit\u00e9s guin\u00e9ennes. Cela ne rel\u00e8ve pas de ma comp\u00e9tence, mais je souhaite et je prie pour que dans tous nos pays, le S\u00e9n\u00e9gal, la Guin\u00e9e et tous les autres pays, qu\u2019on ait la paix, la stabilit\u00e9, la paix politique et la concorde\u2019\u2019, a-t-il insist\u00e9.<\/p>\n\n\n\n<p>\u2018\u2019Ensemble nous devons travailler \u00e0 construire le d\u00e9veloppement \u00e9conomique que les populations sont en droit d\u2019attendre, ind\u00e9pendamment des divergences d\u2019opinions qui ne peuvent manquer dans un pays\u2019\u2019, a conclu Ousmane Sonko.<\/p>\n\n\n\n<p>Le Premier ministre s\u00e9n\u00e9galais bouclera mardi dans l\u2019apr\u00e8s-midi une tourn\u00e9e de six jours en C\u00f4te d\u2019Ivoire, en Guin\u00e9e et en Sierra-Leone.<\/p>\n\n\n\n<p>MTN\/ASG &#8211; De l\u2019envoy\u00e9 sp\u00e9cial de l\u2019APS, Mohamed Tidiane Ndiaye<\/p>\n","protected":false},"excerpt":{"rendered":"<p>Conakry, (APS) \u2013 Le Premier ministre s\u00e9n\u00e9galais Ousmane Sonko s\u2019est gard\u00e9, lundi, \u00e0 Conakry, de commenter le traitement qu\u2019auraient subi<\/p>\n","protected":false},"author":1,"featured_media":57578,"comment_status":"open","ping_status":"open","sticky":false,"template":"","format":"standard","meta":{"footnotes":""},"categories":[6],"tags":[],"class_list":["post-57577","post","type-post","status-publish","format-standard","has-post-thumbnail","hentry","category-politics"],"_links":{"self":[{"href":"https:\/\/dekkbi.com\/index.php?rest_route=\/wp\/v2\/posts\/57577","targetHints":{"allow":["GET"]}}],"collection":[{"href":"https:\/\/dekkbi.com\/index.php?rest_route=\/wp\/v2\/posts"}],"about":[{"href":"https:\/\/dekkbi.com\/index.php?rest_route=\/wp\/v2\/types\/post"}],"author":[{"embeddable":true,"href":"https:\/\/dekkbi.com\/index.php?rest_route=\/wp\/v2\/users\/1"}],"replies":[{"embeddable":true,"href":"https:\/\/dekkbi.com\/index.php?rest_route=%2Fwp%2Fv2%2Fcomments&post=57577"}],"version-history":[{"count":1,"href":"https:\/\/dekkbi.com\/index.php?rest_route=\/wp\/v2\/posts\/57577\/revisions"}],"predecessor-version":[{"id":57579,"href":"https:\/\/dekkbi.com\/index.php?rest_route=\/wp\/v2\/posts\/57577\/revisions\/57579"}],"wp:featuredmedia":[{"embeddable":true,"href":"https:\/\/dekkbi.com\/index.php?rest_route=\/wp\/v2\/media\/57578"}],"wp:attachment":[{"href":"https:\/\/dekkbi.com\/index.php?rest_route=%2Fwp%2Fv2%2Fmedia&parent=57577"}],"wp:term":[{"taxonomy":"category","embeddable":true,"href":"https:\/\/dekkbi.com\/index.php?rest_route=%2Fwp%2Fv2%2Fcategories&post=57577"},{"taxonomy":"post_tag","embeddable":true,"href":"https:\/\/dekkbi.com\/index.php?rest_route=%2Fwp%2Fv2%2Ftags&post=57577"}],"curies":[{"name":"wp","href":"https:\/\/api.w.org\/{rel}","templated":true}]}}