{"id":57547,"date":"2025-06-02T13:53:29","date_gmt":"2025-06-02T13:53:29","guid":{"rendered":"https:\/\/dekkbi.com\/?p=57547"},"modified":"2025-06-02T14:01:13","modified_gmt":"2025-06-02T14:01:13","slug":"mondial-des-clubs-kalidou-koulibaly-et-nicolas-jackson-les-deux-representants-senegalais","status":"publish","type":"post","link":"https:\/\/dekkbi.com\/?p=57547","title":{"rendered":"Mondial des Clubs : Kalidou Koulibaly et Nicolas Jackson"},"content":{"rendered":"\n<p><a href=\"https:\/\/www.facebook.com\/sharer.php?u=https%3A%2F%2Fwiwsport.com%2F2025%2F06%2F02%2Fmondial-des-clubs-kalidou-koulibaly-et-nicolas-jackson-les-deux-representants-senegalais%2F\"><\/a><a href=\"https:\/\/twitter.com\/intent\/tweet?text=Mondial%20des%20Clubs%20%3A%20Kalidou%20Koulibaly%20et%20Nicolas%20Jackson%2C%20les%20deux%20repr%C3%A9sentants%20s%C3%A9n%C3%A9galais%20via%20%40wiwsport&amp;url=https%3A%2F%2Fwiwsport.com%2F2025%2F06%2F02%2Fmondial-des-clubs-kalidou-koulibaly-et-nicolas-jackson-les-deux-representants-senegalais%2F\"><\/a><a href=\"https:\/\/api.whatsapp.com\/send?text=Mondial%20des%20Clubs%20%3A%20Kalidou%20Koulibaly%20et%20Nicolas%20Jackson%2C%20les%20deux%20repr%C3%A9sentants%20s%C3%A9n%C3%A9galais%0Ahttps%3A%2F%2Fwiwsport.com%2F2025%2F06%2F02%2Fmondial-des-clubs-kalidou-koulibaly-et-nicolas-jackson-les-deux-representants-senegalais%2F\"><\/a><a href=\"https:\/\/wiwsport.com\/2025\/06\/02\/mondial-des-clubs-kalidou-koulibaly-et-nicolas-jackson-les-deux-representants-senegalais\/#\"><\/a>La Coupe du Monde des Clubs, qui se d\u00e9roulera aux \u00c9tats-Unis du 14 juin au 13 juillet, marquera le d\u00e9but de son nouveau format de 32 \u00e9quipes participantes. Kalidou Koulibaly et Nicolas Jackson sont \u00e0 ce jour, les deux joueurs qui repr\u00e9senteront les couleurs du S\u00e9n\u00e9gal \u00e0 cette comp\u00e9tition qui regroupera des centaines de footballeurs dans le monde.<\/p>\n\n\n\n<p>Le nouveau format de la Coupe du monde des Clubs est ouvert \u00e0 tous les meilleurs clubs du monde, \u00e0 l\u2019image de la Coupe du monde de football. \u00c0 d\u00e9faut d\u2019avoir un club s\u00e9n\u00e9galais qui prenne part \u00e0 cette comp\u00e9tition, certains clubs qualifi\u00e9s comptent dans leur effectif des joueurs s\u00e9n\u00e9galais. \u00c0 ce jour, Kalidou Koulibaly, d\u00e9fenseur d\u2019Al-Hilal, et Nicolas Jackson, attaquant de Chelsea.<\/p>\n\n\n\n<p>Champion de la Saudi Pro League lors de sa premi\u00e8re saison (2023-2024) avec Al-Hilal, Koulibaly a retrouv\u00e9 une nouvelle dynamique dans le championnat saoudien. Le capitaine des Lions s\u2019est impos\u00e9 en Arabie Saoudite au cours de ces deux saisons, malgr\u00e9 une deuxi\u00e8me plus compliqu\u00e9e que la premi\u00e8re apr\u00e8s avoir perdu le titre au profit de Al-Ittihad. Avec son club, il loge dans le groupe H, en compagnie du Real Madrid, de Pachuca et du RB Salzburg. Quadruple champion d\u2019Asie, Al Hilal de Koulibaly arrive au mondial des clubs avec beaucoup d\u2019ambitions.<\/p>\n\n\n\n<p>R\u00e9cent vainqueur de la Ligue Europa Conf\u00e9rence, Chelsea de Nicolas Jackson sera au rendez-vous de la premi\u00e8re \u00e9dition de ce nouveau format de la Coupe du monde des Clubs. Qualifi\u00e9 gr\u00e2ce \u00e0 sa victoire en Ligue des Champions 2021, les Blues compteront sur Jackson pour dynamiser leur attaque comme l\u2019a toujours souhait\u00e9 Enzo Maresca, le coach.<\/p>\n\n\n\n<p>Buteur en finale contre le Real B\u00e9tis, Jackson qui est souvent d\u00e9cri\u00e9 en Angleterre, sera tr\u00e8s attendu et devra r\u00e9pondre pr\u00e9sent. D\u2019ailleurs, l\u2019international s\u00e9n\u00e9galais aura de la concurrence en plus avec la nouvelle recrue des Blues&nbsp;: Liam Delap en provenance d\u2019Ipswich Town. Cette comp\u00e9tition sera une occasion de briller pour le buteur des Lions nouveau champion d\u2019Europe C4 avec Chelsea.<\/p>\n\n\n\n<p>Rendez-vous est donc pris avec Kalidou Koulibaly et Nicolas Jackson qui devraient d\u2019abord retrouver le rassemblement des Lions avant de rentrer en clubs en vue de la Coupe du monde des Clubs qui d\u00e9marre dans deux semaines (14 juin \u2013 13 juillet), aux Etats-Unis.<\/p>\n\n\n\n<p>\u00c0 noter qu\u2019avec l\u2019ouverture du mercato ce 1<sup>er<\/sup>&nbsp;juin, exceptionnellement pour les besoins de la Coupe du monde des Clubs pourrait voir d\u2019autres joueurs s\u00e9n\u00e9galais rejoindre des \u00e9quipes qualifi\u00e9es.<\/p>\n\n\n\n<p><strong>wiwsport.com<\/strong><\/p>\n","protected":false},"excerpt":{"rendered":"<p>La Coupe du Monde des Clubs, qui se d\u00e9roulera aux \u00c9tats-Unis du 14 juin au 13 juillet, marquera le d\u00e9but<\/p>\n","protected":false},"author":1,"featured_media":57548,"comment_status":"open","ping_status":"open","sticky":false,"template":"","format":"standard","meta":{"footnotes":""},"categories":[9],"tags":[],"class_list":["post-57547","post","type-post","status-publish","format-standard","has-post-thumbnail","hentry","category-sports"],"_links":{"self":[{"href":"https:\/\/dekkbi.com\/index.php?rest_route=\/wp\/v2\/posts\/57547","targetHints":{"allow":["GET"]}}],"collection":[{"href":"https:\/\/dekkbi.com\/index.php?rest_route=\/wp\/v2\/posts"}],"about":[{"href":"https:\/\/dekkbi.com\/index.php?rest_route=\/wp\/v2\/types\/post"}],"author":[{"embeddable":true,"href":"https:\/\/dekkbi.com\/index.php?rest_route=\/wp\/v2\/users\/1"}],"replies":[{"embeddable":true,"href":"https:\/\/dekkbi.com\/index.php?rest_route=%2Fwp%2Fv2%2Fcomments&post=57547"}],"version-history":[{"count":2,"href":"https:\/\/dekkbi.com\/index.php?rest_route=\/wp\/v2\/posts\/57547\/revisions"}],"predecessor-version":[{"id":57557,"href":"https:\/\/dekkbi.com\/index.php?rest_route=\/wp\/v2\/posts\/57547\/revisions\/57557"}],"wp:featuredmedia":[{"embeddable":true,"href":"https:\/\/dekkbi.com\/index.php?rest_route=\/wp\/v2\/media\/57548"}],"wp:attachment":[{"href":"https:\/\/dekkbi.com\/index.php?rest_route=%2Fwp%2Fv2%2Fmedia&parent=57547"}],"wp:term":[{"taxonomy":"category","embeddable":true,"href":"https:\/\/dekkbi.com\/index.php?rest_route=%2Fwp%2Fv2%2Fcategories&post=57547"},{"taxonomy":"post_tag","embeddable":true,"href":"https:\/\/dekkbi.com\/index.php?rest_route=%2Fwp%2Fv2%2Ftags&post=57547"}],"curies":[{"name":"wp","href":"https:\/\/api.w.org\/{rel}","templated":true}]}}