{"id":57537,"date":"2025-06-02T13:12:06","date_gmt":"2025-06-02T13:12:06","guid":{"rendered":"https:\/\/dekkbi.com\/?p=57537"},"modified":"2025-06-02T13:12:08","modified_gmt":"2025-06-02T13:12:08","slug":"la-victoire-de-karol-nawrocki-en-pologne-douche-les-espoirs-de-nombreux-europeens","status":"publish","type":"post","link":"https:\/\/dekkbi.com\/?p=57537","title":{"rendered":"La victoire de Karol Nawrocki en Pologne douche les espoirs de nombreux Europ\u00e9ens"},"content":{"rendered":"\n<p>Dans les capitales ou les institutions europ\u00e9ennes ainsi qu\u2019\u00e0 l\u2019Otan, le flot de r\u00e9actions ne tarit pas depuis la confirmation officielle de la victoire de Karol Nawrocki. Le score serr\u00e9 de ce second tour a tenu les Europ\u00e9ens en haleine jusqu\u2019\u00e0 ce lundi matin et ce scrutin sape les espoirs de beaucoup d\u2019entre eux. Depuis Paris, le ministre fran\u00e7ais des Affaires \u00e9trang\u00e8res Jean-No\u00ebl Barrot a appel\u00e9 le dirigeant nationaliste \u00e0 \u00ab<em>&nbsp;oeuvrer<\/em>&nbsp;\u00bb avec la France et l&rsquo;Allemagne \u00ab&nbsp;<em>\u00e0 la souverainet\u00e9 et \u00e0 l&rsquo;autonomie strat\u00e9gique europ\u00e9enne&nbsp;<\/em>\u00bb.<\/p>\n\n\n\n<p>La pr\u00e9sidente de la Commission europ\u00e9enne, Ursula von der Leyen, se dit \u00ab\u00a0<em>confiante<\/em>\u00a0\u00bb dans la poursuite d\u2019une bonne coop\u00e9ration avec la Pologne mais les r\u00e9actions enthousiastes, ce lundi 2 juin, du Hongrois Viktor Orb\u00e1n ou de la Fran\u00e7aise Marine Le Pen montrent \u00e0 l\u2019envi que les relations entre Varsovie et Bruxelles vont se compliquer, \u00e9crit notre correspondant \u00e0 Bruxelles,\u00a0<strong>Pierre Benazet<\/strong>. Dans un communiqu\u00e9 f\u00e9licitant Karol Nawrocki pour sa victoire, le pr\u00e9sident allemand Frank-Walter Steinmeier a appel\u00e9 son nouvel homologue polonais \u00e0 coop\u00e9rer \u00ab<em>\u00a0sur la base de l&rsquo;\u00c9tat de droit\u00a0<\/em>\u00bb, alors que le candidat nationaliste fra\u00eechement \u00e9lu menace de durcir le ton avec Berlin et Bruxelles. Un reflet des pr\u00e9occupations des Europ\u00e9ens qui voyaient d\u2019un bon \u0153il les efforts de Donald Tusk pour remettre la\u00a0<strong>Pologne<\/strong>\u00a0en coh\u00e9rence avec les valeurs europ\u00e9ennes.<\/p>\n\n\n\n<h2 class=\"wp-block-heading\">Continuer le soutien \u00e0 l&rsquo;Ukraine<\/h2>\n\n\n\n<p>De son c\u00f4t\u00e9,&nbsp;Mark Rutte, le secr\u00e9taire-g\u00e9n\u00e9ral de l\u2019Otan pointe la n\u00e9cessit\u00e9 de continuer \u00e0 soutenir l\u2019<strong><a href=\"https:\/\/www.rfi.fr\/fr\/europe\/20250531-en-pologne-une-%C3%A9lection-pr%C3%A9sidentielle-marqu%C3%A9e-par-la-guerre-en-ukraine-et-ses-r%C3%A9fugi%C3%A9s\">Ukraine<\/a><\/strong>&nbsp;:&nbsp;\u00ab&nbsp;<em>Bien entendu, j&rsquo;ai suivi l&rsquo;\u00e9lection pr\u00e9sidentielle. Je tiens \u00e0 f\u00e9liciter le vainqueur et je me r\u00e9jouis de travailler avec lui sur toutes les questions et de faire en sorte qu&rsquo;avec la Pologne, l&rsquo;Otan devienne encore plus forte qu&rsquo;elle ne l&rsquo;est aujourd&rsquo;hui. Vous savez,<\/em>&nbsp;pointe encore M. Rutte<em>, qu&rsquo;en ce qui concerne l&rsquo;Ukraine, les 32 alli\u00e9s se sont clairement engag\u00e9s \u00e0 ce que l&rsquo;Ukraine entre dans l&rsquo;Otan de mani\u00e8re irr\u00e9versible, ce qui constitue un engagement \u00e0 long terme de la part des 32 alli\u00e9s.&nbsp;<\/em>\u00bb<\/p>\n\n\n\n<p>Le pr\u00e9sident ukrainien Volodymyr Zelensky, quant \u00e0 lui, esp\u00e8re une \u00ab&nbsp;<em>coop\u00e9ration fructueuse&nbsp;<\/em>\u00bb avec la Pologne mais le nouveau pr\u00e9sident polonais a &#8211;&nbsp;par exemple&nbsp;&#8211; jet\u00e9 des doutes sur sa volont\u00e9 de soutenir les&nbsp;<strong><a href=\"https:\/\/www.rfi.fr\/fr\/europe\/20250520-pologne-migrants-et-les-r%C3%A9fugi%C3%A9s-ont-%C3%A9t%C3%A9-des-boucs-%C3%A9missaires-toute-la-campagne-pr%C3%A9sidentielle\">r\u00e9fugi\u00e9s ukrainiens<\/a><\/strong>. Karol Nawrocki se pose en admirateur de Donald Trump et, pour l\u2019instant, les Europ\u00e9ens ne peuvent donc qu\u2019esp\u00e9rer voir la Pologne rester en pointe face \u00e0 la Russie.&nbsp;<\/p>\n\n\n\n<h2 class=\"wp-block-heading\">\u00ab&nbsp;<em>Bonne chance<\/em>&nbsp;\u00bb<\/h2>\n\n\n\n<p>La cheffe du gouvernement italien, Giorgia Meloni, a, elle aussi, f\u00e9licit\u00e9 le candidat nationaliste pour sa victoire \u00e0 la pr\u00e9sidentielle en Pologne et lui envoie ses \u00ab&nbsp;<em>meilleurs voeux pour son mandat \u00e0 la t\u00eate d&rsquo;une nation avec laquelle nous partageons des valeurs communes, des liens de coop\u00e9ration solides ainsi qu&rsquo;une amiti\u00e9 historique. Bonne chance<\/em>&nbsp;\u00bb, \u00e9crit la dirigeante&nbsp;<strong><a href=\"https:\/\/www.rfi.fr\/fr\/europe\/20250519-pr%C3%A9sidentielle-en-pologne-slawomir-mentzen-et-ses-%C3%A9lecteurs-ont-l-issue-du-scrutin-entre-leurs-mains\">d&rsquo;extr\u00eame droite<\/a><\/strong>&nbsp;sur les r\u00e9seaux sociaux.&nbsp;\u00ab&nbsp;<em>Je souhaite que Karol Nawrocki puisse contribuer \u00e0 faire vivre la dynamique franco-polonaise qui s&rsquo;est enclench\u00e9e avec la signature historique du trait\u00e9 de Nancy<\/em>&nbsp;\u00bb, a, pour sa part, d\u00e9clar\u00e9 le ministre fran\u00e7ais des Affaires \u00e9trang\u00e8res, Jean-No\u00ebl Barrot, devant la presse lors d&rsquo;une visite \u00e0 Lille, dans le nord de la France. Sign\u00e9 en mai, ce trait\u00e9 renforce notamment la coop\u00e9ration de d\u00e9fense entre les deux pays face \u00e0 une Russie jug\u00e9e de plus en plus mena\u00e7ante.<\/p>\n\n\n\n<p>Le chef de la diplomatie fran\u00e7aise a aussi appel\u00e9 M. Nawrocki \u00ab<em>&nbsp;\u00e0 oeuvrer aux c\u00f4t\u00e9s de la France et de l&rsquo;Allemagne<\/em>&nbsp;(&#8230;)&nbsp;<em>\u00e0 la souverainet\u00e9 et \u00e0 l&rsquo;autonomie strat\u00e9gique europ\u00e9enne<\/em>&nbsp;\u00bb. Interrog\u00e9 un peu plus t\u00f4t par des \u00e9tudiants en sciences politiques de Lille sur un \u00e9ventuel revirement de la Pologne apr\u00e8s la d\u00e9faite du candidat pro-europ\u00e9en \u00e0 la pr\u00e9sidentielle, M. Barrot a soulign\u00e9 que \u00ab&nbsp;<em>la conduite du gouvernement est quand m\u00eame assur\u00e9 par le Premier ministre&nbsp;<\/em>\u00bb centriste Donald Tusk, ancien pr\u00e9sident du Conseil europ\u00e9en.<\/p>\n","protected":false},"excerpt":{"rendered":"<p>Dans les capitales ou les institutions europ\u00e9ennes ainsi qu\u2019\u00e0 l\u2019Otan, le flot de r\u00e9actions ne tarit pas depuis la confirmation<\/p>\n","protected":false},"author":1,"featured_media":57538,"comment_status":"open","ping_status":"open","sticky":false,"template":"","format":"standard","meta":{"footnotes":""},"categories":[51],"tags":[],"class_list":["post-57537","post","type-post","status-publish","format-standard","has-post-thumbnail","hentry","category-general"],"_links":{"self":[{"href":"https:\/\/dekkbi.com\/index.php?rest_route=\/wp\/v2\/posts\/57537","targetHints":{"allow":["GET"]}}],"collection":[{"href":"https:\/\/dekkbi.com\/index.php?rest_route=\/wp\/v2\/posts"}],"about":[{"href":"https:\/\/dekkbi.com\/index.php?rest_route=\/wp\/v2\/types\/post"}],"author":[{"embeddable":true,"href":"https:\/\/dekkbi.com\/index.php?rest_route=\/wp\/v2\/users\/1"}],"replies":[{"embeddable":true,"href":"https:\/\/dekkbi.com\/index.php?rest_route=%2Fwp%2Fv2%2Fcomments&post=57537"}],"version-history":[{"count":1,"href":"https:\/\/dekkbi.com\/index.php?rest_route=\/wp\/v2\/posts\/57537\/revisions"}],"predecessor-version":[{"id":57539,"href":"https:\/\/dekkbi.com\/index.php?rest_route=\/wp\/v2\/posts\/57537\/revisions\/57539"}],"wp:featuredmedia":[{"embeddable":true,"href":"https:\/\/dekkbi.com\/index.php?rest_route=\/wp\/v2\/media\/57538"}],"wp:attachment":[{"href":"https:\/\/dekkbi.com\/index.php?rest_route=%2Fwp%2Fv2%2Fmedia&parent=57537"}],"wp:term":[{"taxonomy":"category","embeddable":true,"href":"https:\/\/dekkbi.com\/index.php?rest_route=%2Fwp%2Fv2%2Fcategories&post=57537"},{"taxonomy":"post_tag","embeddable":true,"href":"https:\/\/dekkbi.com\/index.php?rest_route=%2Fwp%2Fv2%2Ftags&post=57537"}],"curies":[{"name":"wp","href":"https:\/\/api.w.org\/{rel}","templated":true}]}}