{"id":57488,"date":"2025-06-02T10:30:28","date_gmt":"2025-06-02T10:30:28","guid":{"rendered":"https:\/\/dekkbi.com\/?p=57488"},"modified":"2025-06-02T13:36:48","modified_gmt":"2025-06-02T13:36:48","slug":"avec-le-soutien-de-la-cedeao-et-de-luemoa-le-senegal-terre-de-culture-et-des-arts-en-novembre","status":"publish","type":"post","link":"https:\/\/dekkbi.com\/?p=57488","title":{"rendered":"Cedeao et Uemoa : Le S\u00e9n\u00e9gal, terre de culture et des arts en novembre"},"content":{"rendered":"\n<p><strong>Pr\u00e8s de soixante ans apr\u00e8s avoir accueilli le premier Festival mondial des arts n\u00e8gres en 1966, le S\u00e9n\u00e9gal s\u2019appr\u00eate \u00e0 renouer avec une page historique de son engagement culturel. En novembre 2025, Dakar accueillera le tout premier Festival ouest-africain des arts et de la culture, baptis\u00e9 Ecofest. A travers cet \u00e9v\u00e9nement, la Cedeao et l\u2019Uemoa entendent renforcer la coh\u00e9sion r\u00e9gionale et c\u00e9l\u00e9brer la cr\u00e9ativit\u00e9 ouest-africaine, tout en favorisant l\u2019int\u00e9gration \u00e9conomique et sociale.<\/strong><\/p>\n\n\n\n<p>Le S\u00e9n\u00e9gal accueillera, en novembre prochain, la toute premi\u00e8re \u00e9dition du Festival ouest-africain des arts et de la culture (Ecofest). L\u2019annonce a \u00e9t\u00e9 faite, ce vendredi 30 mai, par la ministre de la Jeunesse, des sports et de la culture, Khady Di\u00e8ne Gaye, lors d\u2019une conf\u00e9rence de presse organis\u00e9e conjointement avec des repr\u00e9sentants de l\u2019Union \u00e9conomique et mon\u00e9taire ouest-africaine (Uemoa) et de la Communaut\u00e9 \u00e9conomique des Etats de l\u2019Afrique de l\u2019Ouest (Cedeao). Pr\u00e9vu \u00e0 Dakar, ce festival, co-organis\u00e9 par le gouvernement du S\u00e9n\u00e9gal, l\u2019Uemoa et la Cedeao, est plac\u00e9 sous le th\u00e8me\u00a0: \u00abLa mutation des crises sociopolitiques en Afrique de l\u2019Ouest : que peut faire la culture ?\u00bb Selon les organisateurs, Ecofest a pour principal objectif de \u00abpromouvoir l\u2019int\u00e9gration, la coh\u00e9sion sociale, la paix et le d\u00e9veloppement socio\u00e9conomique et culturel dans la r\u00e9gion Afrique de l\u2019Ouest\u00bb. Le festival entend mettre en lumi\u00e8re la diversit\u00e9 culturelle de la sous-r\u00e9gion \u00e0 travers des expressions artistiques vari\u00e9es, notamment la musique, la danse, le th\u00e9\u00e2tre, les arts visuels, la litt\u00e9rature et bien d\u2019autres disciplines. A travers cet \u00e9v\u00e9nement culturel majeur, la Cedeao et l\u2019Uemoa entendent renforcer la coh\u00e9sion r\u00e9gionale et c\u00e9l\u00e9brer la cr\u00e9ativit\u00e9 ouest-africaine, tout en favorisant l\u2019int\u00e9gration \u00e9conomique et sociale.<\/p>\n\n\n\n<p>Initi\u00e9e d\u00e8s 1987 \u00e0 travers l\u2019adoption de l\u2019Accord-cadre culturel par les chefs d\u2019Etat, l\u2019organisation d\u2019un tel \u00e9v\u00e9nement avait \u00e9t\u00e9 repouss\u00e9e \u00e0 plusieurs reprises. La ministre Khady Di\u00e8ne Gaye l\u2019a rappel\u00e9. \u00abC\u2019\u00e9tait la C\u00f4te d\u2019Ivoire qui \u00e9tait initialement positionn\u00e9e pour abriter ce premier Festival des arts et de la culture. Mais h\u00e9las, le destin en a d\u00e9cid\u00e9 autrement. Le S\u00e9n\u00e9gal va accueillir ce premier festival en novembre prochain.\u00bb Elle a aussi exprim\u00e9 sa fiert\u00e9 face \u00e0 cette responsabilit\u00e9 d\u2019abriter ce festival en terre s\u00e9n\u00e9galaise. \u00abCe choix du S\u00e9n\u00e9gal n\u2019est pas fortuit. Nous avons la disponibilit\u00e9 des plus hautes autorit\u00e9s, des infrastructures culturelles solides, des talents immenses et surtout une volont\u00e9 partag\u00e9e pour l\u2019int\u00e9gration africaine\u00bb, fait-elle savoir, soulignant que ce festival est aussi un outil de mobilisation pour la jeunesse africaine. \u00abIl n\u2019y a que la culture, tout comme le sport, qui peut valablement accompagner cette jeunesse africaine. Ce sont des vecteurs de transformation sociale et de croissance \u00e9conomique\u00bb, souligne-t-elle.<\/p>\n\n\n\n<p>\u00abLa culture, c\u2019est de l\u2019\u00e9conomie\u00bb<\/p>\n\n\n\n<p>Un regard partag\u00e9 par Fatou Sow Sarr, commissaire de la Cedeao en charge du d\u00e9veloppement humain et des affaires sociales, qui revient sur la dimension historique de l\u2019\u00e9v\u00e9nement. \u00abJe rappelle que c\u2019est au S\u00e9n\u00e9gal qu\u2019a \u00e9t\u00e9 lanc\u00e9 le premier Festival mondial des arts n\u00e8gres, en 1966, avec feu L\u00e9opold S\u00e9dar Senghor. Il disait que la culture est au d\u00e9but et \u00e0 la fin du tout. Senghor \u00e9tait en avance sur nous. Nous ne le comprenions pas. Mais aujourd\u2019hui, nous savons que la culture peut \u00eatre au c\u0153ur du d\u00e9veloppement humain\u00bb, a-t-elle affirm\u00e9. Une vision \u00e9galement partag\u00e9e par l\u2019ensemble des organisateurs qui misent sur la culture comme moteur \u00e9conomique, dans un contexte r\u00e9gional marqu\u00e9 par des d\u00e9fis multiples. \u00abLa culture, c\u2019est de l\u2019\u00e9conomie. Ce festival, il fallait le concr\u00e9tiser. L\u2019Afrique de l\u2019Ouest fait bloc. Nous partageons les m\u00eames r\u00e9alit\u00e9s culturelles. Et c\u2019est ce capital commun que la Cedeao veut valoriser pour renforcer la coh\u00e9sion sous-r\u00e9gionale\u00bb, a soulign\u00e9 Fatou Sow Sarr.<\/p>\n\n\n\n<p>De son c\u00f4t\u00e9, Mamadu Serifo Jaquit\u00e9, commissaire de l\u2019Uemoa, a rappel\u00e9 les longues \u00e9tapes du projet. \u00abIl y a maintenant sept ans que la Cedeao et l\u2019Uemoa ont d\u00e9cid\u00e9 d\u2019unir leurs efforts pour organiser ce festival tr\u00e8s important. Beaucoup de p\u00e9rip\u00e9ties dont la pand\u00e9mie du Covid-19, ont ralenti le processus\u00bb, explique-t-il. Il s\u2019est toutefois r\u00e9joui de voir enfin ce r\u00eave devenir r\u00e9alit\u00e9. \u00abNous devons adresser nos vives f\u00e9licitations au gouvernement du S\u00e9n\u00e9gal et aux \u00e9quipes techniques de nos deux institutions. Ce festival permettra de promouvoir notre patrimoine culturel, de soutenir le tourisme et de renforcer la libre circulation des personnes et des biens \u00e0 travers la culture\u00bb, a-t-il indiqu\u00e9.<\/p>\n\n\n\n<p><strong>Par Ousmane SOW \u2013\u00a0<\/strong>ousmane.sow@lequotidien.sn<\/p>\n\n\n\n<p><\/p>\n\n\n\n<p><\/p>\n\n\n\n<p><\/p>\n\n\n\n<p><\/p>\n\n\n\n<p><\/p>\n\n\n\n<p><\/p>\n\n\n\n<p><\/p>\n\n\n\n<p><\/p>\n\n\n\n<p><\/p>\n\n\n\n<p><\/p>\n\n\n\n<p><\/p>\n\n\n\n<p><\/p>\n\n\n\n<p><\/p>\n\n\n\n<p><\/p>\n\n\n\n<p><\/p>\n\n\n\n<p><\/p>\n\n\n\n<p><\/p>\n\n\n\n<p><\/p>\n\n\n\n<p><\/p>\n\n\n\n<p><\/p>\n\n\n\n<p><\/p>\n\n\n\n<p><\/p>\n\n\n\n<p><\/p>\n\n\n\n<p><\/p>\n\n\n\n<p><\/p>\n\n\n\n<p><\/p>\n\n\n\n<p><\/p>\n\n\n\n<p><\/p>\n\n\n\n<p><\/p>\n\n\n\n<p><\/p>\n\n\n\n<p><\/p>\n\n\n\n<p><\/p>\n\n\n\n<p><\/p>\n\n\n\n<p><\/p>\n\n\n\n<p><\/p>\n\n\n\n<p><\/p>\n\n\n\n<p><br>ousmane.sow@lequotidien.sn<\/p>\n","protected":false},"excerpt":{"rendered":"<p>Pr\u00e8s de soixante ans apr\u00e8s avoir accueilli le premier Festival mondial des arts n\u00e8gres en 1966, le S\u00e9n\u00e9gal s\u2019appr\u00eate \u00e0<\/p>\n","protected":false},"author":1,"featured_media":57489,"comment_status":"open","ping_status":"open","sticky":false,"template":"","format":"standard","meta":{"footnotes":""},"categories":[3],"tags":[],"class_list":["post-57488","post","type-post","status-publish","format-standard","has-post-thumbnail","hentry","category-event-more-news"],"_links":{"self":[{"href":"https:\/\/dekkbi.com\/index.php?rest_route=\/wp\/v2\/posts\/57488","targetHints":{"allow":["GET"]}}],"collection":[{"href":"https:\/\/dekkbi.com\/index.php?rest_route=\/wp\/v2\/posts"}],"about":[{"href":"https:\/\/dekkbi.com\/index.php?rest_route=\/wp\/v2\/types\/post"}],"author":[{"embeddable":true,"href":"https:\/\/dekkbi.com\/index.php?rest_route=\/wp\/v2\/users\/1"}],"replies":[{"embeddable":true,"href":"https:\/\/dekkbi.com\/index.php?rest_route=%2Fwp%2Fv2%2Fcomments&post=57488"}],"version-history":[{"count":2,"href":"https:\/\/dekkbi.com\/index.php?rest_route=\/wp\/v2\/posts\/57488\/revisions"}],"predecessor-version":[{"id":57543,"href":"https:\/\/dekkbi.com\/index.php?rest_route=\/wp\/v2\/posts\/57488\/revisions\/57543"}],"wp:featuredmedia":[{"embeddable":true,"href":"https:\/\/dekkbi.com\/index.php?rest_route=\/wp\/v2\/media\/57489"}],"wp:attachment":[{"href":"https:\/\/dekkbi.com\/index.php?rest_route=%2Fwp%2Fv2%2Fmedia&parent=57488"}],"wp:term":[{"taxonomy":"category","embeddable":true,"href":"https:\/\/dekkbi.com\/index.php?rest_route=%2Fwp%2Fv2%2Fcategories&post=57488"},{"taxonomy":"post_tag","embeddable":true,"href":"https:\/\/dekkbi.com\/index.php?rest_route=%2Fwp%2Fv2%2Ftags&post=57488"}],"curies":[{"name":"wp","href":"https:\/\/api.w.org\/{rel}","templated":true}]}}