{"id":57483,"date":"2025-06-02T10:23:31","date_gmt":"2025-06-02T10:23:31","guid":{"rendered":"https:\/\/dekkbi.com\/?p=57483"},"modified":"2025-06-02T10:23:33","modified_gmt":"2025-06-02T10:23:33","slug":"tabaski-le-chef-de-letat-prone-une-fete-dans-la-dignite-et-la-solidarite","status":"publish","type":"post","link":"https:\/\/dekkbi.com\/?p=57483","title":{"rendered":"Tabaski : Le chef de l\u2019\u00c9tat pr\u00f4ne une f\u00eate dans la dignit\u00e9 et la solidarit\u00e9"},"content":{"rendered":"\n<p><a href=\"https:\/\/lesoleil.sn\/wp-content\/uploads\/2025\/06\/5584cf80cfb107ad4363c1624c4cbdadd69c7561.jpg\"><\/a>\u00c0 quelques jours de la f\u00eate de la Tabaski, le Pr\u00e9sident de la R\u00e9publique, Bassirou Diomaye Faye , a effectu\u00e9 une visite de terrain dans deux points de vente de moutons : la bergerie \u00ab Mbaar-Mi \u00bb, dirig\u00e9e par M. Fadilou Ke\u00efta, Pr\u00e9sident de l\u2019Alliance s\u00e9n\u00e9galaise pour le d\u00e9veloppement et l\u2019am\u00e9lioration des races (ADAM), et les bergeries \u00ab Galoya \u00bb, sous la conduite de M. Abou Kane, Pr\u00e9sident de la F\u00e9d\u00e9ration nationale des acteurs de la fili\u00e8re ovine (FENAFO).<\/p>\n\n\n\n<p>Le Chef de l\u2019\u00c9tat a salu\u00e9 la mobilisation des \u00e9leveurs, des commer\u00e7ants et de l\u2019ensemble des parties prenantes pour garantir une Tabaski accessible, encadr\u00e9e et solidaire. Il a r\u00e9affirm\u00e9 l\u2019engagement de l\u2019\u00c9tat \u00e0 soutenir la fili\u00e8re pastorale, \u00e0 am\u00e9liorer la logistique de distribution et \u00e0 assurer la s\u00e9curit\u00e9 sanitaire des animaux.<\/p>\n\n\n\n<p>Dans un geste empreint de proximit\u00e9, le Pr\u00e9sident, en bon p\u00e8re de famille, a tenu \u00e0 acheter deux moutons \u00e0 des prix abordables, partageant ainsi les r\u00e9alit\u00e9s v\u00e9cues par des millions de S\u00e9n\u00e9galais en cette p\u00e9riode symbolique.<\/p>\n\n\n\n<p>Cette visite traduit la volont\u00e9 du Chef de l\u2019\u00c9tat de rester proche des citoyens et d\u2019accompagner les efforts de tous pour une f\u00eate r\u00e9ussie, dans la dignit\u00e9 et la fraternit\u00e9.<\/p>\n\n\n\n<p>LESOLEIL<\/p>\n","protected":false},"excerpt":{"rendered":"<p>\u00c0 quelques jours de la f\u00eate de la Tabaski, le Pr\u00e9sident de la R\u00e9publique, Bassirou Diomaye Faye , a effectu\u00e9<\/p>\n","protected":false},"author":1,"featured_media":57484,"comment_status":"open","ping_status":"open","sticky":false,"template":"","format":"standard","meta":{"footnotes":""},"categories":[21],"tags":[],"class_list":["post-57483","post","type-post","status-publish","format-standard","has-post-thumbnail","hentry","category-societe"],"_links":{"self":[{"href":"https:\/\/dekkbi.com\/index.php?rest_route=\/wp\/v2\/posts\/57483","targetHints":{"allow":["GET"]}}],"collection":[{"href":"https:\/\/dekkbi.com\/index.php?rest_route=\/wp\/v2\/posts"}],"about":[{"href":"https:\/\/dekkbi.com\/index.php?rest_route=\/wp\/v2\/types\/post"}],"author":[{"embeddable":true,"href":"https:\/\/dekkbi.com\/index.php?rest_route=\/wp\/v2\/users\/1"}],"replies":[{"embeddable":true,"href":"https:\/\/dekkbi.com\/index.php?rest_route=%2Fwp%2Fv2%2Fcomments&post=57483"}],"version-history":[{"count":1,"href":"https:\/\/dekkbi.com\/index.php?rest_route=\/wp\/v2\/posts\/57483\/revisions"}],"predecessor-version":[{"id":57485,"href":"https:\/\/dekkbi.com\/index.php?rest_route=\/wp\/v2\/posts\/57483\/revisions\/57485"}],"wp:featuredmedia":[{"embeddable":true,"href":"https:\/\/dekkbi.com\/index.php?rest_route=\/wp\/v2\/media\/57484"}],"wp:attachment":[{"href":"https:\/\/dekkbi.com\/index.php?rest_route=%2Fwp%2Fv2%2Fmedia&parent=57483"}],"wp:term":[{"taxonomy":"category","embeddable":true,"href":"https:\/\/dekkbi.com\/index.php?rest_route=%2Fwp%2Fv2%2Fcategories&post=57483"},{"taxonomy":"post_tag","embeddable":true,"href":"https:\/\/dekkbi.com\/index.php?rest_route=%2Fwp%2Fv2%2Ftags&post=57483"}],"curies":[{"name":"wp","href":"https:\/\/api.w.org\/{rel}","templated":true}]}}