{"id":57473,"date":"2025-06-02T09:24:58","date_gmt":"2025-06-02T09:24:58","guid":{"rendered":"https:\/\/dekkbi.com\/?p=57473"},"modified":"2025-06-02T09:24:59","modified_gmt":"2025-06-02T09:24:59","slug":"onu-le-pr-alioune-sall-de-lucad-elu-vice-president-de-la-commission-du-droit-international","status":"publish","type":"post","link":"https:\/\/dekkbi.com\/?p=57473","title":{"rendered":"Onu: le Pr Alioune Sall de l\u2019Ucad \u00e9lu vice-pr\u00e9sident de la Commission du droit international"},"content":{"rendered":"\n<p><a href=\"https:\/\/lesoleil.sn\/wp-content\/uploads\/2025\/06\/IMG-20250601-WA0276.jpg\"><\/a><strong>Le S\u00e9n\u00e9gal et l\u2019Universit\u00e9 Cheikh Anta Diop de Dakar (Ucad) s\u2019illustrent une nouvelle fois sur la sc\u00e8ne internationale avec l\u2019\u00e9lection du professeur Alioune Sall \u00e0 la vice-pr\u00e9sidence de la Commission du droit international (Cdi) des Nations Unies, \u00e0 l\u2019issue de sa 76e session tenue \u00e0 Gen\u00e8ve.<\/strong><\/p>\n\n\n\n<p>Juriste \u00e9minent et professeur titulaire \u00e0 la facult\u00e9 de droit de l\u2019Ucad, le Pr Sall est le deuxi\u00e8me S\u00e9n\u00e9galais \u00e0 si\u00e9ger \u00e0 la Cdi, apr\u00e8s Me Doudou Thiam, ancien ministre des Affaires \u00e9trang\u00e8res sous la pr\u00e9sidence de L\u00e9opold S\u00e9dar Senghor. Il aura pour mission, en 2026, de diriger certains travaux de cette prestigieuse instance juridique de l\u2019Onu, qui regroupe 34 experts \u00e9lus \u00e0 travers le monde et charg\u00e9s de codifier et de faire progresser le droit international.<\/p>\n\n\n\n<p>Ancien \u00e9l\u00e8ve du prytan\u00e9e militaire de Saint-Louis, le juriste a exerc\u00e9 comme avocat aux barreaux de Paris et de Dakar, juge \u00e0 la Cour de justice de la Cedeao, et enseignant dans plusieurs institutions internationales. Auteur prolifique, il est \u00e9galement membre de la Cour permanente d\u2019arbitrage de La Haye.<\/p>\n\n\n\n<p>Cette \u00e9lection marque une reconnaissance internationale du parcours exceptionnel du Pr Alioune Sall et consacre le rayonnement croissant de l\u2019expertise juridique s\u00e9n\u00e9galaise.<\/p>\n\n\n\n<p><strong>Salla GUEYE<\/strong>  &#8211; LESOLEIL<\/p>\n","protected":false},"excerpt":{"rendered":"<p>Le S\u00e9n\u00e9gal et l\u2019Universit\u00e9 Cheikh Anta Diop de Dakar (Ucad) s\u2019illustrent une nouvelle fois sur la sc\u00e8ne internationale avec l\u2019\u00e9lection<\/p>\n","protected":false},"author":1,"featured_media":57474,"comment_status":"open","ping_status":"open","sticky":false,"template":"","format":"standard","meta":{"footnotes":""},"categories":[21],"tags":[],"class_list":["post-57473","post","type-post","status-publish","format-standard","has-post-thumbnail","hentry","category-societe"],"_links":{"self":[{"href":"https:\/\/dekkbi.com\/index.php?rest_route=\/wp\/v2\/posts\/57473","targetHints":{"allow":["GET"]}}],"collection":[{"href":"https:\/\/dekkbi.com\/index.php?rest_route=\/wp\/v2\/posts"}],"about":[{"href":"https:\/\/dekkbi.com\/index.php?rest_route=\/wp\/v2\/types\/post"}],"author":[{"embeddable":true,"href":"https:\/\/dekkbi.com\/index.php?rest_route=\/wp\/v2\/users\/1"}],"replies":[{"embeddable":true,"href":"https:\/\/dekkbi.com\/index.php?rest_route=%2Fwp%2Fv2%2Fcomments&post=57473"}],"version-history":[{"count":1,"href":"https:\/\/dekkbi.com\/index.php?rest_route=\/wp\/v2\/posts\/57473\/revisions"}],"predecessor-version":[{"id":57475,"href":"https:\/\/dekkbi.com\/index.php?rest_route=\/wp\/v2\/posts\/57473\/revisions\/57475"}],"wp:featuredmedia":[{"embeddable":true,"href":"https:\/\/dekkbi.com\/index.php?rest_route=\/wp\/v2\/media\/57474"}],"wp:attachment":[{"href":"https:\/\/dekkbi.com\/index.php?rest_route=%2Fwp%2Fv2%2Fmedia&parent=57473"}],"wp:term":[{"taxonomy":"category","embeddable":true,"href":"https:\/\/dekkbi.com\/index.php?rest_route=%2Fwp%2Fv2%2Fcategories&post=57473"},{"taxonomy":"post_tag","embeddable":true,"href":"https:\/\/dekkbi.com\/index.php?rest_route=%2Fwp%2Fv2%2Ftags&post=57473"}],"curies":[{"name":"wp","href":"https:\/\/api.w.org\/{rel}","templated":true}]}}