{"id":57465,"date":"2025-05-30T12:22:36","date_gmt":"2025-05-30T12:22:36","guid":{"rendered":"https:\/\/dekkbi.com\/?p=57465"},"modified":"2025-05-30T12:26:46","modified_gmt":"2025-05-30T12:26:46","slug":"c1-donnarumma-et-sommer-deux-gardiens-en-etat-de-grace","status":"publish","type":"post","link":"https:\/\/dekkbi.com\/?p=57465","title":{"rendered":"Ligue des champions &#8211; C1: Donnarumma et Sommer, deux gardiens en \u00e9tat de gr\u00e2ce"},"content":{"rendered":"\n<p>Par Alice LEFEBVRE, Baptiste BECQUART et J\u00e9r\u00f4me RASETTI \u00a9 2025 AFP<\/p>\n\n\n\n<p>Si le PSG et l&rsquo;Inter Milan se retrouvent en finale de la Ligue des champions, leurs gardiens de but Gianluigi Donnarumma et Yann Sommer y sont pour beaucoup: ils auront samedi \u00e0 Munich encore un r\u00f4le primordial \u00e0 jouer.<\/p>\n\n\n\n<p>\u00ab\u00a0Cela sera aussi une finale de gardiens\u00a0\u00bb, pronostique pour la Gazzetta dello Sport l&rsquo;ancien portier embl\u00e9matique de l&rsquo;Italie, Gianluigi Buffon, pass\u00e9 par le PSG.<\/p>\n\n\n\n<p>\u00ab\u00a0Ce sont les deux meilleurs gardiens d&rsquo;Europe, Donnarumma est le meilleur dans l&rsquo;absolu, mais Sommer fait preuve d&rsquo;une incroyable constance \u00e0 haut niveau\u00a0\u00bb, r\u00e9sume \u00ab\u00a0Gigi\u00a0\u00bb.<\/p>\n\n\n\n<p>. Donnarumma a chass\u00e9 les doutes<\/p>\n\n\n\n<p>Comme souvent depuis son arriv\u00e9e au PSG en 2021, \u00ab\u00a0Gigio\u00a0\u00bb Donnarumma a connu cette saison bien des hauts mais aussi quelques bas, \u00e0 cause des lacunes dans son jeu au pied et ses sorties a\u00e9riennes.<\/p>\n\n\n\n<p>Il a \u00e9t\u00e9 rel\u00e9gu\u00e9 sur le banc contre le Bayern Munich en phase de ligue \u00e0 cause d&rsquo;un mauvais match face \u00e0 Arsenal (d\u00e9faite 2-0). Il a ensuite \u00e9t\u00e9 rendu responsable de la d\u00e9faite en 8e de finale aller face \u00e0 Liverpool (1-0 au Parc des Princes) en ne stoppant pas la seule frappe des Reds.<\/p>\n\n\n\n<p>Mais depuis, sans doute comme jamais depuis qu&rsquo;il est parisien, l&rsquo;ancien Milanais, du haut de son 1,96 m\u00e8tre, a encha\u00een\u00e9 les prestations de haute vol\u00e9e.<\/p>\n\n\n\n<p>Il a livr\u00e9 l&rsquo;un de ses meilleurs matches avec le PSG au retour \u00e0 Liverpool, o\u00f9 il a \u00e9t\u00e9 d\u00e9cisif lors de la s\u00e9ance de tirs aux buts (1-0, 4 t.a.b. \u00e0 1).<\/p>\n\n\n\n<figure class=\"wp-block-image\"><img decoding=\"async\" src=\"https:\/\/information.tv5monde.com\/sites\/tv5-info\/files\/styles\/entete\/public\/2025-05\/field_media_image-2927714-d805d63d040e72c0fbc981224c424ab7b507409f.jpg?itok=6cdFtP07\" alt=\"Le gardien de but du Paris Saint-Germain Gianluigi Donnarumma lors du match retour des demi-finales de la Ligue des Champions  contre Arsenal au Parc des Princes \u00e0 Paris le 7 mai 2025.\n\" title=\"Le gardien de but du Paris Saint-Germain Gianluigi Donnarumma lors du match retour des demi-finales de la Ligue des Champions  contre Arsenal au Parc des Princes \u00e0 Paris le 7 mai 2025.\n\"\/><\/figure>\n\n\n\n<p>Le gardien de but du Paris Saint-Germain Gianluigi Donnarumma lors du match retour des demi-finales de la Ligue des Champions contre Arsenal au Parc des Princes \u00e0 Paris le 7 mai 2025.<\/p>\n\n\n\n<p>AFP\/Archives<\/p>\n\n\n\n<p>Thomas SAMSON<\/p>\n\n\n\n<p>Donnarumma, 26 ans, a ensuite \u00e9t\u00e9 d\u00e9cisif face \u00e0 Aston Villa, en quarts de finale, et \u00e0 Arsenal, en demi-finale. Comme si affronter des clubs anglais lui avait rappel\u00e9 cet Euro-2021 remport\u00e9 avec la Nazionale \u00e0 Wembley, avec \u00e0 la clef le troph\u00e9e de meilleur joueur du tournoi.<\/p>\n\n\n\n<p>L&rsquo;Italien rassure d\u00e9sormais pleinement ses co\u00e9quipiers et les supporters en r\u00e9pondant pr\u00e9sent lors des grands rendez-vous, \u00e0 rebours des ann\u00e9es pr\u00e9c\u00e9dentes.<\/p>\n\n\n\n<p>\u00ab\u00a0Il prend et montre sa valeur dans le but, affiche son potentiel. Il faut toujours un grand gardien pour gagner et c&rsquo;est ce qu&rsquo;il est\u00a0\u00bb, a appuy\u00e9 son capitaine Marquinhos \u00e0 propos de \u00ab\u00a0Gigio\u00a0\u00bb.<\/p>\n\n\n\n<p>Pour Achraf Hakimi, \u00ab\u00a0c&rsquo;est l&rsquo;un des meilleurs gardiens du monde\u00a0\u00bb. En fin de contrat en 2026, il n&rsquo;a toujours pas prolong\u00e9 au PSG, malgr\u00e9 ses envies clairement assum\u00e9es de rester \u00e0 Paris. L&rsquo;entra\u00eeneur du PSG, Luis Enrique, est peu disert devant la presse \u00e0 son sujet.<\/p>\n\n\n\n<p>. Sommer, 36 printemps et toujours vert<\/p>\n\n\n\n<figure class=\"wp-block-image\"><img decoding=\"async\" src=\"https:\/\/information.tv5monde.com\/sites\/tv5-info\/files\/styles\/entete\/public\/2025-05\/field_media_image-2927715-05e1b025062e36d7def21823a75e50fb8d963956.jpg?itok=x9yuSACb\" alt=\"Le gardien de but de l'Inter Milan Yann Sommer lors du match aller des demi-finales de la Ligue des Champions contre le FC Barcelone au Estadi Olimpic Lluis Companys \u00e0 Barcelone le 30 avril 2025.\n\" title=\"Le gardien de but de l'Inter Milan Yann Sommer lors du match aller des demi-finales de la Ligue des Champions contre le FC Barcelone au Estadi Olimpic Lluis Companys \u00e0 Barcelone le 30 avril 2025.\n\"\/><\/figure>\n\n\n\n<p>Le gardien de but de l&rsquo;Inter Milan Yann Sommer lors du match aller des demi-finales de la Ligue des Champions contre le FC Barcelone au Estadi Olimpic Lluis Companys \u00e0 Barcelone le 30 avril 2025.<\/p>\n\n\n\n<p>AFP\/Archives<\/p>\n\n\n\n<p>LLUIS GENE<\/p>\n\n\n\n<p>Qu&rsquo;il est loin le temps o\u00f9 les tifosi interistes faisaient la fine bouche et redoutaient le pire \u00e0 son arriv\u00e9e pour remplacer Andre Onana, parti \u00e0 Manchester United.<\/p>\n\n\n\n<p>Pour sa deuxi\u00e8me saison en Serie A, Sommer, 36 ans, a certes encaiss\u00e9 plus de buts que l&rsquo;an dernier (32 contre 19 en 2023-24, 13 \u00ab\u00a0clean-sheets\u00a0\u00bb contre 19).<\/p>\n\n\n\n<p>Mais il a jou\u00e9 un r\u00f4le plus d\u00e9terminant avec son leadership lorsque sa d\u00e9fense tanguait et en r\u00e9alisant des arr\u00eats spectaculaires, notamment contre le Bar\u00e7a lors de cette demi-finale retour au sc\u00e9nario renversant (4-3 a.p.).<\/p>\n\n\n\n<p>Alors que l&rsquo;Inter venait de voir son avance de deux buts dispara\u00eetre en six minutes, le gardien suisse lui a \u00e9vit\u00e9 le pire avec un total de sept arr\u00eats, dont deux parades spectaculaires devant Eric Garcia et Lamine Yamal qui vont longtemps hanter les joueurs catalans.<\/p>\n\n\n\n<p>Malgr\u00e9 son d\u00e9ficit de taille (1,83 m\u00e8tre), \u00ab\u00a0sa contribution aux succ\u00e8s de l&rsquo;Inter lors des deux derni\u00e8res saisons est \u00e9norme\u00a0\u00bb, juge Buffon.<\/p>\n\n\n\n<p>Fid\u00e8le \u00e0 son temp\u00e9rament, Sommer qui va retrouver l&rsquo;Allianz-Arena o\u00f9 il a \u00e9volu\u00e9 six mois en 2023 avec le Bayern Munich, garde les pieds sur terre et ne s&#8217;emballe pas.<\/p>\n\n\n\n<p>\u00ab\u00a0Ce groupe m\u00e9rite de jouer cette finale, mais cela serait faux de r\u00e9sumer ce match \u00e0 un duel entre Donnarumma et moi\u00a0\u00bb, a-t-il pr\u00e9venu.<\/p>\n\n\n\n<p>ali-bap-jr-td\/kn\/jld<\/p>\n","protected":false},"excerpt":{"rendered":"<p>Par Alice LEFEBVRE, Baptiste BECQUART et J\u00e9r\u00f4me RASETTI \u00a9 2025 AFP Si le PSG et l&rsquo;Inter Milan se retrouvent en<\/p>\n","protected":false},"author":1,"featured_media":57466,"comment_status":"open","ping_status":"open","sticky":false,"template":"","format":"standard","meta":{"footnotes":""},"categories":[9],"tags":[],"class_list":["post-57465","post","type-post","status-publish","format-standard","has-post-thumbnail","hentry","category-sports"],"_links":{"self":[{"href":"https:\/\/dekkbi.com\/index.php?rest_route=\/wp\/v2\/posts\/57465","targetHints":{"allow":["GET"]}}],"collection":[{"href":"https:\/\/dekkbi.com\/index.php?rest_route=\/wp\/v2\/posts"}],"about":[{"href":"https:\/\/dekkbi.com\/index.php?rest_route=\/wp\/v2\/types\/post"}],"author":[{"embeddable":true,"href":"https:\/\/dekkbi.com\/index.php?rest_route=\/wp\/v2\/users\/1"}],"replies":[{"embeddable":true,"href":"https:\/\/dekkbi.com\/index.php?rest_route=%2Fwp%2Fv2%2Fcomments&post=57465"}],"version-history":[{"count":2,"href":"https:\/\/dekkbi.com\/index.php?rest_route=\/wp\/v2\/posts\/57465\/revisions"}],"predecessor-version":[{"id":57470,"href":"https:\/\/dekkbi.com\/index.php?rest_route=\/wp\/v2\/posts\/57465\/revisions\/57470"}],"wp:featuredmedia":[{"embeddable":true,"href":"https:\/\/dekkbi.com\/index.php?rest_route=\/wp\/v2\/media\/57466"}],"wp:attachment":[{"href":"https:\/\/dekkbi.com\/index.php?rest_route=%2Fwp%2Fv2%2Fmedia&parent=57465"}],"wp:term":[{"taxonomy":"category","embeddable":true,"href":"https:\/\/dekkbi.com\/index.php?rest_route=%2Fwp%2Fv2%2Fcategories&post=57465"},{"taxonomy":"post_tag","embeddable":true,"href":"https:\/\/dekkbi.com\/index.php?rest_route=%2Fwp%2Fv2%2Ftags&post=57465"}],"curies":[{"name":"wp","href":"https:\/\/api.w.org\/{rel}","templated":true}]}}