{"id":57424,"date":"2025-05-30T10:10:22","date_gmt":"2025-05-30T10:10:22","guid":{"rendered":"https:\/\/dekkbi.com\/?p=57424"},"modified":"2025-05-30T10:10:24","modified_gmt":"2025-05-30T10:10:24","slug":"rencontre-internationale-dakar-accueille-la-26%e1%b5%89-session-de-lunion-africaine-des-telecommunications-uat","status":"publish","type":"post","link":"https:\/\/dekkbi.com\/?p=57424","title":{"rendered":"Rencontre internationale : Dakar accueille la 26\u1d49 session de l\u2019Union Africaine des T\u00e9l\u00e9communications (UAT)"},"content":{"rendered":"\n<h3 class=\"wp-block-heading\">La capitale s\u00e9n\u00e9galaise, Dakar, est le th\u00e9\u00e2tre de la 26\u1d49 session de l&rsquo;Union Africaine des T\u00e9l\u00e9communications (UAT), un \u00e9v\u00e9nement majeur qui se tient jusqu\u2019au 30 mai 2025. La c\u00e9r\u00e9monie d&rsquo;ouverture, pr\u00e9sid\u00e9e par M. Alioune Sall, Ministre de la Communication, des T\u00e9l\u00e9communications et du Num\u00e9rique (MCTN), a rassembl\u00e9 plusieurs personnalit\u00e9s de renom, dont M. Dahirou Thiam, Directeur g\u00e9n\u00e9ral de l&rsquo;Autorit\u00e9 de R\u00e9gulation des T\u00e9l\u00e9communications et des Postes (ARTP), M. John Omo, Secr\u00e9taire g\u00e9n\u00e9ral de l\u2019Union africaine des T\u00e9l\u00e9communications, ainsi que le repr\u00e9sentant de la Secr\u00e9taire g\u00e9n\u00e9rale de l\u2019Union internationale des t\u00e9l\u00e9communications (UIT).<\/h3>\n\n\n\n<p>Selon le communiqu\u00e9, lors de son allocution, M. Thiam a soulign\u00e9 l\u2019importance strat\u00e9gique de cette rencontre, qui constitue une \u00e9tape pr\u00e9paratoire d\u00e9cisive pour les futures conf\u00e9rences mondiales. En particulier, la Conf\u00e9rence Mondiale de D\u00e9veloppement des T\u00e9l\u00e9communications (CMDT), pr\u00e9vue en Azerba\u00efdjan en novembre 2025, et la Conf\u00e9rence des Pl\u00e9nipotentiaires (PP) de 2026 seront des moments cl\u00e9s pour le continent.<\/p>\n\n\n\n<p>Le Directeur g\u00e9n\u00e9ral de l\u2019ARTP a \u00e9galement mis en lumi\u00e8re les engagements du S\u00e9n\u00e9gal sous la conduite de Son Excellence le Pr\u00e9sident Bassirou Diomaye Diakhar Faye. Il a salu\u00e9 la vision claire et les actions concr\u00e8tes du gouvernement dirig\u00e9 par le Premier Ministre Ousmane Sonko, notamment en mati\u00e8re de d\u00e9veloppement num\u00e9rique et d&rsquo;inclusion sociale.<\/p>\n\n\n\n<p>Dans le contexte de la transformation num\u00e9rique acc\u00e9l\u00e9r\u00e9e en Afrique, M. Thiam a lanc\u00e9 un appel \u00e0 l&rsquo;unit\u00e9 des r\u00e9gulateurs africains pour relever les d\u00e9fis li\u00e9s \u00e0 cette \u00e9volution. Il a notamment soulign\u00e9 les enjeux du num\u00e9rique pour l&rsquo;inclusion financi\u00e8re et sociale, secteurs cl\u00e9s pour le d\u00e9veloppement \u00e9conomique et la coh\u00e9sion sociale du continent.<\/p>\n\n\n\n<p>Cet \u00e9v\u00e9nement s\u2019inscrit donc dans une dynamique d\u2019\u00e9changes et de r\u00e9flexion visant \u00e0 renforcer la coop\u00e9ration entre les acteurs du secteur des t\u00e9l\u00e9communications en Afrique et \u00e0 faire face aux enjeux globaux du num\u00e9rique.<\/p>\n","protected":false},"excerpt":{"rendered":"<p>La capitale s\u00e9n\u00e9galaise, Dakar, est le th\u00e9\u00e2tre de la 26\u1d49 session de l&rsquo;Union Africaine des T\u00e9l\u00e9communications (UAT), un \u00e9v\u00e9nement majeur<\/p>\n","protected":false},"author":1,"featured_media":57425,"comment_status":"open","ping_status":"open","sticky":false,"template":"","format":"standard","meta":{"footnotes":""},"categories":[3],"tags":[],"class_list":["post-57424","post","type-post","status-publish","format-standard","has-post-thumbnail","hentry","category-event-more-news"],"_links":{"self":[{"href":"https:\/\/dekkbi.com\/index.php?rest_route=\/wp\/v2\/posts\/57424","targetHints":{"allow":["GET"]}}],"collection":[{"href":"https:\/\/dekkbi.com\/index.php?rest_route=\/wp\/v2\/posts"}],"about":[{"href":"https:\/\/dekkbi.com\/index.php?rest_route=\/wp\/v2\/types\/post"}],"author":[{"embeddable":true,"href":"https:\/\/dekkbi.com\/index.php?rest_route=\/wp\/v2\/users\/1"}],"replies":[{"embeddable":true,"href":"https:\/\/dekkbi.com\/index.php?rest_route=%2Fwp%2Fv2%2Fcomments&post=57424"}],"version-history":[{"count":1,"href":"https:\/\/dekkbi.com\/index.php?rest_route=\/wp\/v2\/posts\/57424\/revisions"}],"predecessor-version":[{"id":57426,"href":"https:\/\/dekkbi.com\/index.php?rest_route=\/wp\/v2\/posts\/57424\/revisions\/57426"}],"wp:featuredmedia":[{"embeddable":true,"href":"https:\/\/dekkbi.com\/index.php?rest_route=\/wp\/v2\/media\/57425"}],"wp:attachment":[{"href":"https:\/\/dekkbi.com\/index.php?rest_route=%2Fwp%2Fv2%2Fmedia&parent=57424"}],"wp:term":[{"taxonomy":"category","embeddable":true,"href":"https:\/\/dekkbi.com\/index.php?rest_route=%2Fwp%2Fv2%2Fcategories&post=57424"},{"taxonomy":"post_tag","embeddable":true,"href":"https:\/\/dekkbi.com\/index.php?rest_route=%2Fwp%2Fv2%2Ftags&post=57424"}],"curies":[{"name":"wp","href":"https:\/\/api.w.org\/{rel}","templated":true}]}}