{"id":57421,"date":"2025-05-30T10:06:04","date_gmt":"2025-05-30T10:06:04","guid":{"rendered":"https:\/\/dekkbi.com\/?p=57421"},"modified":"2025-05-30T10:06:05","modified_gmt":"2025-05-30T10:06:05","slug":"dialogue-national-bassirou-diomaye-faye-engage-le-senegal-sur-la-voie-des-reformes","status":"publish","type":"post","link":"https:\/\/dekkbi.com\/?p=57421","title":{"rendered":"Dialogue national: Bassirou Diomaye Faye engage le S\u00e9n\u00e9gal sur la voie des r\u00e9formes"},"content":{"rendered":"\n<p><a href=\"https:\/\/lesoleil.sn\/wp-content\/uploads\/2025\/05\/Diomaye-Dialogue-cicad.jpg\"><\/a><strong>Lors de la Journ\u00e9e du dialogue national tenue ce mardi 28 mai 2025 au CICAD de Diamniadio, le pr\u00e9sident de la R\u00e9publique, Bassirou Diomaye Faye, a livr\u00e9 une allocution forte, ax\u00e9e sur la n\u00e9cessit\u00e9 urgente de refonder le syst\u00e8me politique s\u00e9n\u00e9galais.<\/strong><\/p>\n\n\n\n<p>Apr\u00e8s le dialogue sur les Assises de la justice, cap sur la r\u00e9forme du syst\u00e8me politique s\u00e9n\u00e9galais. Dans un ton rassembleur, Bassirou Diomaye Faye a soulign\u00e9 l\u2019importance de r\u00e9former en profondeur les institutions pour garantir une d\u00e9mocratie plus stable, plus transparente et plus inclusive.<\/p>\n\n\n\n<p>\u00ab L\u2019histoire politique r\u00e9cente de notre pays nous commande de r\u00e9former pour la post\u00e9rit\u00e9 \u00bb, a-t-il d\u00e9clar\u00e9 en ouverture, appelant \u00e0 une lucidit\u00e9 collective face aux insuffisances du syst\u00e8me actuel. Pour le chef de l\u2019\u00c9tat, les r\u00e9formes doivent aller au-del\u00e0 des discours d\u2019intention : il s\u2019agit d\u2019agir pour renforcer les acquis d\u00e9mocratiques, pr\u00e9venir les tensions r\u00e9currentes entre pouvoir et opposition, et restaurer la confiance entre les acteurs politiques.<\/p>\n\n\n\n<p><strong>Rationaliser, moderniser, pacifier<\/strong><\/p>\n\n\n\n<p>Dans une \u00e9num\u00e9ration pr\u00e9cise, Bassirou Diomaye Faye a cit\u00e9 les principaux chantiers devant structurer ce nouvel agenda d\u00e9mocratique : la rationalisation du calendrier \u00e9lectoral, la cr\u00e9ation d\u2019une Commission \u00e9lectorale nationale ind\u00e9pendante (CENI), la d\u00e9mat\u00e9rialisation du processus \u00e9lectoral, l\u2019inscription automatique des primo-votants, la r\u00e9forme du statut de l\u2019opposition ou encore la clarification du parrainage citoyen. Il a \u00e9galement insist\u00e9 sur le r\u00f4le fondamental de la justice, de l\u2019acc\u00e8s au fichier \u00e9lectoral, de la transparence dans le financement des partis politiques et du bon fonctionnement des organes charg\u00e9s des \u00e9lections.<\/p>\n\n\n\n<p><strong>Une refondation d\u00e9mocratique en marche<\/strong><\/p>\n\n\n\n<p>Le pr\u00e9sident s\u2019est r\u00e9joui que ce dialogue soit organis\u00e9 en dehors de toute \u00e9ch\u00e9ance \u00e9lectorale, cr\u00e9ant ainsi un climat propice \u00e0 une r\u00e9flexion sereine et lucide sur l\u2019avenir politique du S\u00e9n\u00e9gal.<br>\u00abEnsemble, nous avons la responsabilit\u00e9 de repenser nos institutions, en nous appuyant sur les principes fondamentaux de la d\u00e9mocratie, le respect des libert\u00e9s individuelles et collectives, ainsi que sur les r\u00e9formes constitutionnelles et l\u00e9gislatives indispensables.\u00bb, a-t-il lanc\u00e9 aux acteurs. Il a insist\u00e9 sur la responsabilit\u00e9 collective des parties prenantes pour parvenir \u00e0 \u00ab des consensus forts et productifs \u00bb.<\/p>\n\n\n\n<p>L\u2019\u00e9lan participatif suscit\u00e9 par la plateforme citoyenne Jubbanti, qui a enregistr\u00e9 plus de 13 000 contributions, a \u00e9t\u00e9 salu\u00e9 comme un signe de la maturit\u00e9 d\u00e9mocratique des S\u00e9n\u00e9galais. \u00ab Le peuple vous observe \u00bb, a-t-il lanc\u00e9 aux participants, les appelant \u00e0 se hisser \u00e0 la hauteur de l\u2019attente populaire.<\/p>\n\n\n\n<p>Ce discours marque l\u2019ancrage de la gouvernance de Diomaye Faye dans une volont\u00e9 affirm\u00e9e de r\u00e9formes institutionnelles. Il place le dialogue national au c\u0153ur de son projet politique et tend la main \u00e0 tous les acteurs majorit\u00e9, opposition, soci\u00e9t\u00e9 civile pour une refondation d\u00e9mocratique durable. Le processus est engag\u00e9. Le cap est clair. Reste maintenant \u00e0 b\u00e2tir le consensus.<\/p>\n\n\n\n<p><strong>Cheikh Gora DIOP<\/strong><\/p>\n","protected":false},"excerpt":{"rendered":"<p>Lors de la Journ\u00e9e du dialogue national tenue ce mardi 28 mai 2025 au CICAD de Diamniadio, le pr\u00e9sident de<\/p>\n","protected":false},"author":1,"featured_media":57422,"comment_status":"open","ping_status":"open","sticky":false,"template":"","format":"standard","meta":{"footnotes":""},"categories":[6],"tags":[],"class_list":["post-57421","post","type-post","status-publish","format-standard","has-post-thumbnail","hentry","category-politics"],"_links":{"self":[{"href":"https:\/\/dekkbi.com\/index.php?rest_route=\/wp\/v2\/posts\/57421","targetHints":{"allow":["GET"]}}],"collection":[{"href":"https:\/\/dekkbi.com\/index.php?rest_route=\/wp\/v2\/posts"}],"about":[{"href":"https:\/\/dekkbi.com\/index.php?rest_route=\/wp\/v2\/types\/post"}],"author":[{"embeddable":true,"href":"https:\/\/dekkbi.com\/index.php?rest_route=\/wp\/v2\/users\/1"}],"replies":[{"embeddable":true,"href":"https:\/\/dekkbi.com\/index.php?rest_route=%2Fwp%2Fv2%2Fcomments&post=57421"}],"version-history":[{"count":1,"href":"https:\/\/dekkbi.com\/index.php?rest_route=\/wp\/v2\/posts\/57421\/revisions"}],"predecessor-version":[{"id":57423,"href":"https:\/\/dekkbi.com\/index.php?rest_route=\/wp\/v2\/posts\/57421\/revisions\/57423"}],"wp:featuredmedia":[{"embeddable":true,"href":"https:\/\/dekkbi.com\/index.php?rest_route=\/wp\/v2\/media\/57422"}],"wp:attachment":[{"href":"https:\/\/dekkbi.com\/index.php?rest_route=%2Fwp%2Fv2%2Fmedia&parent=57421"}],"wp:term":[{"taxonomy":"category","embeddable":true,"href":"https:\/\/dekkbi.com\/index.php?rest_route=%2Fwp%2Fv2%2Fcategories&post=57421"},{"taxonomy":"post_tag","embeddable":true,"href":"https:\/\/dekkbi.com\/index.php?rest_route=%2Fwp%2Fv2%2Ftags&post=57421"}],"curies":[{"name":"wp","href":"https:\/\/api.w.org\/{rel}","templated":true}]}}