{"id":57417,"date":"2025-05-30T09:59:05","date_gmt":"2025-05-30T09:59:05","guid":{"rendered":"https:\/\/dekkbi.com\/?p=57417"},"modified":"2025-05-30T09:59:07","modified_gmt":"2025-05-30T09:59:07","slug":"ucad-le-combat-quotidien-des-etudiants-non-voyants-et-handicapes-moteurs-dans-un-campus-inadapte","status":"publish","type":"post","link":"https:\/\/dekkbi.com\/?p=57417","title":{"rendered":"UCAD : Le combat quotidien des \u00e9tudiants non-voyants et handicap\u00e9s moteurs dans un campus inadapt\u00e9"},"content":{"rendered":"\n<p>Au c\u0153ur de l\u2019Universit\u00e9 Cheikh Anta Diop de Dakar (UCAD), lieu d\u2019effervescence intellectuelle et de brassage culturel, une cat\u00e9gorie d\u2019\u00e9tudiants m\u00e8ne un combat silencieux et courageux. Eux, ce sont les \u00e9tudiants en situation de vuln\u00e9rabilit\u00e9, notamment les non et malvoyants ainsi que les handicap\u00e9s moteurs. Ils vivent dans le m\u00eame campus, fr\u00e9quentent les m\u00eames amphith\u00e9\u00e2tres, mais avec des contraintes suppl\u00e9mentaires, souvent ignor\u00e9es.<\/p>\n\n\n\n<p>Avec un effectif de plus de 75 000 \u00e9tudiants en 2022 et 218 salles fonctionnelles, l\u2019UCAD demeure l\u2019une des plus grandes universit\u00e9s francophones d\u2019Afrique. Cependant, l&rsquo;accessibilit\u00e9 et l\u2019inclusion n\u2019y sont pas encore \u00e0 la hauteur des besoins des \u00e9tudiants en situation de handicap.<\/p>\n\n\n\n<p>\u00c9tudiante en 3e ann\u00e9e \u00e0 l\u2019Institut des M\u00e9tiers du Droit, Khady Ndiaye, malvoyante, partage son quotidien avec sa fille Arame, sur le campus. \u00ab Je laisse ma petite Arame avec mes camarades quand j\u2019ai cours \u00bb, raconte-t-elle, le sourire dans la voix. Avec d&rsquo;autres camarades, elle forme le noyau d&rsquo;une association d\u2019\u00e9tudiants aveugles, organis\u00e9e autour des deux types de d\u00e9ficience visuelle : non-voyants (\u00e9criture en braille) et malvoyants (documents en gros caract\u00e8res).<\/p>\n\n\n\n<figure class=\"wp-block-embed is-type-rich is-provider-prise-en-charge-des-contenus-embarqu-s wp-block-embed-prise-en-charge-des-contenus-embarqu-s wp-embed-aspect-16-9 wp-has-aspect-ratio\"><div class=\"wp-block-embed__wrapper\">\n<iframe loading=\"lazy\" title=\"UCAD\/ \u00c9tudiants vuln\u00e9rables :Le combat des non-voyants et handicap\u00e9s moteurs dans un campus inadapt\u00e9\" width=\"800\" height=\"450\" src=\"https:\/\/www.youtube.com\/embed\/5f4huyG_Thk?feature=oembed\" frameborder=\"0\" allow=\"accelerometer; autoplay; clipboard-write; encrypted-media; gyroscope; picture-in-picture; web-share\" referrerpolicy=\"strict-origin-when-cross-origin\" allowfullscreen><\/iframe>\n<\/div><\/figure>\n\n\n\n<p>Selon Khady, l&rsquo;acc\u00e8s aux ressources p\u00e9dagogiques, notamment \u00e0 la biblioth\u00e8que, reste un frein majeur. \u00ab Les \u0153uvres ne sont pas transcrites en braille. Pendant les TD, nos id\u00e9es sont souvent ignor\u00e9es \u00e0 cause de notre d\u00e9ficience \u00bb. Toutefois, pr\u00e9cise t-elle, \u00ab il y a des \u00e9tudiants sociables qui nous consid\u00e8rent et nous traitent bien. Des fois, ce sont des inconnus ou des amis qui nous viennent en aide. \u00bb<\/p>\n\n\n\n<p>Charg\u00e9 de communication de l\u2019association, S\u00e9mou Sarr, \u00e9tudiant en licence 3 \u00e0 la Facult\u00e9 de Droit, loue les efforts de l\u2019administration, mais note de s\u00e9rieuses lacunes : \u00ab Les amphith\u00e9\u00e2tres sont souvent inaccessibles \u00e0 cause des escaliers. Il manque aussi une salle pour l\u2019imprimante en braille, ce qui oblige notre encadreur \u00e0 aller jusqu\u2019\u00e0 Thi\u00e8s ( l&rsquo;\u00e9cole pour mal voyants, Inefja)&nbsp;&nbsp;pour imprimer nos documents. \u00bb<\/p>\n\n\n\n<p>Il insiste sur la n\u00e9cessit\u00e9 de former les enseignants \u00e0 la prise en charge inclusive, et lance un appel \u00e0 l\u2019\u00c9tat : \u00ab Nous avons une forte app\u00e9tence pour les \u00e9tudes, mais nous manquons de moyens. \u00bb<\/p>\n\n\n\n<p>Assane Dieng, pr\u00e9sident du collectif et \u00e9tudiants en master \u00e0 la Facult\u00e9 des Lettres, interpelle les m\u00e9dias et l\u2019opinion publique pour plus de visibilit\u00e9. \u00ab Nos r\u00e9alit\u00e9s m\u00e9ritent d\u2019\u00eatre entendues, pour que des solutions durables soient enfin apport\u00e9es \u00bb, rench\u00e9rit-il.<\/p>\n\n\n\n<p>SOURCE DAKARACTU<\/p>\n","protected":false},"excerpt":{"rendered":"<p>Au c\u0153ur de l\u2019Universit\u00e9 Cheikh Anta Diop de Dakar (UCAD), lieu d\u2019effervescence intellectuelle et de brassage culturel, une cat\u00e9gorie d\u2019\u00e9tudiants<\/p>\n","protected":false},"author":1,"featured_media":31585,"comment_status":"open","ping_status":"open","sticky":false,"template":"","format":"standard","meta":{"footnotes":""},"categories":[21],"tags":[],"class_list":["post-57417","post","type-post","status-publish","format-standard","has-post-thumbnail","hentry","category-societe"],"_links":{"self":[{"href":"https:\/\/dekkbi.com\/index.php?rest_route=\/wp\/v2\/posts\/57417","targetHints":{"allow":["GET"]}}],"collection":[{"href":"https:\/\/dekkbi.com\/index.php?rest_route=\/wp\/v2\/posts"}],"about":[{"href":"https:\/\/dekkbi.com\/index.php?rest_route=\/wp\/v2\/types\/post"}],"author":[{"embeddable":true,"href":"https:\/\/dekkbi.com\/index.php?rest_route=\/wp\/v2\/users\/1"}],"replies":[{"embeddable":true,"href":"https:\/\/dekkbi.com\/index.php?rest_route=%2Fwp%2Fv2%2Fcomments&post=57417"}],"version-history":[{"count":1,"href":"https:\/\/dekkbi.com\/index.php?rest_route=\/wp\/v2\/posts\/57417\/revisions"}],"predecessor-version":[{"id":57420,"href":"https:\/\/dekkbi.com\/index.php?rest_route=\/wp\/v2\/posts\/57417\/revisions\/57420"}],"wp:featuredmedia":[{"embeddable":true,"href":"https:\/\/dekkbi.com\/index.php?rest_route=\/wp\/v2\/media\/31585"}],"wp:attachment":[{"href":"https:\/\/dekkbi.com\/index.php?rest_route=%2Fwp%2Fv2%2Fmedia&parent=57417"}],"wp:term":[{"taxonomy":"category","embeddable":true,"href":"https:\/\/dekkbi.com\/index.php?rest_route=%2Fwp%2Fv2%2Fcategories&post=57417"},{"taxonomy":"post_tag","embeddable":true,"href":"https:\/\/dekkbi.com\/index.php?rest_route=%2Fwp%2Fv2%2Ftags&post=57417"}],"curies":[{"name":"wp","href":"https:\/\/api.w.org\/{rel}","templated":true}]}}