{"id":57356,"date":"2025-05-28T11:26:54","date_gmt":"2025-05-28T11:26:54","guid":{"rendered":"https:\/\/dekkbi.com\/?p=57356"},"modified":"2025-05-28T11:43:50","modified_gmt":"2025-05-28T11:43:50","slug":"gaza-lonu-condamne-le-systeme-daide-mis-en-place-par-israel","status":"publish","type":"post","link":"https:\/\/dekkbi.com\/?p=57356","title":{"rendered":"Gaza: Un haut responsable de l&rsquo;ONU condamne le syst\u00e8me d&rsquo;aide mis en place par Isra\u00ebl"},"content":{"rendered":"\n<p>Un haut responsable de l&rsquo;ONU a d\u00e9nonc\u00e9 mercredi comme \u00ab\u00a0une distraction\u00a0\u00bb indigne le nouveau syst\u00e8me de distribution d&rsquo;aide mis en place par Isra\u00ebl dans la bande de Gaza, apr\u00e8s une distribution chaotique ayant fait 47 bless\u00e9s la veille.<\/p>\n\n\n\n<p>L&rsquo;arm\u00e9e isra\u00e9lienne a d\u00e9menti avoir ouvert le feu sur la foule en marge de cette distribution d&rsquo;aide humanitaire organis\u00e9e \u00e0 Rafah, dans le sud de Gaza, dans un nouveau centre tenu par la Fondation humanitaire de Gaza (GHF), une soci\u00e9t\u00e9 priv\u00e9e cr\u00e9\u00e9e avec le soutien d&rsquo;Isra\u00ebl et des Etats-Unis.<\/p>\n\n\n\n<p>L&rsquo;op\u00e9ration a tourn\u00e9 au chaos lorsque des milliers de Palestiniens se sont ru\u00e9s sur les lieux, selon des journalistes de l&rsquo;AFP.<\/p>\n\n\n\n<p>\u00ab\u00a0Environ 47 personnes ont \u00e9t\u00e9 bless\u00e9es\u00a0\u00bb, \u00ab\u00a0la plupart par balles\u00a0\u00bb, et \u00ab\u00a0les tirs provenaient de l&rsquo;arm\u00e9e isra\u00e9lienne\u00a0\u00bb, a d\u00e9clar\u00e9 mercredi Ajith Sunghay, chef du Bureau du Haut-Commissariat des Nations unies aux droits de l&rsquo;Homme dans les Territoires palestiniens occup\u00e9s.<\/p>\n\n\n\n<p>L&rsquo;arm\u00e9e isra\u00e9lienne a fait \u00e9tat de \u00ab\u00a0tirs de sommation en l&rsquo;air\u00a0\u00bb effectu\u00e9s par ses soldats \u00ab\u00a0dans la zone \u00e0 l&rsquo;ext\u00e9rieur\u00a0\u00bb du centre g\u00e9r\u00e9 par la GHF, \u00ab\u00a0en aucun cas vers les gens\u00a0\u00bb.<\/p>\n\n\n\n<p>\u00ab\u00a0Nous v\u00e9rifions les informations de l&rsquo;ONU. \u00c0 l&rsquo;heure o\u00f9 nous parlons, nous n&rsquo;avons aucune information \u00e0 ce sujet\u00a0\u00bb, a encore d\u00e9clar\u00e9 \u00e0 l&rsquo;AFP le colonel Olivier Rafowicz, porte-parole de l&rsquo;arm\u00e9e.<\/p>\n\n\n\n<h2 class=\"wp-block-heading\">\u00ab\u00a0Images choquantes\u00a0\u00bb<\/h2>\n\n\n\n<p>\u00ab\u00a0Nous avons vu hier les images choquantes (&#8230;) C&rsquo;\u00e9tait chaotique, indigne et dangereux\u00a0\u00bb, a d\u00e9clar\u00e9 \u00e0 Tokyo le responsable de l&rsquo;agence des Nations unies pour les r\u00e9fugi\u00e9s palestiniens (Unrwa), Philippe Lazzarini.<\/p>\n\n\n\n<p>Il a qualifi\u00e9 de \u00ab\u00a0distraction par rapport aux atrocit\u00e9s\u00a0\u00bb le nouveau mod\u00e8le promu par Isra\u00ebl et les Etats-Unis consistant \u00e0 d\u00e9l\u00e9guer la distribution d&rsquo;aide \u00e0 une soci\u00e9t\u00e9 priv\u00e9e.<\/p>\n\n\n\n<p>\u00ab\u00a0Le temps presse pour \u00e9viter la famine, donc les humanitaires doivent \u00eatre autoris\u00e9s \u00e0 accomplir leur travail salvateur maintenant\u00a0\u00bb, a-t-il ajout\u00e9, vantant \u00ab\u00a0l&rsquo;exp\u00e9rience et l&rsquo;expertise (de l&rsquo;Unrwa) pour atteindre les personnes dans le besoin\u00a0\u00bb. M. Lazzarini est persona non grata en Isra\u00ebl, qui l&rsquo;accuse d&rsquo;\u00eatre \u00e0 la t\u00eate d&rsquo;une \u00ab\u00a0organisation terroriste\u00a0\u00bb li\u00e9e au Hamas.<\/p>\n\n\n\n<p>La veille, le Premier ministre isra\u00e9lien Benjamin Netanyahu avait reconnu \u00ab\u00a0une perte de contr\u00f4le momentan\u00e9e\u00a0\u00bb lors de la distribution d&rsquo;aide \u00e0 Rafah.-<\/p>\n\n\n\n<p>Soumis \u00e0 de fortes pressions internationales, Isra\u00ebl a partiellement lev\u00e9 la semaine derni\u00e8re le blocus total qu&rsquo;il imposait \u00e0 la bande de Gaza depuis le 2 mars, officiellement pour contraindre le mouvement islamiste palestinien \u00e0 rel\u00e2cher les otages qu&rsquo;il d\u00e9tient encore.<\/p>\n\n\n\n<p>Depuis lors, plusieurs centaines de camions d&rsquo;aide ont \u00e9t\u00e9 autoris\u00e9s par Isra\u00ebl \u00e0 entrer dans le petit territoire affam\u00e9 et d\u00e9vast\u00e9 par la guerre.<\/p>\n\n\n\n<p>Mais l&rsquo;ONU d\u00e9nonce les \u00ab\u00a0obstacles ahurissants\u00a0\u00bb impos\u00e9s selon elle par Isra\u00ebl et entravant le travail de ses agences, Isra\u00ebl accusant en retour les Nations unies de refuser \u00ab\u00a0de faire (leur) travail\u00a0\u00bb.<\/p>\n\n\n\n<p>La guerre d\u00e9clench\u00e9e par le Hamas est entr\u00e9e mercredi dans son 600e jour sans espoir de tr\u00eave des bombardements isra\u00e9liens sur Gaza ni de lib\u00e9ration des otages d\u00e9tenus depuis l&rsquo;attaque du mouvement islamiste le 7 octobre 2023.<\/p>\n\n\n\n<h2 class=\"wp-block-heading\">Soutien aux otages<\/h2>\n\n\n\n<p>Dans la bande de Gaza, des frappes isra\u00e9liennes ont fait 16 morts depuis minuit, selon Mahmoud Bassal, porte-parole de la D\u00e9fense civile du territoire.<\/p>\n\n\n\n<p>A l&rsquo;appel du Forum des familles, principale organisation isra\u00e9lienne plaidant pour un cessez-le-feu qui permettrait la lib\u00e9ration des otages, des centaines de personnes ont commenc\u00e9 \u00e0 se r\u00e9unir \u00e0 des carrefours en Isra\u00ebl \u00e0 06h29 (03h29 GMT), heure \u00e0 laquelle a commenc\u00e9 l&rsquo;attaque du Hamas sur le sud du pays il y a 600 jours.<\/p>\n\n\n\n<p>Les manifestants se sont rassembl\u00e9s le long de rubans jaunes g\u00e9ants, symbole des otages d\u00e9tenus dans la bande de Gaza. Des pancartes ont \u00e9t\u00e9 plac\u00e9es le long des routes avec le chiffre 600. Les manifestants ont bloqu\u00e9 la principale autoroute urbaine de Tel-Aviv, selon un photographe de l&rsquo;AFP.<\/p>\n\n\n\n<figure class=\"wp-block-image\"><img decoding=\"async\" src=\"https:\/\/information.tv5monde.com\/sites\/tv5-info\/files\/styles\/entete\/public\/2025-05\/field_media_image-2927196-06eb3c66a15808f883c2fc51d58690cdd5b975e1.jpg?itok=ywW2ITqW\" alt=\"Des proches d'otages isra\u00e9liens d\u00e9tenus \u00e0 Gaza forment un ruban jaune sur une plage de Tel-Aviv pour r\u00e9clamer leur retour, le 28 mai 2025\" title=\"Des proches d'otages isra\u00e9liens d\u00e9tenus \u00e0 Gaza forment un ruban jaune sur une plage de Tel-Aviv pour r\u00e9clamer leur retour, le 28 mai 2025\"\/><\/figure>\n\n\n\n<p>Des proches d&rsquo;otages isra\u00e9liens d\u00e9tenus \u00e0 Gaza forment un ruban jaune sur une plage de Tel-Aviv pour r\u00e9clamer leur retour, le 28 mai 2025<\/p>\n\n\n\n<p>AFP Jack GUEZ<\/p>\n\n\n\n<p>L&rsquo;attaque du 7 octobre a entra\u00een\u00e9 la mort de 1.218 personnes c\u00f4t\u00e9 isra\u00e9lien, en majorit\u00e9 des civils, selon un d\u00e9compte de l&rsquo;AFP \u00e9tabli \u00e0 partir de donn\u00e9es officielles. Sur 251 personnes enlev\u00e9es durant l&rsquo;attaque, 57 restent retenues dans Gaza, dont au moins 34 sont mortes, selon les autorit\u00e9s isra\u00e9liennes.<\/p>\n\n\n\n<p>Plus de 54.084 Palestiniens, majoritairement des civils, ont \u00e9t\u00e9 tu\u00e9s par la campagne de repr\u00e9sailles isra\u00e9liennes, selon des donn\u00e9es du minist\u00e8re de la Sant\u00e9 du Hamas, jug\u00e9es fiables par l&rsquo;ONU.<\/p>\n\n\n\n<p>Par l&rsquo;\u00e9quipe de l&rsquo;AFP dans la bande de Gaza, avec Marc JOURDIER \u00e0 J\u00e9rusalem \u00a9 2025 AFP<\/p>\n","protected":false},"excerpt":{"rendered":"<p>Un haut responsable de l&rsquo;ONU a d\u00e9nonc\u00e9 mercredi comme \u00ab\u00a0une distraction\u00a0\u00bb indigne le nouveau syst\u00e8me de distribution d&rsquo;aide mis en<\/p>\n","protected":false},"author":1,"featured_media":57357,"comment_status":"open","ping_status":"open","sticky":false,"template":"","format":"standard","meta":{"footnotes":""},"categories":[51],"tags":[],"class_list":["post-57356","post","type-post","status-publish","format-standard","has-post-thumbnail","hentry","category-general"],"_links":{"self":[{"href":"https:\/\/dekkbi.com\/index.php?rest_route=\/wp\/v2\/posts\/57356","targetHints":{"allow":["GET"]}}],"collection":[{"href":"https:\/\/dekkbi.com\/index.php?rest_route=\/wp\/v2\/posts"}],"about":[{"href":"https:\/\/dekkbi.com\/index.php?rest_route=\/wp\/v2\/types\/post"}],"author":[{"embeddable":true,"href":"https:\/\/dekkbi.com\/index.php?rest_route=\/wp\/v2\/users\/1"}],"replies":[{"embeddable":true,"href":"https:\/\/dekkbi.com\/index.php?rest_route=%2Fwp%2Fv2%2Fcomments&post=57356"}],"version-history":[{"count":2,"href":"https:\/\/dekkbi.com\/index.php?rest_route=\/wp\/v2\/posts\/57356\/revisions"}],"predecessor-version":[{"id":57365,"href":"https:\/\/dekkbi.com\/index.php?rest_route=\/wp\/v2\/posts\/57356\/revisions\/57365"}],"wp:featuredmedia":[{"embeddable":true,"href":"https:\/\/dekkbi.com\/index.php?rest_route=\/wp\/v2\/media\/57357"}],"wp:attachment":[{"href":"https:\/\/dekkbi.com\/index.php?rest_route=%2Fwp%2Fv2%2Fmedia&parent=57356"}],"wp:term":[{"taxonomy":"category","embeddable":true,"href":"https:\/\/dekkbi.com\/index.php?rest_route=%2Fwp%2Fv2%2Fcategories&post=57356"},{"taxonomy":"post_tag","embeddable":true,"href":"https:\/\/dekkbi.com\/index.php?rest_route=%2Fwp%2Fv2%2Ftags&post=57356"}],"curies":[{"name":"wp","href":"https:\/\/api.w.org\/{rel}","templated":true}]}}