{"id":57350,"date":"2025-05-28T11:05:35","date_gmt":"2025-05-28T11:05:35","guid":{"rendered":"https:\/\/dekkbi.com\/?p=57350"},"modified":"2025-05-28T11:28:03","modified_gmt":"2025-05-28T11:28:03","slug":"cinquante-ans-apres-sa-creation-quel-bilan-pour-la-cedeao","status":"publish","type":"post","link":"https:\/\/dekkbi.com\/?p=57350","title":{"rendered":"50ans apr\u00e8s sa cr\u00e9ation, quel bilan pour la C\u00e9d\u00e9ao?"},"content":{"rendered":"\n<p>La Communaut\u00e9 \u00e9conomique des \u00c9tats de l&rsquo;Afrique de l&rsquo;Ouest (C\u00e9d\u00e9ao) est n\u00e9e le 28 mai 1975, suite&nbsp;la signature du Trait\u00e9 de Lagos. \u00c0 l&rsquo;\u00e9poque, quinze pays se regroupent&nbsp;pour former un ensemble dont l&rsquo;int\u00e9gration \u00e9conomique est le premier moteur.&nbsp;Depuis, l&rsquo;organisation a fait du chemin. Mais, 50 ans plus tard, la C\u00e9d\u00e9ao fait face \u00e0 de nombreux d\u00e9fis.<\/p>\n\n\n\n<p>Le principal acquis, 50 ans apr\u00e8s la cr\u00e9ation de la\u00a0<strong>C\u00e9d\u00e9ao<\/strong>, c\u2019est la libre circulation des biens et des personnes. Un seul document de voyage est aujourd&rsquo;hui n\u00e9cessaire pour traverser 12 pays. Cela a permis \u00e0 des B\u00e9ninois, des Ghan\u00e9ens ou encore des S\u00e9n\u00e9galais de s&rsquo;installer, par exemple \u00e0 Lagos, en vertu de cette libre circulation des biens et des personnes.<\/p>\n\n\n\n<p>Fini les expulsions massives des ressortissants ouest-africains qu\u2019on a connu dans les ann\u00e9es 1970. C\u2019est un acquis&nbsp;qui a permis notamment d&rsquo;accro\u00eetre la coh\u00e9sion \u00e9conomique entre les \u00c9tats membres, comme l&rsquo;explique Nazif Abdullahi, le commissaire aux Affaires internes de la C\u00e9d\u00e9ao.<\/p>\n\n\n\n<blockquote class=\"wp-block-quote is-layout-flow wp-block-quote-is-layout-flow\">\n<p>Si vous allez au Niger aujourd&rsquo;hui, [le groupe nig\u00e9rian, NDLR] Dangote est implant\u00e9 sur place. Si vous allez \u00e0 Abidjan, vous verrez des commer\u00e7ants ghan\u00e9ens. Vous verrez des hommes d&rsquo;affaires. Si vous allez au S\u00e9n\u00e9gal, vous verrez des commer\u00e7ants et des entreprises de C\u00f4te d&rsquo;Ivoire qui font de la vente au d\u00e9tail et qui s&rsquo;engagent \u00e9galement dans la manufacture sur place. La C\u00e9d\u00e9ao fait des efforts suppl\u00e9mentaires pour s&rsquo;assurer que le niveau d&rsquo;int\u00e9gration et de coh\u00e9sion \u00e9conomique qui a \u00e9t\u00e9 atteint se consolide. D&rsquo;autant plus qu&rsquo;une proportion significative de nos acteurs \u00e9conomiques op\u00e8rent encore dans le secteur informel. Ce n&rsquo;est pas ce que nous souhaitons, mais nous sommes certainement bien mieux lotis qu&rsquo;en 1975. Nous avons parcouru un long chemin en termes de facilitation du commerce et des \u00e9changes \u00e9conomiques entre nous.<br><\/p>\n\n\n\n<p>Le Commissaire aux Affaires internes de la C\u00e9d\u00e9ao, le Nig\u00e9rian Nazif AbdullahiMo\u00efse Gomis<\/p>\n<\/blockquote>\n\n\n\n<p>Mais tout cela ne s&rsquo;est pas fait sans difficult\u00e9, pointe notre envoy\u00e9 sp\u00e9cial \u00e0 Lagos,&nbsp;<strong>Serge Daniel<\/strong>. L\u2019int\u00e9gration \u00e9conomique fonctionne en dents de scie. Le commerce intrar\u00e9gional stagne \u00e0 moins de 15% du total des exportations. En mati\u00e8re d\u2019infrastructures, le corridor Lagos-Abidjan est une r\u00e9alit\u00e9, mais de nombreux autres chantiers sont inachev\u00e9s.<\/p>\n\n\n\n<p>Le probl\u00e8me de la monnaie commune n\u2019est toujours pas r\u00e9gl\u00e9. Il y a un v\u00e9ritable probl\u00e8me de leadership au sein de la C\u00e9d\u00e9ao : sur quatre ressortissants de la sous-r\u00e9gion, trois sont Nig\u00e9rians.&nbsp;Il y a un poids d\u00e9mographique, \u00e9conomique du pays, mais le Nig\u00e9ria d\u2019aujourd\u2019hui n\u2019est plus celui des ann\u00e9es 90. Et l\u2019une autre faiblesse de la C\u00e9d\u00e9ao, c&rsquo;est que tr\u00e8s peu d\u2019\u00c9tats sont \u00e0 jour de cotisation et l\u2019organisation est financ\u00e9e notamment par des pays occidentaux.<\/p>\n\n\n\n<h2 class=\"wp-block-heading\">Le syst\u00e8me d&rsquo;\u00e9change d&rsquo;\u00e9nergie&nbsp;\u00e9lectrique, une grande r\u00e9ussite<\/h2>\n\n\n\n<p>Parmi les r\u00e9ussites de la C\u00e9d\u00e9ao, il y a notamment le syst\u00e8me d\u2019\u00e9change d&rsquo;\u00e9nergie \u00e9lectrique ouest-africain (WAPP) qui a permis de mutualiser la production et le transport d\u2019\u00e9lectricit\u00e9 en Afrique de l\u2019Ouest. Au total, 7 000 kilom\u00e8tres de lignes \u00e9lectriques sont \u00e0 ce jour interconnect\u00e9es, soit 4 terawatts-heure par an, le double de ce qui est \u00e9chang\u00e9 entre les pays d&rsquo;Afrique de l&rsquo;Est, par exemple. L&rsquo;objectif est d&rsquo;atteindre 16 000 km de lignes interconnect\u00e9es dans cinq ans.<\/p>\n\n\n\n<p>L\u2019expert international en \u00e9nergie Serge Dioman en est ainsi convaincu, le march\u00e9 ouest-africain de l\u2019\u00e9lectricit\u00e9 est \u00e0 mettre au cr\u00e9dit de la C\u00e9d\u00e9ao. \u00ab&nbsp;<em>Diff\u00e9rents pays arrivent \u00e0 mettre de fa\u00e7on communautaire leur production ensemble et il existe un march\u00e9 qui est en train de se mettre en place sur la partie transports d&rsquo;\u00e9nergie. Des pays qui, aujourd&rsquo;hui, sont moins nantis en termes de sources \u00e9lectrog\u00e8nes de production peuvent acheter de l&rsquo;\u00e9nergie par le r\u00e9seau des transports, notamment celui du WAPP qui est le West African Power Pool&nbsp;<\/em>\u00bb, souligne-t-il au micro de&nbsp;<strong>Claire Fages<\/strong>.<\/p>\n\n\n\n<blockquote class=\"wp-block-quote is-layout-flow wp-block-quote-is-layout-flow\">\n<p>Nous avons lanc\u00e9 d\u00e9but 2018 ce qu&rsquo;on appelle le march\u00e9 r\u00e9gional de l&rsquo;\u00e9lectricit\u00e9 o\u00f9, \u00e0 Cotonou exactement, nous avons un centre r\u00e9gional de vente et d&rsquo;achat d&rsquo;\u00e9nergie. Un pays, qui a un d\u00e9ficit, peut faire appel et on regarde dans la r\u00e9gion o\u00f9 est ce qu&rsquo;il y a un exc\u00e9dent pour lui vendre cette \u00e9nergie. Une \u00e9nergie consomm\u00e9e au Nigeria peut-\u00eatre vient-elle de la Guin\u00e9e-Bissau et vice versa ou elle vient du Lib\u00e9ria et vice versa. Notre objectif, c&rsquo;est de baisser le tarif de l&rsquo;\u00e9lectricit\u00e9. C&rsquo;est pour cela que nous avons mis en place depuis 2009 l&rsquo;Autorit\u00e9 r\u00e9gionale de r\u00e9gulation, qui est une agence sp\u00e9cialis\u00e9e de la C\u00e9d\u00e9ao. Agence qui est \u00e0 Accra, au Ghana. Le but, in fine, c&rsquo;est que la demande soit couverte, au moins d&rsquo;ici \u00e0 2030, \u00e0 70 ou 75% \u00e0 l&rsquo;\u00e9chelle r\u00e9gionale. C&rsquo;est cela notre objectif.<\/p>\n<\/blockquote>\n\n\n\n<p>00:54<\/p>\n\n\n\n<p>Le Commissaire aux infrastructures et aux \u00e9nergies de la C\u00e9d\u00e9ao, le Nig\u00e9rien Sediko DoukaMo\u00efse Gomis<\/p>\n\n\n\n<p>La C\u00e9d\u00e9ao, cadre de r\u00e9glementation, a aussi facilit\u00e9 le financement des infrastructures \u00e9lectriques, estime Sylvie Maheux, ex-chef des investissements du d\u00e9partement \u00e9nergie de la Banque africaine de d\u00e9veloppement (BAD) : \u00ab&nbsp;<em>Comme la C\u00e9d\u00e9ao avait quand m\u00eame ses connexions avec les bailleurs de fonds, elle a pu aider \u00e0 coordonner les investissements et \u00e0 mobiliser plusieurs bailleurs pour appuyer le WAPP et pour le faire grandir.&nbsp;<\/em>\u00bb<\/p>\n\n\n\n<p><strong>Newsletter<\/strong>Recevez toute l&rsquo;actualit\u00e9 internationale directement dans votre boite mail<a href=\"https:\/\/emailing.rfi.fr\/fr\/subscribe\" target=\"_blank\" rel=\"noreferrer noopener\">Je m&rsquo;abonne<\/a><\/p>\n\n\n\n<p>Selon cette sp\u00e9cialiste, le d\u00e9part de la C\u00e9d\u00e9ao des \u00c9tats de l\u2019AES ne remettra pas en question les interconnections en cours d\u2019ach\u00e8vement mais il pourrait compliquer les futurs projets r\u00e9gionaux d\u2019ouvrages \u00e9lectriques.<\/p>\n\n\n\n<h2 class=\"wp-block-heading\">Une organisation pionni\u00e8re, mais une crise de l\u00e9gitimit\u00e9&nbsp;<\/h2>\n\n\n\n<p>Aux yeux de Carlos Lopes, \u00e9conomiste bissau-guin\u00e9en, professeur \u00e0 la Nelson Mandela School of Public Governance de l\u2019Universit\u00e9 du Cap, la C\u00e9d\u00e9ao \u00ab&nbsp;<em>avait brillamment commenc\u00e9 son parcours, c&rsquo;\u00e9tait le mod\u00e8le le plus avanc\u00e9 d&rsquo;int\u00e9gration r\u00e9gionale en Afrique&nbsp;<\/em>\u00bb. \u00ab&nbsp;<em>La C\u00e9d\u00e9ao a \u00e9t\u00e9 pionni\u00e8re en mati\u00e8re de libre circulation des personnes, de lever des barri\u00e8res frontali\u00e8res et surtout d&rsquo;intervention collective dans des contextes de crise s\u00e9curitaire, comme au Liberia et en Sierra L\u00e9one.&nbsp;<\/em>\u00bb<\/p>\n\n\n\n<p>Mais aujourd&rsquo;hui, elle traverse selon lui une grave crise de l\u00e9gitimit\u00e9. \u00ab&nbsp;<em>Au fil du temps, la C\u00e9d\u00e9ao a perdu en coh\u00e9rence sur les grands dossiers politiques et d\u00e9sormais aussi \u00e9conomiques. Le projet de monnaie unique, par exemple, l&rsquo;ECO, en est venu \u00e0 symboliser la lente d\u00e9sint\u00e9gration du consensus<\/em>, poursuit Carlos Lopes.&nbsp;<em>C&rsquo;est une perte de cap&nbsp;! &nbsp;Et cette perte de cap a conduit \u00e0 une \u00e9rosion progressive de la l\u00e9gitimit\u00e9 de la C\u00e9d\u00e9ao, amorc\u00e9e d\u00e8s le retrait de la Mauritanie [en 2000, NDLR], aujourd&rsquo;hui aggrav\u00e9e par la d\u00e9fection ouverte de trois \u00c9tats : le Burkina Faso, le Niger et le Mali. C&rsquo;est le moment vraiment pour que la C\u00e9d\u00e9ao puisse se relever. Ou bien, elle cessera, pas vraiment d&rsquo;exister, mais de compter.<\/em>&nbsp;\u00bb<\/p>\n\n\n\n<p>Embargo, sanctions&#8230; La gestion de ces dossiers a manqu\u00e9 de tact et de r\u00e9alisme. Ce qui se dessine, c\u2019est donc une cohabitation sans tension entre la C\u00e9d\u00e9ao et&nbsp;<strong><a href=\"https:\/\/www.rfi.fr\/fr\/tag\/alliance-des-%C3%A9tats-du-sahel\/\">l\u2019Alliance des \u00c9tats du Sahel<\/a><\/strong>. Certains ici \u00e0 Lagos, notamment des ONGs, exigent que soient respect\u00e9es par tous les normes r\u00e9gionales de bonne gouvernance et le respect des constitutions. En clair, l\u2019organisation, en 50 ans, n\u2019a pas v\u00e9ritablement d\u00e9coll\u00e9 sur le plan politique, sans oublier les probl\u00e8mes de s\u00e9curit\u00e9 dans l\u2019espace.<\/p>\n\n\n\n<p>\u00c0 lire aussi<a href=\"https:\/\/www.rfi.fr\/fr\/connaissances\/20250528-1975-naissance-de-la-c%C3%A9d%C3%A9ao-l-unit%C3%A9-dans-la-rivalit%C3%A9\">1975, naissance de la C\u00e9d\u00e9ao: l\u2019unit\u00e9 dans la rivalit\u00e9<\/a><\/p>\n\n\n\n<p><strong>Un cinquanti\u00e8me anniversaire sous le signe de la comm\u00e9moration et de la r\u00e9flexion<\/strong><\/p>\n\n\n\n<p>Cinquante ans apr\u00e8s sa cr\u00e9ation, les 12 pays membres vont se retrouver l\u00e0 o\u00f9 tout a commenc\u00e9, \u00e0 l&rsquo;Institut Nig\u00e9rian des Affaires internationales \u00e0 Lagos. Il n\u2019y aura pas de concert g\u00e9ant, ni de spectacle pyrotechnique, ni de bals populaires aujourd&rsquo;hui pour ces 50 ans de la C\u00e9d\u00e9ao. Pourtant, Lagos est une m\u00e9gapole, qui sait faire la f\u00eate.<\/p>\n\n\n\n<p>Mais ce cinquantenaire du Trait\u00e9 de Lagos devrait se d\u00e9rouler avant tout sous le signe de la comm\u00e9moration et de la r\u00e9flexion, rapporte correspondant \u00e0 Lagos,&nbsp;<strong>Mo\u00efse Gomis<\/strong>. Le G\u00e9n\u00e9ral nig\u00e9rian Yakubu Gowon sera d&rsquo;ailleurs l&rsquo;une des t\u00eates d&rsquo;affiche tout au long de la journ\u00e9e.<\/p>\n\n\n\n<p>\u00c0 90 ans, le dernier p\u00e8re fondateur encore vivant de l&rsquo;organisation ouest africaine devrait t\u00e9moigner devant notamment les Chefs d&rsquo;Etats et des Chefs de Gouvernement des 12 \u00c9tats membres.&nbsp;Jusqu&rsquo;\u00e0 ce mardi soir, soit la veille de ce jubil\u00e9, la pr\u00e9sence des 3 dirigeants des 3 pays sortis depuis janvier dernier de la C\u00e9d\u00e9ao n&rsquo;\u00e9taient pas officiellement annonc\u00e9s. N\u00e9anmoins, Bola Ahmed Tinubu, grand h\u00f4te de ce jubil\u00e9 ne boudera certainement pas son plaisir aujourd&rsquo;hui. Car c&rsquo;est sous son mandat de pr\u00e9sident du Nigeria que la C\u00e9d\u00e9ao c\u00e9l\u00e8bre ses 50 ans.<\/p>\n","protected":false},"excerpt":{"rendered":"<p>La Communaut\u00e9 \u00e9conomique des \u00c9tats de l&rsquo;Afrique de l&rsquo;Ouest (C\u00e9d\u00e9ao) est n\u00e9e le 28 mai 1975, suite&nbsp;la signature du Trait\u00e9<\/p>\n","protected":false},"author":1,"featured_media":57351,"comment_status":"open","ping_status":"open","sticky":false,"template":"","format":"standard","meta":{"footnotes":""},"categories":[51],"tags":[],"class_list":["post-57350","post","type-post","status-publish","format-standard","has-post-thumbnail","hentry","category-general"],"_links":{"self":[{"href":"https:\/\/dekkbi.com\/index.php?rest_route=\/wp\/v2\/posts\/57350","targetHints":{"allow":["GET"]}}],"collection":[{"href":"https:\/\/dekkbi.com\/index.php?rest_route=\/wp\/v2\/posts"}],"about":[{"href":"https:\/\/dekkbi.com\/index.php?rest_route=\/wp\/v2\/types\/post"}],"author":[{"embeddable":true,"href":"https:\/\/dekkbi.com\/index.php?rest_route=\/wp\/v2\/users\/1"}],"replies":[{"embeddable":true,"href":"https:\/\/dekkbi.com\/index.php?rest_route=%2Fwp%2Fv2%2Fcomments&post=57350"}],"version-history":[{"count":2,"href":"https:\/\/dekkbi.com\/index.php?rest_route=\/wp\/v2\/posts\/57350\/revisions"}],"predecessor-version":[{"id":57359,"href":"https:\/\/dekkbi.com\/index.php?rest_route=\/wp\/v2\/posts\/57350\/revisions\/57359"}],"wp:featuredmedia":[{"embeddable":true,"href":"https:\/\/dekkbi.com\/index.php?rest_route=\/wp\/v2\/media\/57351"}],"wp:attachment":[{"href":"https:\/\/dekkbi.com\/index.php?rest_route=%2Fwp%2Fv2%2Fmedia&parent=57350"}],"wp:term":[{"taxonomy":"category","embeddable":true,"href":"https:\/\/dekkbi.com\/index.php?rest_route=%2Fwp%2Fv2%2Fcategories&post=57350"},{"taxonomy":"post_tag","embeddable":true,"href":"https:\/\/dekkbi.com\/index.php?rest_route=%2Fwp%2Fv2%2Ftags&post=57350"}],"curies":[{"name":"wp","href":"https:\/\/api.w.org\/{rel}","templated":true}]}}