{"id":57315,"date":"2025-05-28T10:03:50","date_gmt":"2025-05-28T10:03:50","guid":{"rendered":"https:\/\/dekkbi.com\/?p=57315"},"modified":"2025-05-28T10:03:51","modified_gmt":"2025-05-28T10:03:51","slug":"cote-divoire-ouverture-des-assemblees-annuelles-de-la-bad","status":"publish","type":"post","link":"https:\/\/dekkbi.com\/?p=57315","title":{"rendered":"C\u00f4te-d\u2019Ivoire : ouverture des Assembl\u00e9es annuelles de la BAD"},"content":{"rendered":"\n<p>(APS) \u2013 Les travaux des Assembl\u00e9es annuelles du groupe de la Banque africaine de d\u00e9veloppement (BAD) ont d\u00e9marr\u00e9, lundi, \u00e0 Abidjan (C\u00f4te d\u2019Ivoire) sous le th\u00e8me \u201dTirer le meilleur parti du capital de l\u2019Afrique pour favoriser son d\u00e9veloppement\u201d.<\/p>\n\n\n\n<p>L\u2019objectif est d\u2019offrir au continent une opportunit\u00e9 de renforcer son march\u00e9 int\u00e9rieur, diversifier ses partenaires commerciaux et reprendre le contr\u00f4le de son destin \u00e9conomique, a appris l\u2019APS de l\u2019institution financi\u00e8re.<\/p>\n\n\n\n<p>Selon la m\u00eame source, la th\u00e9matique retenue cette ann\u00e9e invite \u201dles pays membres r\u00e9gionaux de l\u2019institution \u00e0 se tourner vers leur continent pour identifier et exploiter les diverses ressources en capital de l\u2019Afrique \u2013 humaines, naturelles, financi\u00e8res et \u00e9conomiques \u2013 afin de favoriser sa transformation structurelle\u201d.<\/p>\n\n\n\n<p>Plus de 6 000 d\u00e9l\u00e9gu\u00e9s, dont des chefs d\u2019\u00c9tat et de gouvernement africains, des ministres des Finances, des gouverneurs de banques centrales, des partenaires du d\u00e9veloppement, des repr\u00e9sentants du secteur priv\u00e9 vont prendre part \u00e0 ces assises qui se tiennent dans un contexte de mutation du commerce mondial.<\/p>\n\n\n\n<p>Des dirigeants de la soci\u00e9t\u00e9 civile, des universitaires, des groupes de r\u00e9flexion et des leaders d\u2019opinion, des ONG et autres parties prenantes sont attendus \u00e0 cet \u00e9v\u00e8nement qui va se poursuivre&nbsp;&nbsp;jusqu\u2019au vendredi.<\/p>\n\n\n\n<p>Les gouverneurs du Groupe de la Banque africaine de d\u00e9veloppement vont \u00e9lire, jeudi, le successeur du nig\u00e9rian, Akinwumi Adesina dont le second mandat arrive \u00e0 terme le 31 ao\u00fbt prochain.<\/p>\n\n\n\n<p>Cinq candidats sont en lice dont le s\u00e9n\u00e9galais Amadou Hott, ancien ministre de l\u2019\u00c9conomie, du Plan et de la Coop\u00e9ration, et ancien envoy\u00e9 sp\u00e9cial du pr\u00e9sident de la BAD pour l\u2019Alliance pour l\u2019infrastructure verte en Afrique.<\/p>\n","protected":false},"excerpt":{"rendered":"<p>(APS) \u2013 Les travaux des Assembl\u00e9es annuelles du groupe de la Banque africaine de d\u00e9veloppement (BAD) ont d\u00e9marr\u00e9, lundi, \u00e0<\/p>\n","protected":false},"author":1,"featured_media":57316,"comment_status":"open","ping_status":"open","sticky":false,"template":"","format":"standard","meta":{"footnotes":""},"categories":[3],"tags":[],"class_list":["post-57315","post","type-post","status-publish","format-standard","has-post-thumbnail","hentry","category-event-more-news"],"_links":{"self":[{"href":"https:\/\/dekkbi.com\/index.php?rest_route=\/wp\/v2\/posts\/57315","targetHints":{"allow":["GET"]}}],"collection":[{"href":"https:\/\/dekkbi.com\/index.php?rest_route=\/wp\/v2\/posts"}],"about":[{"href":"https:\/\/dekkbi.com\/index.php?rest_route=\/wp\/v2\/types\/post"}],"author":[{"embeddable":true,"href":"https:\/\/dekkbi.com\/index.php?rest_route=\/wp\/v2\/users\/1"}],"replies":[{"embeddable":true,"href":"https:\/\/dekkbi.com\/index.php?rest_route=%2Fwp%2Fv2%2Fcomments&post=57315"}],"version-history":[{"count":1,"href":"https:\/\/dekkbi.com\/index.php?rest_route=\/wp\/v2\/posts\/57315\/revisions"}],"predecessor-version":[{"id":57317,"href":"https:\/\/dekkbi.com\/index.php?rest_route=\/wp\/v2\/posts\/57315\/revisions\/57317"}],"wp:featuredmedia":[{"embeddable":true,"href":"https:\/\/dekkbi.com\/index.php?rest_route=\/wp\/v2\/media\/57316"}],"wp:attachment":[{"href":"https:\/\/dekkbi.com\/index.php?rest_route=%2Fwp%2Fv2%2Fmedia&parent=57315"}],"wp:term":[{"taxonomy":"category","embeddable":true,"href":"https:\/\/dekkbi.com\/index.php?rest_route=%2Fwp%2Fv2%2Fcategories&post=57315"},{"taxonomy":"post_tag","embeddable":true,"href":"https:\/\/dekkbi.com\/index.php?rest_route=%2Fwp%2Fv2%2Ftags&post=57315"}],"curies":[{"name":"wp","href":"https:\/\/api.w.org\/{rel}","templated":true}]}}