{"id":57301,"date":"2025-05-28T09:35:47","date_gmt":"2025-05-28T09:35:47","guid":{"rendered":"https:\/\/dekkbi.com\/?p=57301"},"modified":"2025-05-28T09:35:48","modified_gmt":"2025-05-28T09:35:48","slug":"violence-basee-sur-le-genre-des-agents-de-police-judicaire-de-thies-formes-a-la-prise-en-charge-des-victimes","status":"publish","type":"post","link":"https:\/\/dekkbi.com\/?p=57301","title":{"rendered":"Violence bas\u00e9e sur le genre : des agents de police judicaire de Thi\u00e8s form\u00e9s \u00e0 la prise en charge des victimes"},"content":{"rendered":"\n<p>Thi\u00e8s, (APS) \u2013 Des agents de police judicaire en service dans la r\u00e9gion de Thi\u00e8s (ouest) ont boucl\u00e9, mardi, deux jours de renforcement de capacit\u00e9s en mati\u00e8re d\u2019accueil et de prise en charge des victimes de violences bas\u00e9es sur le genre, a constat\u00e9 l\u2019APS.<\/p>\n\n\n\n<p>Cette session de formation s\u2019inscrit dans le cadre du Projet d\u2019appui \u00e0 la strat\u00e9gie nationale pour l\u2019\u00e9quit\u00e9 et l\u2019\u00e9galit\u00e9 de genre (PASNEEG).<\/p>\n\n\n\n<p>\u201cLe choix port\u00e9 sur Thi\u00e8s pour accueillir ces deux jours de formation, est li\u00e9 au fait que Thi\u00e8s a un fort taux de pr\u00e9valence de violence bas\u00e9e sur le genre\u201d, a d\u00e9clar\u00e9 la commissaire de police Bintou Guiss\u00e9.<\/p>\n\n\n\n<p>\u201cCet \u00e9tat de fait est suffisant pour r\u00e9unir les acteurs de police judiciaire de Tivaouane, Mbour et Thi\u00e8s autour d\u2019une table pour discuter de l\u2019accueil et de la prise en charge des femmes, des enfants, des jeunes gar\u00e7ons, victimes de violence de toutes sortes\u201d, a-t-elle dit.<\/p>\n\n\n\n<p>La boutique de droit du d\u00e9partement de Thi\u00e8s a enregistr\u00e9 423 cas de consultations, dont 132 li\u00e9es \u00e0 des violences bas\u00e9es sur le genre, 241 relatifs au droit de la famille et 85% cas de consultations ont \u00e9t\u00e9 effectu\u00e9es par des femmes, a rapport\u00e9 la commissaire Guiss\u00e9.<\/p>\n\n\n\n<p>\u201cL\u2019aspect accueil, prise en charge des victimes de violence est extr\u00eamement important dans le travail quotidien de tout policier ou de tout gendarme\u201d, a-t-elle soulign\u00e9.<\/p>\n\n\n\n<p>\u201dNous sommes ce que l\u2019on appelle les primo intervenants\u201d, a relev\u00e9 Bintou Guiss\u00e9, ajoutant qu\u2019en raison de l\u2019importance de l\u2019accueil et de la prise en charge, \u201clorsqu\u2019ils sont rat\u00e9s, la victime ne poursuit pas le reste\u201d.<\/p>\n\n\n\n<p>Cela a motiv\u00e9 le PASNEEG \u00e0 travailler avec les forces de d\u00e9fense et de s\u00e9curit\u00e9, la police et la gendarmerie en particulier, en les r\u00e9unissant autour de cet atelier de formation, a indiqu\u00e9 la commissaire Guiss\u00e9.<\/p>\n\n\n\n<p>Elle fait remarquer que la prise en charge des victimes de violence fait intervenir plusieurs acteurs judiciaires, s\u00e9curitaires et sanitaires, \u00e0 travers, par exemple, les r\u00e9quisitions pour l\u2019obtention d\u2019un certificat m\u00e9dical.<\/p>\n\n\n\n<p>L\u2019aspect psycho-social, \u00e0 savoir l\u2019intervention, en cas de besoin, d\u2019un psychologue et de structures sociales pour accueillir les victimes qui n\u2019ont pas o\u00f9 aller, est tout aussi important, insiste-t-elle.<\/p>\n\n\n\n<p>Il peut arriver qu\u2019une victime, malgr\u00e9 une bonne prise en charge m\u00e9dicale et judiciaire, n\u2019ait pas de centre pour l\u2019accueillir et qu\u2019il faille, dans certains cas, sortir la victime du domicile familial, pour la conduire dans un centre ou une famille d\u2019accueil, afin de la soustraire des violences dont elle est victime, explique-t-elle.<\/p>\n\n\n\n<p>\u201cNous comptons sur l\u2019implication de tous les acteurs, pour nous permettre d\u2019\u00e9radiquer ce ph\u00e9nom\u00e8ne, surtout \u00e0 Thi\u00e8s, dans la mesure o\u00f9 il y a beaucoup de cas de d\u00e9c\u00e8s li\u00e9s aux violences bas\u00e9es sur le genre\u201d, a d\u00e9clar\u00e9 l\u2019adjoint au gouverneur de r\u00e9gion, charg\u00e9 du d\u00e9veloppement, Ababacar Sadikh Niang.<\/p>\n\n\n\n<p>BT\/ADI\/BK<\/p>\n","protected":false},"excerpt":{"rendered":"<p>Thi\u00e8s, (APS) \u2013 Des agents de police judicaire en service dans la r\u00e9gion de Thi\u00e8s (ouest) ont boucl\u00e9, mardi, deux<\/p>\n","protected":false},"author":1,"featured_media":13786,"comment_status":"open","ping_status":"open","sticky":false,"template":"","format":"standard","meta":{"footnotes":""},"categories":[26],"tags":[],"class_list":["post-57301","post","type-post","status-publish","format-standard","has-post-thumbnail","hentry","category-fait-divers"],"_links":{"self":[{"href":"https:\/\/dekkbi.com\/index.php?rest_route=\/wp\/v2\/posts\/57301","targetHints":{"allow":["GET"]}}],"collection":[{"href":"https:\/\/dekkbi.com\/index.php?rest_route=\/wp\/v2\/posts"}],"about":[{"href":"https:\/\/dekkbi.com\/index.php?rest_route=\/wp\/v2\/types\/post"}],"author":[{"embeddable":true,"href":"https:\/\/dekkbi.com\/index.php?rest_route=\/wp\/v2\/users\/1"}],"replies":[{"embeddable":true,"href":"https:\/\/dekkbi.com\/index.php?rest_route=%2Fwp%2Fv2%2Fcomments&post=57301"}],"version-history":[{"count":1,"href":"https:\/\/dekkbi.com\/index.php?rest_route=\/wp\/v2\/posts\/57301\/revisions"}],"predecessor-version":[{"id":57302,"href":"https:\/\/dekkbi.com\/index.php?rest_route=\/wp\/v2\/posts\/57301\/revisions\/57302"}],"wp:featuredmedia":[{"embeddable":true,"href":"https:\/\/dekkbi.com\/index.php?rest_route=\/wp\/v2\/media\/13786"}],"wp:attachment":[{"href":"https:\/\/dekkbi.com\/index.php?rest_route=%2Fwp%2Fv2%2Fmedia&parent=57301"}],"wp:term":[{"taxonomy":"category","embeddable":true,"href":"https:\/\/dekkbi.com\/index.php?rest_route=%2Fwp%2Fv2%2Fcategories&post=57301"},{"taxonomy":"post_tag","embeddable":true,"href":"https:\/\/dekkbi.com\/index.php?rest_route=%2Fwp%2Fv2%2Ftags&post=57301"}],"curies":[{"name":"wp","href":"https:\/\/api.w.org\/{rel}","templated":true}]}}