{"id":57299,"date":"2025-05-28T09:33:21","date_gmt":"2025-05-28T09:33:21","guid":{"rendered":"https:\/\/dekkbi.com\/?p=57299"},"modified":"2025-05-28T09:33:22","modified_gmt":"2025-05-28T09:33:22","slug":"foot-matchs-amicaux-des-lions-sadio-se-met-en-retrait-de-la-taniere","status":"publish","type":"post","link":"https:\/\/dekkbi.com\/?p=57299","title":{"rendered":"Foot \u2013 Matchs amicaux des Lions : Sadio se met en retrait de la Tani\u00e8re"},"content":{"rendered":"\n<p><strong>Pape Thiaw a d\u00e9voil\u00e9, hier, sa liste pour les matchs amicaux contre l\u2019Irlande et l\u2019Angleterre, les 6 et 10 juin 2025. Une liste de 26 joueurs marqu\u00e9e par l\u2019absence de Sadio Man\u00e9 qui \u00e9voque des \u00abraisons personnelles\u00bb.<\/strong><\/p>\n\n\n\n<p>Son absence de la liste de Pape Thiaw, d\u00e9voil\u00e9e hier, a \u00e9clips\u00e9 l\u2019arriv\u00e9e dans la Tani\u00e8re de jeunes prometteurs. Ce qui peut se comprendre, car Sadio Man\u00e9 n\u2019est pas n\u2019importe qui. Pour avoir marqu\u00e9 de son empreinte le football s\u00e9n\u00e9galais.<\/p>\n\n\n\n<p>On comprend du coup la surprise des confr\u00e8res \u00e0 l\u2019annonce par le s\u00e9lectionneur de son forfait pour les matchs amicaux contre l\u2019Irlande et l\u2019Angleterre. Et pire, sur les raisons avanc\u00e9es de cette absence, Pape Thiaw n\u2019a pas voulu trop en rajouter, malgr\u00e9 les relances des confr\u00e8res.<\/p>\n\n\n\n<p>\u00abC\u2019est une d\u00e9cision personnelle qui lui appartient, je la respecte en tant que s\u00e9lectionneur. C\u2019est un joueur tr\u00e8s important pour nous. Maintenant, je ne coache pas un joueur, mais 26 joueurs. Pour moi, le plus important, c\u2019est le collectif. J\u2019ai compos\u00e9 un groupe avec des joueurs disponibles, pr\u00eats \u00e0 se battre avec fiert\u00e9 pour le maillot national\u00bb, a tranch\u00e9 net le technicien s\u00e9n\u00e9galais. Qui ajoute ne pas vouloir commenter \u00abune d\u00e9cision personnelle\u00bb.<\/p>\n\n\n\n<p><strong>Pape Thiaw augmente la \u00abdose jeune\u00bb<\/strong><br>Si l\u2019ombre de Sadio Man\u00e9 a donc plan\u00e9 sur la liste de Pape Thiaw, faut noter cependant qu\u2019il y a de belles \u00e9claircies dans le groupe des 26 convoqu\u00e9s, avec l\u2019arriv\u00e9e d\u2019autres jeunes pousses, comme Mamadou Lamine Camara (22 ans) de la Rs Berkane et Idrissa Gu\u00e8ye (19 ans) du Fc Metz, ajout\u00e9e au retour de son co\u00e9quipier en club, Cheikh Tidiane Sabaly (22 ans). Justement, en parlant de retour, le s\u00e9lectionneur peut se frotter les mains pour avoir retrouv\u00e9 beaucoup de ses cadres qui \u00e9taient absents en mars dernier. On peut citer, entre autres, Isma\u00efl Jakobs, Habib Diarra, Iliman Ndiaye, Nicolas Jackson. Avec la belle forme de fin saison de Isma\u00efla Sarr, Pape Gu\u00e8ye, Path\u00e9 Ciss, le s\u00e9lectionneur tient un groupe de qualit\u00e9, pr\u00eat \u00e0 d\u00e9fier l\u2019ogre anglais.<\/p>\n\n\n\n<p><strong>Le regroupement finalement \u00e0 Dublin, le 2 juin<\/strong><br>Justement, revenant sur l\u2019enjeu des deux matchs de juin, pour \u00abl\u2019homme \u00e0 la talonnade\u00bb, ce sont deux tests grandeur nature en direction des deux prochaines journ\u00e9es des \u00e9liminatoires du Mondial 2026, avec la r\u00e9ception du Soudan et le d\u00e9placement en Rd Congo, d\u00e9but septembre.<\/p>\n\n\n\n<p>\u00abFace \u00e0 des \u00e9quipes europ\u00e9ennes de premier plan, on aura l\u2019opportunit\u00e9 de tester notre capacit\u00e9 \u00e0 imposer notre philosophie de jeu. Ces matchs amicaux permettront \u00e9galement de tester de nouvelles combinaisons et ajuster nos choix tactiques\u00bb, comme il l\u2019a rappel\u00e9 en conf\u00e9rence de presse.<\/p>\n\n\n\n<p>A noter que le regroupement, initialement pr\u00e9vu \u00e0 Diamniadio ce 30 mai, a finalement \u00e9t\u00e9 reprogramm\u00e9 au 2 juin, \u00e0 Dublin, en Irlande. Une information donn\u00e9e par le Dtn, Mayacine Mar, en marge de la conf\u00e9rence de presse. Une raison li\u00e9e au programme de certains joueurs convoqu\u00e9s qui jouent la finale de la Conference League, ce mercredi, et le barrage retour de Ligue 1 demain jeudi.<\/p>\n\n\n\n<p>Par Woury DIALLO \u2013\u00a0<strong>wdiallo@lequotidien.sn<\/strong><\/p>\n","protected":false},"excerpt":{"rendered":"<p>Pape Thiaw a d\u00e9voil\u00e9, hier, sa liste pour les matchs amicaux contre l\u2019Irlande et l\u2019Angleterre, les 6 et 10 juin<\/p>\n","protected":false},"author":1,"featured_media":10596,"comment_status":"open","ping_status":"open","sticky":false,"template":"","format":"standard","meta":{"footnotes":""},"categories":[9],"tags":[],"class_list":["post-57299","post","type-post","status-publish","format-standard","has-post-thumbnail","hentry","category-sports"],"_links":{"self":[{"href":"https:\/\/dekkbi.com\/index.php?rest_route=\/wp\/v2\/posts\/57299","targetHints":{"allow":["GET"]}}],"collection":[{"href":"https:\/\/dekkbi.com\/index.php?rest_route=\/wp\/v2\/posts"}],"about":[{"href":"https:\/\/dekkbi.com\/index.php?rest_route=\/wp\/v2\/types\/post"}],"author":[{"embeddable":true,"href":"https:\/\/dekkbi.com\/index.php?rest_route=\/wp\/v2\/users\/1"}],"replies":[{"embeddable":true,"href":"https:\/\/dekkbi.com\/index.php?rest_route=%2Fwp%2Fv2%2Fcomments&post=57299"}],"version-history":[{"count":1,"href":"https:\/\/dekkbi.com\/index.php?rest_route=\/wp\/v2\/posts\/57299\/revisions"}],"predecessor-version":[{"id":57300,"href":"https:\/\/dekkbi.com\/index.php?rest_route=\/wp\/v2\/posts\/57299\/revisions\/57300"}],"wp:featuredmedia":[{"embeddable":true,"href":"https:\/\/dekkbi.com\/index.php?rest_route=\/wp\/v2\/media\/10596"}],"wp:attachment":[{"href":"https:\/\/dekkbi.com\/index.php?rest_route=%2Fwp%2Fv2%2Fmedia&parent=57299"}],"wp:term":[{"taxonomy":"category","embeddable":true,"href":"https:\/\/dekkbi.com\/index.php?rest_route=%2Fwp%2Fv2%2Fcategories&post=57299"},{"taxonomy":"post_tag","embeddable":true,"href":"https:\/\/dekkbi.com\/index.php?rest_route=%2Fwp%2Fv2%2Ftags&post=57299"}],"curies":[{"name":"wp","href":"https:\/\/api.w.org\/{rel}","templated":true}]}}