{"id":57273,"date":"2025-05-27T10:38:33","date_gmt":"2025-05-27T10:38:33","guid":{"rendered":"https:\/\/dekkbi.com\/?p=57273"},"modified":"2025-05-27T10:50:45","modified_gmt":"2025-05-27T10:50:45","slug":"au-vietnam-macron-propose-une-troisieme-voie-face-aux-grandes-puissances","status":"publish","type":"post","link":"https:\/\/dekkbi.com\/?p=57273","title":{"rendered":"Au Vietnam, Macron propose une 3\u00e8 voie face aux grandes puissances"},"content":{"rendered":"\n<p>Apr\u00e8s la signature de neuf milliards d&rsquo;euros de contrats commerciaux lundi, le pr\u00e9sident fran\u00e7ais avait ce mardi 27 mai rendez-vous avec la jeunesse vietnamienne. Il doit ensuite se rendre en Indon\u00e9sie et \u00e0 Singapour pour sa tourn\u00e9e en Asie du Sud-Est.<\/p>\n\n\n\n<p>RFI avec AFP &#8211; <em>Avec notre envoy\u00e9 sp\u00e9cial \u00e0 Hano\u00ef,\u00a0<strong>Nicolas Rocca<\/strong><\/em><\/p>\n\n\n\n<p>Emmanuel Macron a rencontr\u00e9 des \u00e9tudiants ce mardi. Il \u00e9tait \u00e0 l&rsquo;Universit\u00e9 des sciences des technologies d\u2019Hano\u00ef, fruit d\u2019un projet commun entre les deux pays. Il a prononc\u00e9 un tr\u00e8s long discours, \u00e9voquant l\u2019instabilit\u00e9 g\u00e9opolitique, les changements climatiques, l\u2019intelligence artificielle et a trac\u00e9 sa ligne, celle d\u2019un partenaire \u00ab<em>&nbsp;respectant la souverainet\u00e9 des pays<\/em>&nbsp;\u00bb, alternative \u00e0 la Chine, aux \u00c9tats-Unis, mais aussi la Russie.<\/p>\n\n\n\n<p>Sans jamais la nommer, il a multipli\u00e9 les allusions \u00e0 Moscou, historiquement tr\u00e8s proche du\u00a0<strong>Vietnam<\/strong>. \u00ab<strong><em>\u00a0<\/em><\/strong><em>Nous avons des grandes puissances du monde qui ont d\u00e9cid\u00e9 de ne plus respecter le droit international et de ne plus vouloir la paix\u00a0<\/em>\u00bb, \u00ab<em>\u00a0la souverainet\u00e9 des peuples et l&rsquo;int\u00e9grit\u00e9 territoriale deviennent contest\u00e9es, y compris par des grandes puissances membres permanents du Conseil de s\u00e9curit\u00e9<\/em>\u00a0\u00bb de l&rsquo;ONU, a-t-il profess\u00e9.<\/p>\n\n\n\n<h2 class=\"wp-block-heading\"><strong>Alternative aux grandes puissances<\/strong><\/h2>\n\n\n\n<p>&nbsp;\u00c0 l&rsquo;attention de P\u00e9kin, oppos\u00e9 \u00e0 Hano\u00ef sur la souverainet\u00e9 d&rsquo;\u00eelots au large du Vietnam, il a estim\u00e9 qu&rsquo;\u00eatre oblig\u00e9 de rappeler \u00ab<em>&nbsp;que la libert\u00e9 de navigation, la libert\u00e9 maritime est importante pour la mer de Chine m\u00e9ridionale, c&rsquo;est bien que quelque chose se passe qui inqui\u00e8te tout le monde<\/em>&nbsp;\u00bb. Avant de d\u00e9plorer l&rsquo;attitude des \u00c9tats-Unis: \u00ab<em>&nbsp;la premi\u00e8re \u00e9conomie du monde d\u00e9cide de ne plus (&#8230;) respecter les r\u00e8gles&nbsp;\u00bb<\/em>&nbsp;du commerce international et&nbsp;<em>\u00ab&nbsp;met des tarifs qui changent selon les matins o\u00f9 l&rsquo;on se r\u00e9veille<\/em>&nbsp;\u00bb.<\/p>\n\n\n\n<p>Une critique qui r\u00e9sonne au moment o\u00f9 les dirigeants de l&rsquo;<strong>Association des nations de l&rsquo;Asie du Sud-Est\u00a0<\/strong>(Asean), r\u00e9unis en sommet en Malaisie, affichent leur qu\u00eate de partenaires pour diversifier leurs r\u00e9seaux commerciaux face aux menaces douani\u00e8res du pr\u00e9sident am\u00e9ricain. Face \u00e0 cette situation, le pr\u00e9sident fran\u00e7ais propose \u00e0 cette partie du monde au c\u0153ur de la confrontation sino-am\u00e9ricaine de \u00ab<em>\u00a0ne pas d\u00e9pendre<\/em>\u00a0\u00bb de Washington et P\u00e9kin, et donc de b\u00e2tir ensemble \u00ab\u00a0<em>un chemin de libert\u00e9<\/em>\u00a0\u00bb et de \u00ab\u00a0<em>souverainet\u00e9<\/em>\u00a0\u00bb.<\/p>\n\n\n\n<h2 class=\"wp-block-heading\"><strong>Direction Jakarta pour d\u2019autres accords<\/strong><\/h2>\n\n\n\n<p>Paris esp\u00e8re que ce positionnement se traduise en contrats pour les entreprises fran\u00e7aises. Au Vietnam, des accords pour neuf milliards d&rsquo;euros ont \u00e9t\u00e9 conclus, selon le pr\u00e9sident fran\u00e7ais, notamment par l&rsquo;avionneur Airbus, tandis que des signatures sont pr\u00e9vues en Indon\u00e9sie en mati\u00e8re de d\u00e9fense.<\/p>\n\n\n\n<p>L\u2019<strong>Indon\u00e9sie<\/strong>\u00a0a d\u00e9j\u00e0 achet\u00e9 deux sous-marins Scorpene et 42 rafales. Des questions se posent en Indon\u00e9sie sur les capacit\u00e9s de l\u2019avion apr\u00e8s que le Pakistan affirme en avoir abattu trois. Une affaire qui reste floue, sans \u00e9claircissement officiel de l\u2019\u00c9lys\u00e9e. M\u00eame si on imagine que le ministre de la D\u00e9fense S\u00e9bastien Lecornu viendra rassurer ses partenaires indon\u00e9siens.<\/p>\n\n\n\n<p>Des accords vont \u00eatre sign\u00e9 dans ce domaine mais aussi dans l\u2019\u00e9nergie et les minerais critiques, un autre \u00e9change avec des \u00e9tudiants est pr\u00e9vu \u00e0 Jakarta mercredi, avec certainement des questions sur la guerre \u00e0 Gaza, sujet central dans le pays musulman le plus peupl\u00e9 au monde.<\/p>\n\n\n\n<blockquote class=\"wp-block-quote is-layout-flow wp-block-quote-is-layout-flow\">\n<p>Durant ces 90 jours, les usines de confection, comme les n\u00f4tres, doivent intensifier le travail, faire des heures suppl\u00e9mentaires, \u00e9tendre les horaires pour finaliser avant juillet les commandes d\u00e9j\u00e0 sign\u00e9es en urgence.<\/p>\n<\/blockquote>\n\n\n\n<p><\/p>\n","protected":false},"excerpt":{"rendered":"<p>Apr\u00e8s la signature de neuf milliards d&rsquo;euros de contrats commerciaux lundi, le pr\u00e9sident fran\u00e7ais avait ce mardi 27 mai rendez-vous<\/p>\n","protected":false},"author":1,"featured_media":57274,"comment_status":"open","ping_status":"open","sticky":false,"template":"","format":"standard","meta":{"footnotes":""},"categories":[51],"tags":[],"class_list":["post-57273","post","type-post","status-publish","format-standard","has-post-thumbnail","hentry","category-general"],"_links":{"self":[{"href":"https:\/\/dekkbi.com\/index.php?rest_route=\/wp\/v2\/posts\/57273","targetHints":{"allow":["GET"]}}],"collection":[{"href":"https:\/\/dekkbi.com\/index.php?rest_route=\/wp\/v2\/posts"}],"about":[{"href":"https:\/\/dekkbi.com\/index.php?rest_route=\/wp\/v2\/types\/post"}],"author":[{"embeddable":true,"href":"https:\/\/dekkbi.com\/index.php?rest_route=\/wp\/v2\/users\/1"}],"replies":[{"embeddable":true,"href":"https:\/\/dekkbi.com\/index.php?rest_route=%2Fwp%2Fv2%2Fcomments&post=57273"}],"version-history":[{"count":2,"href":"https:\/\/dekkbi.com\/index.php?rest_route=\/wp\/v2\/posts\/57273\/revisions"}],"predecessor-version":[{"id":57283,"href":"https:\/\/dekkbi.com\/index.php?rest_route=\/wp\/v2\/posts\/57273\/revisions\/57283"}],"wp:featuredmedia":[{"embeddable":true,"href":"https:\/\/dekkbi.com\/index.php?rest_route=\/wp\/v2\/media\/57274"}],"wp:attachment":[{"href":"https:\/\/dekkbi.com\/index.php?rest_route=%2Fwp%2Fv2%2Fmedia&parent=57273"}],"wp:term":[{"taxonomy":"category","embeddable":true,"href":"https:\/\/dekkbi.com\/index.php?rest_route=%2Fwp%2Fv2%2Fcategories&post=57273"},{"taxonomy":"post_tag","embeddable":true,"href":"https:\/\/dekkbi.com\/index.php?rest_route=%2Fwp%2Fv2%2Ftags&post=57273"}],"curies":[{"name":"wp","href":"https:\/\/api.w.org\/{rel}","templated":true}]}}