{"id":5724,"date":"2023-01-03T12:29:33","date_gmt":"2023-01-03T12:29:33","guid":{"rendered":"https:\/\/dekkbi.com\/?p=5724"},"modified":"2023-01-03T13:49:24","modified_gmt":"2023-01-03T13:49:24","slug":"quand-cest-en-afrique-vous-etes-moins-atteints-les-propos-domar-sy-sur-la-guerre-en-ukraine-provoquent-un-tolle","status":"publish","type":"post","link":"https:\/\/dekkbi.com\/?p=5724","title":{"rendered":"\u201cQuand c\u2019est en Afrique, vous \u00eates moins atteints?\u201d: les propos d\u2019Omar Sy sur la guerre en Ukraine provoquent un toll\u00e9"},"content":{"rendered":"\n<p>Omar Sy d\u00e9bute l\u2019ann\u00e9e 2023 avec une pol\u00e9mique. Dans une interview publi\u00e9e ce dimanche 1er janvier dans les colonnes du Parisien, le c\u00e9l\u00e8bre acteur s\u2019est \u00e9tonn\u00e9 que la guerre en Ukraine touche autant de monde en France, affirmant ensuite: \u201cQuand c\u2019est en Afrique, vous \u00eates moins atteints?\u201d Une d\u00e9claration controvers\u00e9e qui a fait r\u00e9agir plusieurs personnalit\u00e9s politiques fran\u00e7aises<a href=\"https:\/\/www.facebook.com\/sharer\/sharer.php?u=https%3A%2F%2Fwww.7sur7.be%2Fpeople%2Fquand-cest-en-afrique-vous-etes-moins-atteints-les-propos-domar-sy-sur-la-guerre-en-ukraine-provoquent-un-tolle%7Ea70569c4%2F%3Futm_source%3Dfacebook%26utm_medium%3Dsocial%26utm_campaign%3Dsocialsharing_web\"><\/a><a href=\"http:\/\/twitter.com\/share?text=%E2%80%9CQuand+c%E2%80%99est+en+Afrique%2C+vous+%C3%AAtes+moins+atteints%3F%E2%80%9D%3A+les+propos+d%E2%80%99Omar+Sy+sur+la+guerre+en+Ukraine+provoquent+un+toll%C3%A9&amp;url=https%3A%2F%2Fwww.7sur7.be%2Fpeople%2Fquand-cest-en-afrique-vous-etes-moins-atteints-les-propos-domar-sy-sur-la-guerre-en-ukraine-provoquent-un-tolle%7Ea70569c4%2F%3Futm_source%3Dtwitter%26utm_medium%3Dsocial%26utm_campaign%3Dsocialsharing_web\"><\/a><\/p>\n\n\n\n<p>\u00c0 l\u2019occasion de la sortie de son nouveau film \u201cTirailleurs\u201d, qui aborde le r\u00f4le des tirailleurs s\u00e9n\u00e9galais dans la Premi\u00e8re Guerre mondiale, Omar Sy a accord\u00e9&nbsp;une interview au Parisien, publi\u00e9e ce dimanche 1er janvier. Interrog\u00e9 entre autres sur la guerre en Ukraine, le c\u00e9l\u00e8bre acteur s\u2019est dit \u00e9tonn\u00e9 que les Fran\u00e7ais se sentent plus concern\u00e9s par ce conflit que par ceux qui se d\u00e9roulent en Afrique. \u201cJe suis surpris que les gens soient si atteints. \u00c7a veut dire que quand c\u2019est en Afrique, vous \u00eates moins atteints\u201d, a notamment d\u00e9clar\u00e9 le com\u00e9dien de 44 ans.<\/p>\n\n\n\n<p>\u201cMoi, je me sens menac\u00e9 de la m\u00eame mani\u00e8re quand c\u2019est en Iran ou en Ukraine. Une guerre, c\u2019est l\u2019humanit\u00e9 qui sombre, m\u00eame quand c\u2019est \u00e0 l\u2019autre bout du monde\u201d, a-t-il ajout\u00e9. \u201cQuand c\u2019est loin, on se dit que \u2018l\u00e0-bas, ce sont des sauvages, nous, on ne fait plus \u00e7a\u2019. Comme le Covid, au d\u00e9but, on a dit: \u2018Ce sont seulement les Chinois\u2019.\u201d Omar Sy a ensuite soulign\u00e9: \u201cOn se rappelle que l\u2019homme est capable d\u2019envahir, d\u2019attaquer des civils, des enfants. On a l\u2019impression qu\u2019il faut attendre l\u2019Ukraine pour s\u2019en rendre compte.\u201d<\/p>\n\n\n\n<h2 class=\"wp-block-heading\">Toll\u00e9<\/h2>\n\n\n\n<p>Des propos qui ont provoqu\u00e9 un v\u00e9ritable toll\u00e9 en France, faisant r\u00e9agir de nombreux internautes et politiques fran\u00e7ais. \u201cIl y a 58 militaires fran\u00e7ais qui sont morts au Sahel en luttant contre les djihadistes. Non, Omar Sy, les Fran\u00e7ais ne sont pas moins atteints par ce qui se passe en Afrique. Certains ont donn\u00e9 leur vie pour que les Maliens cessent d\u2019\u00eatre menac\u00e9s par des terroristes\u201d, a affirm\u00e9 sur Twitter Nathalie Loiseau, ancienne ministre charg\u00e9e des Affaires europ\u00e9ennes et d\u00e9put\u00e9e europ\u00e9enne.<\/p>\n\n\n\n<p><sub>(la suite ci-dessous)<\/sub><\/p>\n\n\n\n<p><\/p>\n\n\n\n<p>\u201cC\u2019est un exil\u00e9 fiscal, peut-\u00eatre que lui n\u2019est pas touch\u00e9 par la pauvret\u00e9 des Fran\u00e7ais\u201d, a lanc\u00e9 sur RMC Charles Consigny, candidat LR perdant dans les Yvelines. \u201c Il n\u00e9glige de reverser (aux Fran\u00e7ais) une partie de ses revenus\u201d, a-t-il ajout\u00e9, soulignant ensuite que le film \u201cTirailleurs\u201d participerait aussi \u00e0 sa mani\u00e8re \u201c\u00e0 l\u2019entreprise id\u00e9ologique du cin\u00e9ma fran\u00e7ais\u201d.<\/p>\n\n\n\n<p><sub>(la suite ci-dessous)<\/sub><\/p>\n\n\n\n<p>Interrog\u00e9 sur BFM TV, le d\u00e9put\u00e9 de l\u2019Yonne et porte-parole du Rassemblement national, Julien Odoul, a d\u00e9nonc\u00e9 une \u201cindignation s\u00e9lective\u201d, avant d\u2019affirmer que l\u2019acteur n\u2019avait \u201caucune le\u00e7on \u00e0 donner\u201d. \u201cIl oublie aussi un d\u00e9tail: les guerres africaines atteignent les Fran\u00e7ais.\u201d<\/p>\n\n\n\n<h2 class=\"wp-block-heading\">\u201cPas lieu de faire une pol\u00e9mique\u201d<\/h2>\n\n\n\n<p>Pour Michel Goya, conseiller sur le film d\u2019Omar Sy, \u201cil n\u2019y a pas lieu de faire une pol\u00e9mique\u201d sur les propos de l\u2019acteur. \u201cQuand Omar Sy dit que les conflits en Afrique nous atteignent moins, c\u2019est une r\u00e9alit\u00e9. (&#8230;) Il y a un conflit en \u00c9thiopie depuis deux ans, qui a fait plus de morts qu\u2019en Ukraine, et on en parle assez peu. De nombreux Fran\u00e7ais ne savent m\u00eame pas qu&rsquo;il y a un conflit. C\u2019est de \u00e7a dont il veut parler\u201d, a-t-il argument\u00e9 au micro de BFM TV.<\/p>\n\n\n\n<p><sub>(la suite ci-dessous)<\/sub><\/p>\n\n\n\n<p>Bruno Tertrais, d\u00e9put\u00e9 directeur du FRS (Fondation pour la recherche strat\u00e9gique), a \u00e9galement nuanc\u00e9 les propos de l\u2019acteur. \u201cOui, et c\u2019est parfaitement humain. De m\u00eame que les Congolais se sentaient plus atteints par les conflits du Kivu que par ceux de Yougoslavie\u201d, a-t-il d\u00e9clar\u00e9 sur Twitter.<\/p>\n\n\n\n<p><\/p>\n","protected":false},"excerpt":{"rendered":"<p>Omar Sy d\u00e9bute l\u2019ann\u00e9e 2023 avec une pol\u00e9mique. Dans une interview publi\u00e9e ce dimanche 1er janvier dans les colonnes du<\/p>\n","protected":false},"author":1,"featured_media":5186,"comment_status":"open","ping_status":"open","sticky":false,"template":"","format":"standard","meta":{"footnotes":""},"categories":[51],"tags":[],"class_list":["post-5724","post","type-post","status-publish","format-standard","has-post-thumbnail","hentry","category-general"],"_links":{"self":[{"href":"https:\/\/dekkbi.com\/index.php?rest_route=\/wp\/v2\/posts\/5724","targetHints":{"allow":["GET"]}}],"collection":[{"href":"https:\/\/dekkbi.com\/index.php?rest_route=\/wp\/v2\/posts"}],"about":[{"href":"https:\/\/dekkbi.com\/index.php?rest_route=\/wp\/v2\/types\/post"}],"author":[{"embeddable":true,"href":"https:\/\/dekkbi.com\/index.php?rest_route=\/wp\/v2\/users\/1"}],"replies":[{"embeddable":true,"href":"https:\/\/dekkbi.com\/index.php?rest_route=%2Fwp%2Fv2%2Fcomments&post=5724"}],"version-history":[{"count":3,"href":"https:\/\/dekkbi.com\/index.php?rest_route=\/wp\/v2\/posts\/5724\/revisions"}],"predecessor-version":[{"id":5728,"href":"https:\/\/dekkbi.com\/index.php?rest_route=\/wp\/v2\/posts\/5724\/revisions\/5728"}],"wp:featuredmedia":[{"embeddable":true,"href":"https:\/\/dekkbi.com\/index.php?rest_route=\/wp\/v2\/media\/5186"}],"wp:attachment":[{"href":"https:\/\/dekkbi.com\/index.php?rest_route=%2Fwp%2Fv2%2Fmedia&parent=5724"}],"wp:term":[{"taxonomy":"category","embeddable":true,"href":"https:\/\/dekkbi.com\/index.php?rest_route=%2Fwp%2Fv2%2Fcategories&post=5724"},{"taxonomy":"post_tag","embeddable":true,"href":"https:\/\/dekkbi.com\/index.php?rest_route=%2Fwp%2Fv2%2Ftags&post=5724"}],"curies":[{"name":"wp","href":"https:\/\/api.w.org\/{rel}","templated":true}]}}